{"id":158882,"date":"2025-06-07T17:00:15","date_gmt":"2025-06-07T17:00:15","guid":{"rendered":"https:\/\/www.europesays.com\/fr\/158882\/"},"modified":"2025-06-07T17:00:15","modified_gmt":"2025-06-07T17:00:15","slug":"quinte-du-dimanche-8-juin-2025-a-longchamp-les-pronostics","status":"publish","type":"post","link":"https:\/\/www.europesays.com\/fr\/158882\/","title":{"rendered":"Quint\u00e9 du dimanche 8 juin 2025 \u00e0 Longchamp : les pronostics"},"content":{"rendered":"<p class=\"article-p mdl\">Retrouvez les pronostics de Dominique Cordier pour le Quint\u00e9 du dimanche 8 juin 2025 \u00e0 Longchamp, le Prix du Palais des Glaces. <strong>D\u00e9part \u00e0 15h15. 16 partantes. Tirelire de 1.000.000 euros. <\/strong>Plat. Handicap. 1.600 m\u00e8tres. Grande piste. Terrain tr\u00e8s souple. Juments de 4 ans et plus.\n<\/p>\n<p class=\"article-p mdl\">Voil\u00e0 une belle course pour le <strong>3 Avenue Montaigne<\/strong>, qui reste sur trois accessits d\u2019honneur d\u2019affil\u00e9e. L\u2019assouplissement de la piste plaide en sa faveur, le num\u00e9ro \u00e0 la corde (15) moins. Mais elle reste la jument \u00e0 battre.\n<\/p>\n<p class=\"article-p mdl\">Le<strong> 5 Alva<\/strong> est en forme et appr\u00e9ciera \u00e9galement l\u2019\u00e9tat de la piste, tout comme le <strong>9 Aversa<\/strong>, qui vient de bien se comporter dans une deuxi\u00e8me \u00e9preuve de handicap qui n\u2019\u00e9tait \u00e9videmment pas son objectif. C\u2019est l\u2019outsider de RTL.\n<\/p>\n<p class=\"article-p mdl\">Le <strong>11 Allure<\/strong> est une chance r\u00e9guli\u00e8re, tandis que le <strong>10 True Value <\/strong>devrait rapidement \u00eatre point\u00e9e en t\u00eate et pourrait a minima conserver un bel accessit.\n<\/p>\n<p class=\"article-p mdl\">Attention au top-weight, le <strong>1 Divine Chrisnat<\/strong>, battue en dernier lieu \u00e0 l\u2019issue d\u2019un mauvais parcours donn\u00e9 par son jeune jockey. En \u00e9tant moins pr\u00e9somptueuse, elle pourrait encore surprendre \u00e0 ce niveau.<\/p>\n<p>            Les pronostics<\/p>\n<p class=\"article-p mdl\">\n<p>3. Avenue Montaigne&#13;<br \/>5. Alva&#13;<br \/>9. Aversa&#13;<br \/>11. Allurre&#13;<br \/>1. Divine Chrisnat&#13;<br \/>10. True Value&#13;<br \/>6. Qualixia<\/p>\n<p>            L&rsquo;outsider de RTL<\/p>\n<p class=\"article-p mdl\">9. Aversa<\/p>\n<p>            R\u00e9sultats du vendredi 6 juin 2025 en nocturne \u00e0 Vincennes<\/p>\n<p class=\"article-p mdl\">Le favori de RTL gagne facilement, l\u2019outsider de RTL se classe 7e. La s\u00e9lection indique le Quart\u00e9. <\/p>\n<p>    La r\u00e9daction vous recommande<\/p>\n<p class=\"s-newsletter__title\">\n                L\u2019actualit\u00e9 par la r\u00e9daction de RTL dans votre bo\u00eete mail.\n            <\/p>\n<p class=\"s-newsletter__subtitle\">\n                Gr\u00e2ce \u00e0 votre compte RTL abonnez-vous \u00e0 la newsletter RTL info pour suivre toute l&rsquo;actualit\u00e9 au quotidien\n            <\/p>\n<p>\n                                    Lire la suite\n                                <\/p>\n","protected":false},"excerpt":{"rendered":"Retrouvez les pronostics de Dominique Cordier pour le Quint\u00e9 du dimanche 8 juin 2025 \u00e0 Longchamp, le Prix&hellip;\n","protected":false},"author":2,"featured_media":3836,"comment_status":"","ping_status":"","sticky":false,"template":"","format":"standard","meta":{"footnotes":""},"categories":[1888],"tags":[11,2621,2622,2620,1777,674,107,2619,1011,27,12,626,2623,25],"class_list":{"0":"post-158882","1":"post","2":"type-post","3":"status-publish","4":"format-standard","5":"has-post-thumbnail","7":"category-paris","8":"tag-actualites","9":"tag-chevaux","10":"tag-courses","11":"tag-courses-de-trot","12":"tag-eu","13":"tag-europe","14":"tag-fil-info","15":"tag-fil-sport","16":"tag-fr","17":"tag-france","18":"tag-news","19":"tag-paris","20":"tag-quinte","21":"tag-republique-francaise"},"share_on_mastodon":{"url":"https:\/\/pubeurope.com\/@fr\/114643155251190174","error":""},"_links":{"self":[{"href":"https:\/\/www.europesays.com\/fr\/wp-json\/wp\/v2\/posts\/158882","targetHints":{"allow":["GET"]}}],"collection":[{"href":"https:\/\/www.europesays.com\/fr\/wp-json\/wp\/v2\/posts"}],"about":[{"href":"https:\/\/www.europesays.com\/fr\/wp-json\/wp\/v2\/types\/post"}],"author":[{"embeddable":true,"href":"https:\/\/www.europesays.com\/fr\/wp-json\/wp\/v2\/users\/2"}],"replies":[{"embeddable":true,"href":"https:\/\/www.europesays.com\/fr\/wp-json\/wp\/v2\/comments?post=158882"}],"version-history":[{"count":0,"href":"https:\/\/www.europesays.com\/fr\/wp-json\/wp\/v2\/posts\/158882\/revisions"}],"wp:featuredmedia":[{"embeddable":true,"href":"https:\/\/www.europesays.com\/fr\/wp-json\/wp\/v2\/media\/3836"}],"wp:attachment":[{"href":"https:\/\/www.europesays.com\/fr\/wp-json\/wp\/v2\/media?parent=158882"}],"wp:term":[{"taxonomy":"category","embeddable":true,"href":"https:\/\/www.europesays.com\/fr\/wp-json\/wp\/v2\/categories?post=158882"},{"taxonomy":"post_tag","embeddable":true,"href":"https:\/\/www.europesays.com\/fr\/wp-json\/wp\/v2\/tags?post=158882"}],"curies":[{"name":"wp","href":"https:\/\/api.w.org\/{rel}","templated":true}]}}