{"id":158885,"date":"2025-06-07T17:02:13","date_gmt":"2025-06-07T17:02:13","guid":{"rendered":"https:\/\/www.europesays.com\/fr\/158885\/"},"modified":"2025-06-07T17:02:13","modified_gmt":"2025-06-07T17:02:13","slug":"ludmila-oulitskaia-ecrivaine-ennemie-du-peuple-qui-a-fui-la-russie","status":"publish","type":"post","link":"https:\/\/www.europesays.com\/fr\/158885\/","title":{"rendered":"Ludmila Oulitska\u00efa, \u00e9crivaine \u201cennemie du peuple\u201d qui a fui la Russie"},"content":{"rendered":"<p>      <img fetchpriority=\"high\" decoding=\"async\" class=\"mx-auto\" src=\"data:image\/svg+xml,%3Csvg%20xmlns%3D%27http%3A%2F%2Fwww.w3.org%2F2000%2Fsvg%27%20fill%3D%22%23e4e4e4%22%20viewBox%3D%270%200%20510%20680%27%20width%3D%22510%22%20height%3D%22680%22%3E%3Cpath%20d%3D%27M0%200h510v680H0z%27%2F%3E%3C%2Fsvg%3E\"  loading=\"eager\" width=\"510\" height=\"680\" data-oncrawl-image-size=\"510x680\" alt=\"Ludmila Oulitska\u00efa \u00e0 Paris, en avril 2022.\"\/>      <\/p>\n<p class=\"latino-100m text-grey-600\">\n            Ludmila Oulitska\u00efa \u00e0 Paris, en avril 2022.\u00a0MANUEL BRAUN\/CONTOUR BY GETTY IMAGES        <\/p>\n<p>    Lire\u00a0plus\u00a0tard  <\/p>\n<p><a aria-label=\"Nous suivre sur Google News\" href=\"https:\/\/news.google.com\/publications\/CAAqBwgKMJe4nQkw3dFs?hl=fr&amp;gl=FR&amp;ceid=FR%3Afr\" target=\"_blank\" data-piano=\"Page_Article,Sous_date_publi,Nous_suivre_sur_google_news,1er_clic,action\" class=\"btn btn--small btn--secondary\" rel=\"nofollow noopener\"><\/p>\n<p>      Google Actualit\u00e9s<br \/>\n  <\/a><\/p>\n<p>  Partager<\/p>\n<p>        Facebook<\/p>\n<p>        Bluesky<\/p>\n<p>        E-mail<\/p>\n<p>        Copier le lien<\/p>\n<p>      Envoyer<\/p>\n<p>    Offrir\u00a0cet\u00a0article<\/p>\n<p>S\u2019abonner permet d\u2019offrir les articles \u00e0 vos proches. Et pas que\u00a0: vous pouvez les consulter et les commenter.<\/p>\n<p>    Temps de lecture\u00a0:\u00a04\u00a0min.<\/p>\n<p class=\"badge badge--content-premium latino-100b\">Abonn\u00e9<\/p>\n<p class=\"article__description latino-600m mb-8 mb-lg-30 \" data-oncrawl-chapo-length=\"183\">\n  \t  Portrait\u00a0<br \/>\n    Exil\u00e9e \u00e0 Berlin, la magnifique autrice de \u00ab\u00a0Sonietchka\u00a0\u00bb, 82 ans, publie un livre de nouvelles sur les anges qui veillent sur nous, et sur la fin du monde qu\u2019elle sent venir.<\/p>\n<p class=\"latino-500b text-grey-600\">Pour aller plus loin<\/p>\n<p class=\"node__paragraphe antonia-750r text-grey-800 pb-24 pb-md-30\">\nTrois ans qu\u2019elle a quitt\u00e9 la Russie en catastrophe. L\u2019<a href=\"https:\/\/www.nouvelobs.com\/guerre-en-ukraine\/\" rel=\"nofollow noopener\" target=\"_blank\">invasion de l\u2019Ukraine<\/a> venait de d\u00e9marrer. Et elle, Moscovite de c\u0153ur, ne savait quel parti adopter. Rester\u00a0? Partir\u00a0? \u00ab\u00a0\u00a0Mon mari et moi, nous aurions sans doute tergivers\u00e9 longtemps avant de quitter le pays. Mais mon fils est arriv\u00e9 de Londres avec des billets d\u2019avion et il nous a dit que nous avions une demi-heure pour faire nos bagages. 17,5 kilos pour moi et 17,5 kilos pour mon mari. La moiti\u00e9, c\u2019\u00e9tait des livres. Le reste, c\u2019\u00e9tait nos affaires de tous les jours.\u00a0En quittant notre appartement, je savais que c\u2019\u00e9tait pour longtemps.\u00a0\u00bb Direction Berlin, donc, o\u00f9 elle a trouv\u00e9 plus qu\u2019une r\u00e9sidence provisoire \u2013\u00a0un nouveau domicile.<\/p>\n<p class=\"node__paragraphe antonia-750r text-grey-800 pb-8\">\nLe fait est qu\u2019elle s\u2019est rapidement faite \u00e0 sa nouvelle vie. \u00ab\u00a0A Berlin, j\u2019ai des amis, je m\u00e8ne une vie normale. Je n\u2019\u00e9prouve pas de nostalgie. Les gens qui ont quitt\u00e9 la Russie il y a une centaine d\u2019ann\u00e9es r\u00eavaient tous de rentrer dans leur pays. Alors que les exil\u00e9s d\u2019aujourd\u2019hui ont envie de s\u2019installer en Europe, ils ne veulent pas rentrer. Quant \u00e0 moi, je n\u2019aurais plus grand-chose \u00e0 faire en Russie. Mes amis sont partis.\u00a0M\u00eame mes petits-en\u2026<\/p>\n<p class=\"latino-100m text-blue-400\">Article r\u00e9serv\u00e9 aux abonn\u00e9s.<\/p>\n<p>          Se connecter<\/p>\n<p class=\"text-center antonia-1850c\" style=\"margin-bottom:4px;\">Envie de lire la suite ?<\/p>\n<p class=\"text-center antonia-800c pb-15\">Tous nos articles en int\u00e9gralit\u00e9 d\u00e8s\u00a01\u20ac<\/p>\n<p>        S&rsquo;abonner<\/p>\n<p class=\"text-grey-700 or\">ou<\/p>\n<p>            <img width=\"164\" height=\"20\" src=\"data:image\/svg+xml,%3Csvg%20xmlns%3D%27http%3A%2F%2Fwww.w3.org%2F2000%2Fsvg%27%20fill%3D%22%23e4e4e4%22%20viewBox%3D%270%200%20282%2054%27%20width%3D%22282%22%20height%3D%2254%22%3E%3Cpath%20d%3D%27M0%200h282v54H0z%27%2F%3E%3C%2Fsvg%3E\"  class=\"js-swg-placeholder\" alt=\"Subscribe with Google\" loading=\"lazy\" decoding=\"async\"\/><\/p>\n<p>          D\u00e9couvrir toutes nos offres<\/p>\n","protected":false},"excerpt":{"rendered":"Ludmila Oulitska\u00efa \u00e0 Paris, en avril 2022.\u00a0MANUEL BRAUN\/CONTOUR BY GETTY IMAGES Lire\u00a0plus\u00a0tard Google Actualit\u00e9s Partager Facebook Bluesky E-mail&hellip;\n","protected":false},"author":2,"featured_media":158886,"comment_status":"","ping_status":"","sticky":false,"template":"","format":"standard","meta":{"footnotes":""},"categories":[1591],"tags":[17,11,6473,14169,28996,1887,28040,28994,74,12,6283,28995,1885,1886,132,28993],"class_list":{"0":"post-158885","1":"post","2":"type-post","3":"status-publish","4":"format-standard","5":"has-post-thumbnail","7":"category-russie","8":"tag-17","9":"tag-actualites","10":"tag-bibliobs","11":"tag-completement","12":"tag-ecrivaine","13":"tag-federation-de-russie","14":"tag-fou","15":"tag-ludmila","16":"tag-monde","17":"tag-news","18":"tag-oui","19":"tag-oulitskaia","20":"tag-russia","21":"tag-russian-federation","22":"tag-russie","23":"tag-vivons"},"share_on_mastodon":{"url":"https:\/\/pubeurope.com\/@fr\/114643163192640200","error":""},"_links":{"self":[{"href":"https:\/\/www.europesays.com\/fr\/wp-json\/wp\/v2\/posts\/158885","targetHints":{"allow":["GET"]}}],"collection":[{"href":"https:\/\/www.europesays.com\/fr\/wp-json\/wp\/v2\/posts"}],"about":[{"href":"https:\/\/www.europesays.com\/fr\/wp-json\/wp\/v2\/types\/post"}],"author":[{"embeddable":true,"href":"https:\/\/www.europesays.com\/fr\/wp-json\/wp\/v2\/users\/2"}],"replies":[{"embeddable":true,"href":"https:\/\/www.europesays.com\/fr\/wp-json\/wp\/v2\/comments?post=158885"}],"version-history":[{"count":0,"href":"https:\/\/www.europesays.com\/fr\/wp-json\/wp\/v2\/posts\/158885\/revisions"}],"wp:featuredmedia":[{"embeddable":true,"href":"https:\/\/www.europesays.com\/fr\/wp-json\/wp\/v2\/media\/158886"}],"wp:attachment":[{"href":"https:\/\/www.europesays.com\/fr\/wp-json\/wp\/v2\/media?parent=158885"}],"wp:term":[{"taxonomy":"category","embeddable":true,"href":"https:\/\/www.europesays.com\/fr\/wp-json\/wp\/v2\/categories?post=158885"},{"taxonomy":"post_tag","embeddable":true,"href":"https:\/\/www.europesays.com\/fr\/wp-json\/wp\/v2\/tags?post=158885"}],"curies":[{"name":"wp","href":"https:\/\/api.w.org\/{rel}","templated":true}]}}