{"id":158902,"date":"2025-06-07T17:11:10","date_gmt":"2025-06-07T17:11:10","guid":{"rendered":"https:\/\/www.europesays.com\/fr\/158902\/"},"modified":"2025-06-07T17:11:10","modified_gmt":"2025-06-07T17:11:10","slug":"premiere-de-chevalier-cherki-en-10-mbappe-en-pointe-la-compo-probable-des-bleus","status":"publish","type":"post","link":"https:\/\/www.europesays.com\/fr\/158902\/","title":{"rendered":"premi\u00e8re de Chevalier, Cherki en 10, Mbapp\u00e9 en pointe&#8230; La compo probable des Bleus"},"content":{"rendered":"<p>Didier Deschamps devrait donner sa chance \u00e0 plusieurs joueurs dimanche (15 heures), face \u00e0 l\u2019Allemagne, lors de la petite finale de la Ligue des nations.<\/p>\n<p class=\"fig-paragraph\">Il devrait y avoir des changements. Battue en demi-finales de la\u00a0<a href=\"http:\/\/www.lefigaro.fr\/sports\/football\/ligue-des-nations\/tu-regardes-les-matches-quand-mbappe-taquine-un-journaliste-avant-allemagne-france-20250607\" data-fig-type=\"NewsFlash\" data-gtm-custom-categorie=\"navigation\" data-gtm-custom-action=\"crossclick\" data-gtm-custom-label=\"Contextuel\" data-gtm-event=\"customEventSPE\" data-fig-domain=\"LEFIGARO\" target=\"_blank\" rel=\"noopener\">Ligue des nations<\/a>\u00a0par l\u2019<a href=\"https:\/\/www.lefigaro.fr\/sports\/football\/live\/ligue-des-nations\/2024\/2491062\/espagne-france\" data-fig-type=\"Live\" data-gtm-custom-categorie=\"navigation\" data-gtm-custom-action=\"crossclick\" data-gtm-custom-label=\"Contextuel\" data-gtm-event=\"customEventSPE\" data-fig-domain=\"LEFIGARO\" target=\"_blank\" rel=\"noopener\">Espagne (5-4)<\/a>\u00a0jeudi soir, au terme d\u2019un match rythm\u00e9 et haletant, l\u2019<a href=\"http:\/\/www.lefigaro.fr\/sports\/football\/ligue-des-nations\/messieurs-les-bleus-n-oubliez-pas-la-remise-en-question-20250607\" data-fig-type=\"NewsFlash\" data-gtm-custom-categorie=\"navigation\" data-gtm-custom-action=\"crossclick\" data-gtm-custom-label=\"Contextuel\" data-gtm-event=\"customEventSPE\" data-fig-domain=\"LEFIGARO\" target=\"_blank\" rel=\"noopener\">\u00e9quipe de France<\/a>\u00a0affronte l\u2019Allemagne, ce dimanche apr\u00e8s-midi (15 heures), lors de la petite finale de la comp\u00e9tition. Un match sans grands enjeux \u2013\u00a0<a href=\"http:\/\/www.lefigaro.fr\/sports\/football\/ligue-des-nations\/l-interet-est-relatif-deschamps-ne-se-cache-pas-avant-allemagne-france-20250607\" data-fig-type=\"NewsFlash\" data-gtm-custom-categorie=\"navigation\" data-gtm-custom-action=\"crossclick\" data-gtm-custom-label=\"Contextuel\" data-gtm-event=\"customEventSPE\" data-fig-domain=\"LEFIGARO\" target=\"_blank\" rel=\"noopener\">Didier Deschamps<\/a>\u00a0a parl\u00e9 d\u2019int\u00e9r\u00eat \u00abrelatif\u00bb en conf\u00e9rence de presse \u2013 qui devrait permettre au s\u00e9lectionneur de faire quelque peu tourner, et ce d\u2019autant plus qu\u2019il est confront\u00e9 \u00e0 plusieurs forfaits avec Cl\u00e9ment Lenglet,\u00a0<a href=\"http:\/\/www.lefigaro.fr\/sports\/football\/ligue-des-nations\/ligue-des-nations-les-bleus-sans-barcola-ni-dembele-contre-l-allemagne-20250606\" data-fig-type=\"NewsFlash\" data-gtm-custom-categorie=\"navigation\" data-gtm-custom-action=\"crossclick\" data-gtm-custom-label=\"Contextuel\" data-gtm-event=\"customEventSPE\" data-fig-domain=\"LEFIGARO\" target=\"_blank\" rel=\"noopener\">Bradley Barcola et Ousmane Demb\u00e9l\u00e9<\/a>\u00a0ainsi qu\u2019\u00e0 des incertitudes avec Ibrahima Konat\u00e9, Benjamin Pavard ou encore Aur\u00e9lien Tchouam\u00e9ni.<\/p>\n<p>Chevalier dans les cages, Tchouam\u00e9ni de retour dans l\u2019entrejeu<\/p>\n<p class=\"fig-paragraph\">\u00c0 en croire les derni\u00e8res r\u00e9v\u00e9lations de\u00a0<a href=\"https:\/\/www.lequipe.fr\/Football\/Actualites\/L-equipe-de-france-en-4-2-3-1-avec-rayan-cherki-en-10-face-a-l-allemagne\/1568427\" target=\"_blank\" rel=\"nofollow noopener\" data-gtm-custom-categorie=\"navigation\" data-gtm-custom-action=\"crossclick\" data-gtm-custom-label=\"Contextuel\" data-gtm-event=\"customEventSPE\">L\u2019\u00c9quipe<\/a> \u00a0et du\u00a0<a href=\"https:\/\/www.leparisien.fr\/sports\/football\/equipe-de-france\/allemagne-france-la-composition-probable-des-bleus-avec-cherki-et-la-premiere-de-chevalier-07-06-2025-HH6IWT3TPJGTDLUBGP5SRQBAZY.php\" target=\"_blank\" rel=\"nofollow noopener\" data-gtm-custom-categorie=\"navigation\" data-gtm-custom-action=\"crossclick\" data-gtm-custom-label=\"Contextuel\" data-gtm-event=\"customEventSPE\">Parisien<\/a>, \u00abDD\u00bb \u2013 qui devrait reconduire son 4-2-3-1 \u2013 pourrait donner sa chance \u00e0 Lucas Chevalier dans les cages. Le Lillois pourrait ainsi conna\u00eetre sa premi\u00e8re s\u00e9lection. La d\u00e9fense pourrait \u00eatre totalement remani\u00e9e avec Malo Gusto sur le c\u00f4t\u00e9 droit, une charni\u00e8re Benjamin Pavard-Lucas Hernandez et Lucas Digne sur le c\u00f4t\u00e9 gauche. Aur\u00e9lien Tchouam\u00e9ni, s\u2019il est apte, pourrait retrouver sa place. Matt\u00e9o Guendouzi tiendrait \u00abla corde\u00bb pour l\u2019accompagner devant la d\u00e9fense.<\/p>\n<p class=\"fig-body-link\">\n            \u00c0 lire aussi<br \/>\n        <a class=\"fig-body-link__link\" href=\"http:\/\/www.lefigaro.fr\/sports\/football\/ligue-des-nations\/niveau-des-bleus-psg-champion-sans-lui-dembele-ballon-d-or-kylian-mbappe-sort-du-silence-20250607\" data-fig-type=\"NewsFlash\" data-gtm-custom-categorie=\"navigation\" data-gtm-custom-action=\"crossclick\" data-gtm-custom-label=\"Contextuel\" data-gtm-event=\"customEventSPE\" data-fig-domain=\"LEFIGARO\" target=\"_blank\" rel=\"noopener\">Niveau des Bleus, PSG champion sans lui, Demb\u00e9l\u00e9 Ballon d\u2019Or&#8230; Kylian Mbapp\u00e9 sort du silence<br \/>\n    <\/a>\n<\/p>\n<p>Cherki \u00e0 la cr\u00e9ation, Mbapp\u00e9 (encore) \u00e0 la finition<\/p>\n<p class=\"fig-paragraph\">Devant,\u00a0<a href=\"http:\/\/www.lefigaro.fr\/sports\/football\/transferts\/city-passe-a-l-attaque-pour-cherki-gomes-vers-l-om-chivu-a-l-inter-les-6-infos-mercato-de-ce-vendredi-20250606\" data-fig-type=\"NewsFlash\" data-gtm-custom-categorie=\"navigation\" data-gtm-custom-action=\"crossclick\" data-gtm-custom-label=\"Contextuel\" data-gtm-event=\"customEventSPE\" data-fig-domain=\"LEFIGARO\" target=\"_blank\" rel=\"noopener\">Rayan Cherki<\/a>\u00a0\u2013 \u00e9tincelant face \u00e0 la Roja \u2013 devrait d\u00e9buter au poste de meneur de jeu. Il aura pour t\u00e2che d\u2019alimenter Kylian Mbapp\u00e9 qui pourrait de nouveau \u00eatre titulaire. Randal Kolo Muani, buteur contre l\u2019Espagne, pourrait \u00eatre align\u00e9 sur le c\u00f4t\u00e9 droit tandis que l\u2019aile gauche pourrait \u00eatre occup\u00e9e par Marcus Thuram. Certains joueurs pourraient ainsi avoir une chance de briller. \u00c0 eux de la saisir parce que les occasions de se montrer en \u00e9quipe de France avant la Coupe du monde 2026 ne seront pas nombreuses.<\/p>\n<p class=\"fig-paragraph\"><strong>La composition probable des Bleus\u00a0:\u00a0<\/strong><br \/>Chevalier &#8211; Gusto, Pavard, Hernandez, Digne &#8211; Tchouam\u00e9ni, Guendouzi &#8211; Kolo Muani, Cherki, Thuram &#8211; Mbapp\u00e9<\/p>\n<p class=\"fig-paragraph\"><strong>\u00c0 VOIR AUSSI &#8211; <\/strong>Ligue des nations\u00a0: le discours positif de Kylian Mbapp\u00e9 dans le vestiaire des Bleus apr\u00e8s la d\u00e9faite contre l\u2019Espagne (5-4)<\/p>\n","protected":false},"excerpt":{"rendered":"Didier Deschamps devrait donner sa chance \u00e0 plusieurs joueurs dimanche (15 heures), face \u00e0 l\u2019Allemagne, lors de la&hellip;\n","protected":false},"author":2,"featured_media":158903,"comment_status":"","ping_status":"","sticky":false,"template":"","format":"standard","meta":{"footnotes":""},"categories":[4],"tags":[11,672,26609,828,525,8976,20532,6713,123,1011,27,6477,3022,23733,955,23734,12,6996,3280,25,1980,455],"class_list":{"0":"post-158902","1":"post","2":"type-post","3":"status-publish","4":"format-standard","5":"has-post-thumbnail","7":"category-france","8":"tag-actualites","9":"tag-allemagne","10":"tag-aurelien-tchouameni","11":"tag-belgique","12":"tag-calendrier","13":"tag-classements","14":"tag-didier-deschamps","15":"tag-equipe-de-france-de-football","16":"tag-espagne","17":"tag-fr","18":"tag-france","19":"tag-kylian-mbappe","20":"tag-ligue","21":"tag-ligue-des-nations","22":"tag-match","23":"tag-match-en-direct","24":"tag-news","25":"tag-portugal","26":"tag-rayan-cherki","27":"tag-republique-francaise","28":"tag-resultats","29":"tag-uefa"},"share_on_mastodon":{"url":"https:\/\/pubeurope.com\/@fr\/114643198572708562","error":""},"_links":{"self":[{"href":"https:\/\/www.europesays.com\/fr\/wp-json\/wp\/v2\/posts\/158902","targetHints":{"allow":["GET"]}}],"collection":[{"href":"https:\/\/www.europesays.com\/fr\/wp-json\/wp\/v2\/posts"}],"about":[{"href":"https:\/\/www.europesays.com\/fr\/wp-json\/wp\/v2\/types\/post"}],"author":[{"embeddable":true,"href":"https:\/\/www.europesays.com\/fr\/wp-json\/wp\/v2\/users\/2"}],"replies":[{"embeddable":true,"href":"https:\/\/www.europesays.com\/fr\/wp-json\/wp\/v2\/comments?post=158902"}],"version-history":[{"count":0,"href":"https:\/\/www.europesays.com\/fr\/wp-json\/wp\/v2\/posts\/158902\/revisions"}],"wp:featuredmedia":[{"embeddable":true,"href":"https:\/\/www.europesays.com\/fr\/wp-json\/wp\/v2\/media\/158903"}],"wp:attachment":[{"href":"https:\/\/www.europesays.com\/fr\/wp-json\/wp\/v2\/media?parent=158902"}],"wp:term":[{"taxonomy":"category","embeddable":true,"href":"https:\/\/www.europesays.com\/fr\/wp-json\/wp\/v2\/categories?post=158902"},{"taxonomy":"post_tag","embeddable":true,"href":"https:\/\/www.europesays.com\/fr\/wp-json\/wp\/v2\/tags?post=158902"}],"curies":[{"name":"wp","href":"https:\/\/api.w.org\/{rel}","templated":true}]}}