{"id":158910,"date":"2025-06-07T17:17:09","date_gmt":"2025-06-07T17:17:09","guid":{"rendered":"https:\/\/www.europesays.com\/fr\/158910\/"},"modified":"2025-06-07T17:17:09","modified_gmt":"2025-06-07T17:17:09","slug":"marc-marquez-remporte-le-sprint-du-gp-daragon","status":"publish","type":"post","link":"https:\/\/www.europesays.com\/fr\/158910\/","title":{"rendered":"Marc Marquez remporte le sprint du GP d&rsquo;Aragon"},"content":{"rendered":"<p><strong>L&rsquo;Espagnol Marc Marquez (Ducati) a remport\u00e9 la course sprint du GP d&rsquo;Aragon, huiti\u00e8me manche sur 22 de la saison de MotoGP, samedi sur le circuit de Motorland Aragon (5,077 km) \u00e0 Alcaniz.<\/strong><\/p>\n<p>Parti en pole position, le sextuple champion du monde MotoGP a perdu la t\u00eate au premier virage apr\u00e8s avoir manqu\u00e9 son d\u00e9part mais n&rsquo;a pas laiss\u00e9 son fr\u00e8re cadet Alex Marquez (Ducati-Gresini) s&rsquo;\u00e9chapper et a finalement repris les commandes \u00e0 la mi-course pour ne plus les l\u00e2cher.<\/p>\n<p>Fermin Aldeguer (Ducati-Gresini) compl\u00e8te un podium 100% espagnol et 100% Ducati.<\/p>\n<p>Le Catalan, dominateur depuis le d\u00e9but du week-end, a enregistr\u00e9 sa septi\u00e8me victoire en huit sprints cette saison et visera le doubl\u00e9 dimanche sur le trac\u00e9 aragonais.<\/p>\n<p>Gr\u00e2ce \u00e0 ce nouveau succ\u00e8s, il a augment\u00e9 de trois unit\u00e9s son avance sur son fr\u00e8re au championnat pour la porter \u00e0 27 points.<\/p>\n","protected":false},"excerpt":{"rendered":"L&rsquo;Espagnol Marc Marquez (Ducati) a remport\u00e9 la course sprint du GP d&rsquo;Aragon, huiti\u00e8me manche sur 22 de la&hellip;\n","protected":false},"author":2,"featured_media":158911,"comment_status":"","ping_status":"","sticky":false,"template":"","format":"standard","meta":{"footnotes":""},"categories":[1413],"tags":[1011,27,1461,1457,1456,1458,60,29001],"class_list":{"0":"post-158910","1":"post","2":"type-post","3":"status-publish","4":"format-standard","5":"has-post-thumbnail","7":"category-moto","8":"tag-fr","9":"tag-france","10":"tag-marc-marquez","11":"tag-moto","12":"tag-motocycle","13":"tag-motogp","14":"tag-sports","15":"tag-sprint-du-gp-d"},"share_on_mastodon":{"url":"https:\/\/pubeurope.com\/@fr\/114643222093181159","error":""},"_links":{"self":[{"href":"https:\/\/www.europesays.com\/fr\/wp-json\/wp\/v2\/posts\/158910","targetHints":{"allow":["GET"]}}],"collection":[{"href":"https:\/\/www.europesays.com\/fr\/wp-json\/wp\/v2\/posts"}],"about":[{"href":"https:\/\/www.europesays.com\/fr\/wp-json\/wp\/v2\/types\/post"}],"author":[{"embeddable":true,"href":"https:\/\/www.europesays.com\/fr\/wp-json\/wp\/v2\/users\/2"}],"replies":[{"embeddable":true,"href":"https:\/\/www.europesays.com\/fr\/wp-json\/wp\/v2\/comments?post=158910"}],"version-history":[{"count":0,"href":"https:\/\/www.europesays.com\/fr\/wp-json\/wp\/v2\/posts\/158910\/revisions"}],"wp:featuredmedia":[{"embeddable":true,"href":"https:\/\/www.europesays.com\/fr\/wp-json\/wp\/v2\/media\/158911"}],"wp:attachment":[{"href":"https:\/\/www.europesays.com\/fr\/wp-json\/wp\/v2\/media?parent=158910"}],"wp:term":[{"taxonomy":"category","embeddable":true,"href":"https:\/\/www.europesays.com\/fr\/wp-json\/wp\/v2\/categories?post=158910"},{"taxonomy":"post_tag","embeddable":true,"href":"https:\/\/www.europesays.com\/fr\/wp-json\/wp\/v2\/tags?post=158910"}],"curies":[{"name":"wp","href":"https:\/\/api.w.org\/{rel}","templated":true}]}}