{"id":158914,"date":"2025-06-07T17:19:10","date_gmt":"2025-06-07T17:19:10","guid":{"rendered":"https:\/\/www.europesays.com\/fr\/158914\/"},"modified":"2025-06-07T17:19:10","modified_gmt":"2025-06-07T17:19:10","slug":"cyclisme-criterium-du-dauphine-remco-evenepoel-il-y-a-une-difference-avec-2024-et","status":"publish","type":"post","link":"https:\/\/www.europesays.com\/fr\/158914\/","title":{"rendered":"Cyclisme. Crit\u00e9rium du Dauphin\u00e9 &#8211; Remco Evenepoel : \u00abIl y a une diff\u00e9rence avec 2024 et&#8230;\u00bb"},"content":{"rendered":"<p>Apr\u00e8s un retour \u00e0 la comp\u00e9tition plut\u00f4t r\u00e9ussi et rassurant en avril suite \u00e0 son d\u00e9but d&rsquo;ann\u00e9e tronqu\u00e9 et sa longue convalescence, <strong><a href=\"https:\/\/www.cyclismactu.net\/..\/news-criterium-du-dauphine-route-evenepoel-veut-se-rapprocher-pogacar-et-vingegaard-88210.html\" target=\"_blank\" rel=\"nofollow noopener\">Remco Evenepoel<\/a><\/strong> aborde LE gros objectif de sa saison pour lequel il esp\u00e8re arriver en forme et \u00e0 100% de ses moyens, avec le <strong><a href=\"https:\/\/www.cyclismactu.net\/..\/news-cyclisme-route-criterium-du-dauphine-evenepoel-pogacar-vingegaard-liste-de-depart-88093.html\" target=\"_blank\" rel=\"nofollow noopener\">Crit\u00e9rium du Dauphin\u00e9<\/a><\/strong>\u00a0\u00e0 partir de ce dimanche 8 juin avant le\u00a0<strong>Tour de France<\/strong> en juillet ! Le 3e de la Grande Boucle 2024 entend bien r\u00e9aliser un \u00e9t\u00e9 aussi r\u00e9ussi que celui de l&rsquo;an dernier, et cela passera par une belle semaine de reprise sur le <strong>Dauphin\u00e9<\/strong>, v\u00e9ritable r\u00e9p\u00e9tition g\u00e9n\u00e9rale du <strong>Tour<\/strong>\u00a0o\u00f9 il retrouvera ses deux principaux rivaux pour le maillot Jaune :\u00a0<strong>Tadej Pogacar\u00a0<\/strong>(UAE Team Emirates XRG) et\u00a0<strong><a href=\"https:\/\/www.cyclismactu.net\/..\/news-tour-de-france-route-jonas-vingegaard-tadej-pogacar-pour-etre-honnete-87945.html\" target=\"_blank\" rel=\"nofollow noopener\">Jonas Vingegaard<\/a>\u00a0<\/strong>(Team Visma | Lease a Bike). Plus d&rsquo;un mois apr\u00e8s son succ\u00e8s sur le chrono du <strong>Tour de Romandie<\/strong> et apr\u00e8s un long stage en montagne, comment se sent le Belge et quelles sont ses ambitions sur l&rsquo;\u00e9preuve fran\u00e7aise ? Le leader de la\u00a0<strong>Soudal Quick-Step<\/strong> a r\u00e9pondu \u00e0 toutes ces questions\u00a0lors d&rsquo;une\u00a0visioconf\u00e9rence de presse organis\u00e9e ce samedi \u00e0 la veille du d\u00e9part \u00e0 Dom\u00e9rat.<\/p>\n<p>Vid\u00e9o &#8211; Remco Evenepoel tr\u00e8s confiant avant le Dauphin\u00e9 2025 Lire la suite de l&rsquo;article&#13;<\/p>\n<p>\u00a0<\/p>\n<p>&#13;<br \/>\n\u00ab\u00a0J\u2019ai d\u00e9j\u00e0 la forme que j\u2019avais au Tour de France 2024&#8230; tout est meilleur que l\u2019ann\u00e9e pass\u00e9e\u00a0\u00bb&#13;<\/p>\n<p>\u00ab\u00a0Compar\u00e9 \u00e0 l\u2019ann\u00e9e pass\u00e9e, j\u2019ai un meilleur niveau. J\u2019ai d\u00e9j\u00e0 la forme que j\u2019avais au Tour de France de\u00a0l\u2019ann\u00e9e pass\u00e9e\u00a0\u00bb, a assur\u00e9 <strong>Remco Evenepoel<\/strong>, qui devrait donc pourvoir se m\u00ealer \u00e0 la lutte pour la victoire sur ce <strong>Dauphin\u00e9<\/strong>, lui qui avait termin\u00e9 7e et remport\u00e9 une \u00e9tape l&rsquo;an pass\u00e9. \u00ab\u00a0Apr\u00e8s le Tour de Romandie, j\u2019ai pris une semaine de repos et puis je suis parti en stage faire du volume et faire de la montagne. Sans oublier le chrono. On a travaill\u00e9 sur tout et sur l\u2019aspect de faire un classement g\u00e9n\u00e9ral pour le Tour. Je suis revenu \u00e0 la maison depuis une semaine et j\u2019ai fait un gros entra\u00eenement intensif. Il y a eu beaucoup d\u2019heures d\u2019entra\u00eenement. \u00c7a fait du bien d\u2019ailleurs de retrouver une condition\u00a0\u00bb, a-t-il expliqu\u00e9, heureux d&rsquo;avoir pu profiter d&rsquo;une pr\u00e9paration pleine et sans probl\u00e8me.<\/p>\n<p>&#13;<\/p>\n<p>\u00ab\u00a0Il y a une diff\u00e9rence entre\u00a02024 et cette ann\u00e9e au niveau de la forme. J\u2019ai eu deux mois sans probl\u00e8me. Je n\u2019\u00e9tais pas en meilleure forme avant les classiques et le Tour de Romandie et j\u2019ai d\u00fb faire confiance \u00e0 ma progression sans paniquer. Mais je suis bien plus confiant qu&rsquo;il y a deux mois.\u00a0Quand j\u2019ai commenc\u00e9 le stage en Sierra Nevada, \u00e7a s\u2019est bien pass\u00e9. Je suis en meilleure forme que l\u2019ann\u00e9e pass\u00e9e, c\u2019est clair. Quand on parle d\u2019effort, de poids, de sentiments, tout est meilleur que l\u2019ann\u00e9e pass\u00e9e. Ce sont des bonnes nouvelles pour le Dauphin\u00e9 et pour le Tour de France\u00a0\u00bb, s&rsquo;est r\u00e9joui le double champion olympique, qui a visiblement h\u00e2te d&rsquo;en d\u00e9coudre.<\/p>\n<p>&#13;<\/p>\n<p>\u00ab\u00a0On veut tous voir o\u00f9 l\u2019on en est et aussi o\u00f9 en sont les adversaires. Je veux voir o\u00f9 j\u2019en suis sur les cols d\u2019une heure, sur les cols de 20 minutes. Mais aussi sur les chronos. Tout le monde vient chercher ses r\u00e9ponses un mois avant le Tour. Pour le chrono, celui du Crit\u00e9rium est compl\u00e8tement diff\u00e9rent de ce qu\u2019il y aura au Tour de France.\u00a0Il sera court et explosif, autour des 20-21 minutes. Ici, ce n\u2019est pas vraiment pour les sp\u00e9cialistes. Un bon grimpeur qui sait rouler sera faire aussi un r\u00e9sultat. Le chrono du Crit\u00e9rium ne sera pas d\u00e9terminant cette ann\u00e9e pour la victoire finale. Mais c\u2019est clair qu\u2019on va tenter notre chance et aller chercher la victoire\u00a0\u00bb, a clam\u00e9 le champion du monde de la discipline.<\/p>\n","protected":false},"excerpt":{"rendered":"Apr\u00e8s un retour \u00e0 la comp\u00e9tition plut\u00f4t r\u00e9ussi et rassurant en avril suite \u00e0 son d\u00e9but d&rsquo;ann\u00e9e tronqu\u00e9&hellip;\n","protected":false},"author":2,"featured_media":158915,"comment_status":"","ping_status":"","sticky":false,"template":"","format":"standard","meta":{"footnotes":""},"categories":[1411],"tags":[24803,1154,207,211,1011,27,209,60,210,212,208,213],"class_list":{"0":"post-158914","1":"post","2":"type-post","3":"status-publish","4":"format-standard","5":"has-post-thumbnail","7":"category-cyclisme","8":"tag-criterium-du-dauphine","9":"tag-cycling","10":"tag-cyclisme","11":"tag-ffc","12":"tag-fr","13":"tag-france","14":"tag-route","15":"tag-sports","16":"tag-tour-de-france","17":"tag-uci","18":"tag-velo","19":"tag-world-tour"},"share_on_mastodon":{"url":"https:\/\/pubeurope.com\/@fr\/114643229961372414","error":""},"_links":{"self":[{"href":"https:\/\/www.europesays.com\/fr\/wp-json\/wp\/v2\/posts\/158914","targetHints":{"allow":["GET"]}}],"collection":[{"href":"https:\/\/www.europesays.com\/fr\/wp-json\/wp\/v2\/posts"}],"about":[{"href":"https:\/\/www.europesays.com\/fr\/wp-json\/wp\/v2\/types\/post"}],"author":[{"embeddable":true,"href":"https:\/\/www.europesays.com\/fr\/wp-json\/wp\/v2\/users\/2"}],"replies":[{"embeddable":true,"href":"https:\/\/www.europesays.com\/fr\/wp-json\/wp\/v2\/comments?post=158914"}],"version-history":[{"count":0,"href":"https:\/\/www.europesays.com\/fr\/wp-json\/wp\/v2\/posts\/158914\/revisions"}],"wp:featuredmedia":[{"embeddable":true,"href":"https:\/\/www.europesays.com\/fr\/wp-json\/wp\/v2\/media\/158915"}],"wp:attachment":[{"href":"https:\/\/www.europesays.com\/fr\/wp-json\/wp\/v2\/media?parent=158914"}],"wp:term":[{"taxonomy":"category","embeddable":true,"href":"https:\/\/www.europesays.com\/fr\/wp-json\/wp\/v2\/categories?post=158914"},{"taxonomy":"post_tag","embeddable":true,"href":"https:\/\/www.europesays.com\/fr\/wp-json\/wp\/v2\/tags?post=158914"}],"curies":[{"name":"wp","href":"https:\/\/api.w.org\/{rel}","templated":true}]}}