{"id":158918,"date":"2025-06-07T17:21:12","date_gmt":"2025-06-07T17:21:12","guid":{"rendered":"https:\/\/www.europesays.com\/fr\/158918\/"},"modified":"2025-06-07T17:21:12","modified_gmt":"2025-06-07T17:21:12","slug":"musk-supprime-un-post-incriminant-trump-dans-laffaire-epstein-actualites","status":"publish","type":"post","link":"https:\/\/www.europesays.com\/fr\/158918\/","title":{"rendered":"Musk supprime un post incriminant Trump dans l&rsquo;affaire Epstein : Actualit\u00e9s"},"content":{"rendered":"<p class=\"lead \">Le multimilliardaire Elon Musk a supprim\u00e9 un post sur X publi\u00e9 au plus fort de sa dispute avec le pr\u00e9sident am\u00e9ricain Donald Trump, dans lequel il l&rsquo;accusait d&rsquo;\u00eatre impliqu\u00e9 dans l&rsquo;affaire Jeffrey Epstein, du nom d&rsquo;un financier accus\u00e9 d&rsquo;exploitation sexuelle de mineures.<\/p>\n<p class=\"lead \">\u00ab\u00a0Il est temps de l\u00e2cher la grosse bombe: (Trump) est dans les dossiers Epstein\u00a0\u00bb, avait post\u00e9 jeudi le richissime entrepreneur sur le r\u00e9seau social X, qu&rsquo;il poss\u00e8de, au moment o\u00f9 ses d\u00e9saccords avec le r\u00e9publicain d\u00e9g\u00e9n\u00e9raient en violente prise de bec publique.<\/p>\n<p class=\"lead \">\u00ab\u00a0C&rsquo;est la v\u00e9ritable raison pour laquelle ils n&rsquo;ont pas \u00e9t\u00e9 rendus publics\u00a0\u00bb, avait-il poursuivi, souhaitant sur un ton ironique et acerbe une \u00ab\u00a0bonne journ\u00e9e\u00a0\u00bb au pr\u00e9sident.<\/p>\n<p class=\"lead \">En r\u00e9ponse, la Maison Blanche s&rsquo;est content\u00e9e de qualifier ces attaques de \u00ab\u00a0regrettables\u00a0\u00bb, le pr\u00e9sident am\u00e9ricain disant pour sa part penser que l&rsquo;entrepreneur avait \u00ab\u00a0compl\u00e8tement perdu les p\u00e9dales\u00a0\u00bb.<\/p>\n<p class=\"lead \">L&rsquo;homme le plus riche du monde n&rsquo;a pas apport\u00e9 de preuve \u00e0 ses accusations, mais il a republi\u00e9 une vid\u00e9o datant de 1992 dans laquelle Donald Trump et Jeffrey Epstein semblent plaisanter lors d&rsquo;une soir\u00e9e.<\/p>\n<p class=\"lead \">Ces messages n&rsquo;\u00e9taient plus visibles sur son compte samedi matin.<\/p>\n<p class=\"lead \">D&rsquo;autres posts \u00e9crits ou partag\u00e9s par le milliardaire, dont l&rsquo;un appelait \u00e0 destituer Donald Trump, ont \u00e9galement \u00e9t\u00e9 supprim\u00e9s.<\/p>\n<p class=\"lead \">L&rsquo;histoire de Jeffrey Epstein, un financier am\u00e9ricain au coeur d&rsquo;un vaste scandale international de crimes et d&rsquo;exploitation sexuels qui s&rsquo;est suicid\u00e9 en prison en 2019 avant d&rsquo;\u00eatre jug\u00e9, alimente de nombreuses th\u00e9ories complotistes et obs\u00e8de une partie de la droite radicale am\u00e9ricaine.<\/p>\n<p class=\"lead \">Le gouvernement de Donald Trump s&rsquo;est engag\u00e9 \u00e0 \u00ab\u00a0lever le voile\u00a0\u00bb sur cette affaire \u00ab\u00a0r\u00e9pugnante\u00a0\u00bb et a rendu public en f\u00e9vrier de nombreux documents du dossier, mais pas son enti\u00e8ret\u00e9.<\/p>\n<p class=\"lead \">Selon certains partisans du pr\u00e9sident r\u00e9publicain, des c\u00e9l\u00e9brit\u00e9s et des personnalit\u00e9s politiques proches d&rsquo;Epstein seraient impliqu\u00e9es. <\/p>\n<p class=\"lead \">Si les liens amicaux pass\u00e9s entre ce dernier et Donald Trump sont connus depuis longtemps, le pr\u00e9sident am\u00e9ricain a toujours ni\u00e9 avoir pass\u00e9 du temps dans la propri\u00e9t\u00e9 d&rsquo;Epstein sur les \u00eeles Vierges am\u00e9ricaines o\u00f9, selon les procureurs, le financier se livrait \u00e0 un trafic sexuel avec des jeunes filles mineures.<\/p>\n<p class=\"lead \">Donald Trump, qui \u00e9tait le voisin d&rsquo;Epstein en Floride et \u00e0 New York, l&rsquo;avait qualifi\u00e9 au d\u00e9but des ann\u00e9es 2000 de \u00ab\u00a0type formidable\u00a0\u00bb. \u00ab\u00a0C&rsquo;est tr\u00e8s amusant d&rsquo;\u00eatre avec lui. Il se dit m\u00eame qu&rsquo;il aime les belles femmes autant que moi, et beaucoup d&rsquo;entre elles sont tr\u00e8s jeunes\u00a0\u00bb, avait-il d\u00e9clar\u00e9 au New York Magazine.<\/p>\n<p class=\"lead \">En 2024, une juge de New York avait d\u00e9voil\u00e9 des noms de contacts, connaissances, proches, victimes ou complices pr\u00e9sum\u00e9s de Jeffrey Epstein, parmi lesquels figuraient Donald Trump ou l&rsquo;ancien pr\u00e9sident d\u00e9mocrate Bill Clinton &#8211; sans mention du moindre comportement ill\u00e9gal ou r\u00e9pr\u00e9hensible de leur part.<\/p>\n<p class=\"lead \">Si Donald Trump et Elon Musk ne semblent pas pr\u00eats de se rabibocher apr\u00e8s leur rupture, dont les cons\u00e9quences politiques et \u00e9conomiques pourraient \u00eatre lourdes, la situation a sembl\u00e9 quelque peu s&rsquo;apaiser vendredi en fin de journ\u00e9e.<\/p>\n<p class=\"lead \">\u00ab\u00a0Je lui souhaite juste bonne chance\u00a0\u00bb, a d\u00e9clar\u00e9 le pr\u00e9sident \u00e0 la presse, M. Musk r\u00e9pondant sur X: \u00ab\u00a0De m\u00eame\u00a0\u00bb.<\/p>\n<p class=\"small font-weight-bold text-gray3 \"> publi\u00e9 le 7 juin \u00e0 17h48, AFP<\/p>\n<p>                             Partager<\/p>\n","protected":false},"excerpt":{"rendered":"Le multimilliardaire Elon Musk a supprim\u00e9 un post sur X publi\u00e9 au plus fort de sa dispute avec&hellip;\n","protected":false},"author":2,"featured_media":158919,"comment_status":"","ping_status":"","sticky":false,"template":"","format":"standard","meta":{"footnotes":""},"categories":[1359],"tags":[1120,271,58,59,1011,27,418,973,316,308],"class_list":{"0":"post-158918","1":"post","2":"type-post","3":"status-publish","4":"format-standard","5":"has-post-thumbnail","7":"category-people","8":"tag-agression","9":"tag-crime","10":"tag-divertissement","11":"tag-entertainment","12":"tag-fr","13":"tag-france","14":"tag-gouvernement","15":"tag-people","16":"tag-politique","17":"tag-usa"},"share_on_mastodon":{"url":"https:\/\/pubeurope.com\/@fr\/114643237785902477","error":""},"_links":{"self":[{"href":"https:\/\/www.europesays.com\/fr\/wp-json\/wp\/v2\/posts\/158918","targetHints":{"allow":["GET"]}}],"collection":[{"href":"https:\/\/www.europesays.com\/fr\/wp-json\/wp\/v2\/posts"}],"about":[{"href":"https:\/\/www.europesays.com\/fr\/wp-json\/wp\/v2\/types\/post"}],"author":[{"embeddable":true,"href":"https:\/\/www.europesays.com\/fr\/wp-json\/wp\/v2\/users\/2"}],"replies":[{"embeddable":true,"href":"https:\/\/www.europesays.com\/fr\/wp-json\/wp\/v2\/comments?post=158918"}],"version-history":[{"count":0,"href":"https:\/\/www.europesays.com\/fr\/wp-json\/wp\/v2\/posts\/158918\/revisions"}],"wp:featuredmedia":[{"embeddable":true,"href":"https:\/\/www.europesays.com\/fr\/wp-json\/wp\/v2\/media\/158919"}],"wp:attachment":[{"href":"https:\/\/www.europesays.com\/fr\/wp-json\/wp\/v2\/media?parent=158918"}],"wp:term":[{"taxonomy":"category","embeddable":true,"href":"https:\/\/www.europesays.com\/fr\/wp-json\/wp\/v2\/categories?post=158918"},{"taxonomy":"post_tag","embeddable":true,"href":"https:\/\/www.europesays.com\/fr\/wp-json\/wp\/v2\/tags?post=158918"}],"curies":[{"name":"wp","href":"https:\/\/api.w.org\/{rel}","templated":true}]}}