{"id":158920,"date":"2025-06-07T17:22:10","date_gmt":"2025-06-07T17:22:10","guid":{"rendered":"https:\/\/www.europesays.com\/fr\/158920\/"},"modified":"2025-06-07T17:22:10","modified_gmt":"2025-06-07T17:22:10","slug":"retour-sur-terre-venezuelienne-pour-crespin-et-ses-oeuvres-en-apesanteur-actualites","status":"publish","type":"post","link":"https:\/\/www.europesays.com\/fr\/158920\/","title":{"rendered":"Retour sur terre v\u00e9n\u00e9zu\u00e9lienne pour Crespin et ses \u0153uvres en apesanteur : Actualit\u00e9s"},"content":{"rendered":"<p class=\"lead \">\u00ab\u00a0Mes \u0153uvres sont une sorte de symphonie silencieuse qui s&rsquo;\u00e9coute avec les yeux\u00a0\u00bb, estime l&rsquo;artiste Elias Crespin qui expose pour la \u00ab\u00a0premi\u00e8re fois\u00a0\u00bb depuis plus de \u00ab\u00a020 ans au Venezuela\u00a0\u00bb, son pays natal, apr\u00e8s avoir connu la cons\u00e9cration internationale.<\/p>\n<p class=\"lead \">Une dizaine de ses \u00ab\u00a0sculptures \u00e9lectrocin\u00e9tiques\u00a0\u00bb, comme il les appelle, des mobiles m\u00e9talliques, paraissant se mouvoir seuls dans l&rsquo;air en apesanteur, sont d\u00e9sormais \u00e0 la Hacienda Trinidad Parque Cultural de Caracas, une ancienne ferme \u00e0 tabac reconvertie en lieu d&rsquo;expositions.<\/p>\n<p class=\"lead \">\u00ab\u00a0C&rsquo;est \u00e9mouvant (d&rsquo;exposer de nouveau au Venezuela). (&#8230;) Je me sens tr\u00e8s satisfait de cette confirmation que cela valait la peine de faire ce que je suis en train de faire au Venezuela\u00a0\u00bb, dit \u00e0 l&rsquo;AFP celui dont une cr\u00e9ation tr\u00f4ne notamment dans la Cour carr\u00e9e du Louvre.<\/p>\n<p class=\"lead \">Il est l&rsquo;h\u00e9ritier du mouvement cin\u00e9tique v\u00e9n\u00e9zu\u00e9lien de Carlos Cruz-Diez, Jesus Soto ou Juvenal Ravelo, tous pass\u00e9s par la France avant lui. Mais, il est aussi le petit-fils de Gertrud Louise Goldschmidt \u00ab\u00a0Gego\u00a0\u00bb, c\u00e9l\u00e8bre pour ses sculptures de fils m\u00e9talliques. <\/p>\n<p class=\"lead \">\u00ab\u00a0Je l&rsquo;ai d&rsquo;abord connue en tant que grand-m\u00e8re plut\u00f4t qu&rsquo;en tant qu&rsquo;artiste (&#8230;) Lorsque nous allions lui rendre visite, nous \u00e9tions en contact avec tout son processus. C&rsquo;est une r\u00e9f\u00e9rence importante pour moi en tant qu&rsquo;artiste. Pas tant l&rsquo;esth\u00e9tique ou la technique, bien que j&rsquo;aie aussi appris des choses d&rsquo;elle que j&rsquo;utilise ou que je me suis appropri\u00e9 (&#8230;) mais dans l&rsquo;activit\u00e9 d&rsquo;un artiste\u00a0\u00bb, explique-t-il.<\/p>\n<p class=\"lead \">&#8211; Programmateur &#8211;<\/p>\n<p class=\"lead \">La gen\u00e8se artistique d&rsquo;Elias Crespin remonte \u00e0 \u00ab\u00a0ses 13 ou 14 ans\u00a0\u00bb et les premiers ordinateurs \u00e0 domicile.<\/p>\n<p class=\"lead \">\u00ab\u00a0Mon p\u00e8re a ramen\u00e9 \u00e0 la maison un Apple II. J&rsquo;ai commenc\u00e9 \u00e0 ex\u00e9cuter les exemples du manuel de programmation (&#8230;) C&rsquo;est ainsi que mes premiers programmes ont vu le jour. Ceux qui figuraient parmi les exemples \u00e9taient en grande majorit\u00e9 des programmes graphiques o\u00f9 l&rsquo;on voyait alors des points sur l&rsquo;\u00e9cran et o\u00f9 l&rsquo;on changeait les couleurs\u00a0\u00bb, se souvient-il.<\/p>\n<p class=\"lead \">\u00ab\u00a0Je tra\u00e7ais des lignes dont les couleurs changeaient. Elles pouvaient \u00e9galement changer d&rsquo;inclinaison. Et ainsi, tu tra\u00e7ais une ligne d&rsquo;une certaine couleur, puis tu la supprimais et tu la dessinais l\u00e9g\u00e8rement d\u00e9plac\u00e9e, tu la supprimais \u00e0 nouveau et tu la dessinais encore un peu plus d\u00e9plac\u00e9e&#8230; C&rsquo;est de cette mani\u00e8re qu&rsquo;\u00e0 l&rsquo;\u00e9cran de l&rsquo;ordinateur, on repr\u00e9sentait un mouvement. Comme le cin\u00e9ma avec des images statiques \u00ab\u00a0, ajoute-t-il.<\/p>\n<p class=\"lead \">\u00ab\u00a0C&rsquo;est ainsi que mes \u0153uvres bougent, car au fond, je continue de faire ma version des exemples des premiers programmes que j&rsquo;ai r\u00e9alis\u00e9s lorsque j&rsquo;ai appris \u00e0 programmer\u00a0\u00bb, analyse-t-il.<\/p>\n<p class=\"lead \">Aujourd&rsquo;hui, les \u0153uvres de Crespin &#8211; accroch\u00e9es \u00e0 d&rsquo;invisibles fils de nylon &#8211; bougent gr\u00e2ce \u00e0 de petits moteurs et aux programmes informatiques r\u00e9alis\u00e9s par l&rsquo;artiste, qui a en quelque sorte&#8230; ajout\u00e9 du mouvement au cin\u00e9tisme v\u00e9n\u00e9zu\u00e9lien!<\/p>\n<p class=\"lead \">L&rsquo;id\u00e9e date de 2000, raconte-il, quand \u00ab\u00a0j&rsquo;ai vu le Cube (suspendu) de Soto (&#8230;) j&rsquo;ai eu une premi\u00e8re id\u00e9e de cr\u00e9er une \u0153uvre qui puisse avoir du mouvement. J&rsquo;ai eu l&rsquo;id\u00e9e que ces mouvements dans la m\u00e9moire de l&rsquo;ordinateur pourraient se connecter avec ce cube, un espace tridimensionnel, et permettre \u00e0 quelque chose comme ce cube de bouger\u00a0\u00bb, se souvient-il.<\/p>\n<p class=\"lead \">Deux ans plus tard lors du \u00ab\u00a0paro petrolero\u00a0\u00bb (gr\u00e8ve g\u00e9n\u00e9rale de d\u00e9cembre 2002 \u00e0 f\u00e9vrier 2003), il met son inactivit\u00e9 \u00e0 profit pour cr\u00e9er son premier prototype avec des petits moteurs d&rsquo;imprimante et de lecteur de disquette.<\/p>\n<p class=\"lead \">Le conservateur Rolando Carmona est enthousiaste et int\u00e8gre l&rsquo;\u0153uvre dans une premi\u00e8re exposition baptis\u00e9e \u00ab\u00a0Apesanteur\u00a0\u00bb. Le programmateur-bricoleur Elias Crespin vient de se transformer en artiste. <\/p>\n<p class=\"lead \">Il poursuit sur sa lanc\u00e9e rachetant des stocks de petits moteurs \u00e0 des recycleurs de mat\u00e9riel informatique pour r\u00e9aliser d&rsquo;autres \u0153uvres. Rapidement, il est demand\u00e9 \u00e0 l&rsquo;\u00e9tranger et notamment en France o\u00f9 il s&rsquo;installe pour poursuivre son processus de cr\u00e9ation. <\/p>\n<p class=\"lead \">\u00ab\u00a0Tout le m\u00e9canisme, tout l&rsquo;effort derri\u00e8re le placement des moteurs, le vissage, les math\u00e9matiques, le logiciel, la r\u00e9duction de la taille des m\u00e9canismes&#8230; Tout cela est une technique n\u00e9cessaire pour que l&rsquo;\u0153uvre fonctionne, mais ce n&rsquo;est pas l&rsquo;\u0153uvre en soi\u00a0\u00bb, souligne-t-il comme un sculpteur utilisant un burin et un marteau. \u00ab\u00a0L&rsquo;\u0153uvre, c&rsquo;est la danse de l&rsquo;objet\u00a0\u00bb.<\/p>\n<p class=\"small font-weight-bold text-gray3 \"> publi\u00e9 le 7 juin \u00e0 16h36, AFP<\/p>\n<p>                             Partager<\/p>\n","protected":false},"excerpt":{"rendered":"\u00ab\u00a0Mes \u0153uvres sont une sorte de symphonie silencieuse qui s&rsquo;\u00e9coute avec les yeux\u00a0\u00bb, estime l&rsquo;artiste Elias Crespin qui&hellip;\n","protected":false},"author":2,"featured_media":158921,"comment_status":"","ping_status":"","sticky":false,"template":"","format":"standard","meta":{"footnotes":""},"categories":[1358],"tags":[1348,1384,1385,1386,58,59,1011,27,10241,3899,337],"class_list":{"0":"post-158920","1":"post","2":"type-post","3":"status-publish","4":"format-standard","5":"has-post-thumbnail","7":"category-arts-et-design","8":"tag-arts","9":"tag-arts-and-design","10":"tag-arts-et-design","11":"tag-design","12":"tag-divertissement","13":"tag-entertainment","14":"tag-fr","15":"tag-france","16":"tag-muse","17":"tag-sculpture","18":"tag-venezuela"},"share_on_mastodon":{"url":"https:\/\/pubeurope.com\/@fr\/114643241729669022","error":""},"_links":{"self":[{"href":"https:\/\/www.europesays.com\/fr\/wp-json\/wp\/v2\/posts\/158920","targetHints":{"allow":["GET"]}}],"collection":[{"href":"https:\/\/www.europesays.com\/fr\/wp-json\/wp\/v2\/posts"}],"about":[{"href":"https:\/\/www.europesays.com\/fr\/wp-json\/wp\/v2\/types\/post"}],"author":[{"embeddable":true,"href":"https:\/\/www.europesays.com\/fr\/wp-json\/wp\/v2\/users\/2"}],"replies":[{"embeddable":true,"href":"https:\/\/www.europesays.com\/fr\/wp-json\/wp\/v2\/comments?post=158920"}],"version-history":[{"count":0,"href":"https:\/\/www.europesays.com\/fr\/wp-json\/wp\/v2\/posts\/158920\/revisions"}],"wp:featuredmedia":[{"embeddable":true,"href":"https:\/\/www.europesays.com\/fr\/wp-json\/wp\/v2\/media\/158921"}],"wp:attachment":[{"href":"https:\/\/www.europesays.com\/fr\/wp-json\/wp\/v2\/media?parent=158920"}],"wp:term":[{"taxonomy":"category","embeddable":true,"href":"https:\/\/www.europesays.com\/fr\/wp-json\/wp\/v2\/categories?post=158920"},{"taxonomy":"post_tag","embeddable":true,"href":"https:\/\/www.europesays.com\/fr\/wp-json\/wp\/v2\/tags?post=158920"}],"curies":[{"name":"wp","href":"https:\/\/api.w.org\/{rel}","templated":true}]}}