{"id":158926,"date":"2025-06-07T17:25:25","date_gmt":"2025-06-07T17:25:25","guid":{"rendered":"https:\/\/www.europesays.com\/fr\/158926\/"},"modified":"2025-06-07T17:25:25","modified_gmt":"2025-06-07T17:25:25","slug":"mort-dolivier-caillart-carla-bruni-pleure-la-disparition-de-son-ami-parti-bien-trop-tot","status":"publish","type":"post","link":"https:\/\/www.europesays.com\/fr\/158926\/","title":{"rendered":"Mort d\u2019Olivier Caillart, Carla Bruni pleure la disparition de son ami \u201cparti bien trop t\u00f4t\u201d"},"content":{"rendered":"<p>Carla Bruni a perdu un \u00eatre cher ce vendredi 6 juin. La chanteuse a pris la parole sur son compte Instagram pour rendre hommage \u00e0 Olivier Caillart, ex-patron du label de musique Barclay, quelques heures apr\u00e8s l&rsquo;annonce de sa mort.<\/p>\n<p>Le monde de la musique est en deuil. Ce vendredi 6 juin, nous avons appris le d\u00e9c\u00e8s d\u2019Olivier Caillart, une figure embl\u00e9matique de cette industrie. D\u2019abord directeur g\u00e9n\u00e9ral du label Barclay jusqu\u2019en 2014 avant d\u2019\u00eatre \u00e0 la t\u00eate du mythique label Universal Music France et de fonder Panenka Music, Olivier Caillart a accompagn\u00e9 de grands noms de la vari\u00e9t\u00e9 fran\u00e7aise et parmi eux Carla Bruni avec qui il avait tiss\u00e9 une belle amiti\u00e9 au fil des ann\u00e9es. Profond\u00e9ment attrist\u00e9e par la disparition de son ami, la chanteuse lui a rendu hommage dans une publication partag\u00e9e ce samedi 7 juin sur Instagram.<\/p>\n<p>\u00ab\u00a0Je garde pr\u00e9cieusement le souvenir de nos fous rires\u00a0\u00bb : Carla Bruni rend un hommage poignant \u00e0 son ami d\u00e9c\u00e9d\u00e9<\/p>\n<p>Le d\u00e9c\u00e8s d\u2019Olivier Caillart, c\u2019est un choc pour l\u2019industrie musicale. Boulevers\u00e9e par cette tragique nouvelle, Carla Bruni a pris la plume pour rendre un vibrant hommage \u00e0 son ami \u00ab\u00a0parti bien trop t\u00f4t\u00a0\u00bb dans une publication sur Instagram. \u00ab\u00a0Je garde en souvenir ton \u00e9nergie vibrante, ta sensibilit\u00e9 immense, ton charme et ton humour ravageur. Je garde pr\u00e9cieusement le souvenir de nos fous rires aussi, indomptables\u00a0\u00bb, \u00e9crit l\u2019auteure-compositrice et interpr\u00e8te. \u00ab\u00a0Quelle id\u00e9e de ne pas se voir chaque semaine lorsqu&rsquo;on est amis, quelle dr\u00f4le d\u2019id\u00e9e que de se croire \u00e9ternels et de penser que l\u2019on aura bien le temps de se retrouver, bient\u00f4t, mais le temps n\u2019est qu\u2019un instant et te voil\u00e0 parti\u00a0\u00bb, regrette-t-elle. <a href=\"https:\/\/www.programme-tv.net\/news\/people\/377727-cest-pas-sympa-carla-bruni-mecontente-de-la-suspension-du-compte-tiktok-de-sa-fille-giulia-sarkozy\/\" data-api-deeplink=\"teleloisirs:\/\/news\/377727\" target=\"_blank\" rel=\"noopener\">La maman de Giulia<\/a> a \u00e9galement adress\u00e9 une pens\u00e9e \u00e9mue \u00e0 la famille de ce grand homme de musique : \u00ab\u00a0Je pense \u00e0 tes trois enfants, tes trois tr\u00e9sors. Je pense \u00e0 leur m\u00e8re.\u00a0\u00bb D\u2019autres anciens collaborateurs ont \u00e9galement tenu \u00e0 rendre hommage \u00e0 Olivier Caillart.<\/p>\n<p>                        Olivier Caillart, toutes ces grandes stars avec qui il a travaill\u00e9 durant sa carri\u00e8re<\/p>\n<p>De nombreux artistes ont crois\u00e9 la route d\u2019Olivier Caillart au cours de sa carri\u00e8re. Il a accompagn\u00e9 des pointures de l\u2019industrie comme <a href=\"https:\/\/www.programme-tv.net\/biographie\/9823-paradis-vanessa\/\" data-link-people=\"20c04f56-832b-4eb2-8aae-8e47c2aa0fa6\" target=\"_blank\" rel=\"noopener\">Vanessa Paradis<\/a>, <a href=\"https:\/\/www.programme-tv.net\/biographie\/6453-bashung-alain\/\" data-link-people=\"057438b5-4430-42b1-8a91-6231951a922a\" target=\"_blank\" rel=\"noopener\">Alain Bashung<\/a>, <a href=\"https:\/\/www.programme-tv.net\/biographie\/49924-luce-renan\/\" data-link-people=\"ab8b9a4d-f6d5-4dd1-8db2-5eee3e6461a9\" target=\"_blank\" rel=\"noopener\">Renan Luce<\/a> ou encore Noir D\u00e9sir. Il a \u00e9galement sign\u00e9 des ic\u00f4nes du rock comme Saez, mais aussi de la pop comme <a href=\"https:\/\/www.programme-tv.net\/biographie\/6451-doillon-lou\/\" data-link-people=\"6cb9854a-ff94-4a02-97b7-b9fa291e4019\" target=\"_blank\" rel=\"noopener\">Lou Doillon<\/a> et <a href=\"https:\/\/www.programme-tv.net\/biographie\/142350-armanet-juliette\/\" data-link-people=\"a7f798f8-0039-4c7b-994b-f143605a7670\" target=\"_blank\" rel=\"noopener\">Juliette Armanet<\/a> ou encore du rap comme Booba. \u00ab\u00a0Son flair imparable, son grand respect des artistes et un sens unique, joyeux, du travail en \u00e9quipe ont permis \u00e0 Barclay de continuer \u00e0 marquer de son empreinte l\u2019aventure de la musique en France\u00a0\u00bb souligne le label Barclay sur son compte Instagram. Panenka Music, le label qu\u2019il avait fond\u00e9, lui a \u00e9galement exprim\u00e9 une profonde reconnaissance \u00ab\u00a0c\u2019est notre ami qui s\u2019en va, un homme \u00e0 la loyaut\u00e9 immense, mais aussi quelqu\u2019un \u00e0 qui la musique fran\u00e7aise doit beaucoup, apr\u00e8s plus de 30 ans de succ\u00e8s dans les maisons qu\u2019il a dirig\u00e9es\u00a0\u00bb, peut-on lire sur Instagram.<\/p>\n<blockquote class=\"instagram-media\" data-instgrm-captioned=\"\" data-instgrm-permalink=\"https:\/\/www.instagram.com\/p\/DKlxjyuoXhp\/?utm_source=ig_embed&amp;utm_campaign=loading\" data-instgrm-version=\"14\" style=\" background:#FFF; border:0; border-radius:3px; box-shadow:0 0 1px 0 rgba(0,0,0,0.5),0 1px 10px 0 rgba(0,0,0,0.15); margin: 1px; max-width:658px; min-width:326px; padding:0; width:99.375%; width:-webkit-calc(100% - 2px); width:calc(100% - 2px);\"\/>\n<p>        <script async src=\"\/\/www.instagram.com\/embed.js\"><\/script><\/p>\n","protected":false},"excerpt":{"rendered":"Carla Bruni a perdu un \u00eatre cher ce vendredi 6 juin. La chanteuse a pris la parole sur&hellip;\n","protected":false},"author":2,"featured_media":158927,"comment_status":"","ping_status":"","sticky":false,"template":"","format":"standard","meta":{"footnotes":""},"categories":[1355],"tags":[15511,244,58,59,1011,27,18,1361,873],"class_list":{"0":"post-158926","1":"post","2":"type-post","3":"status-publish","4":"format-standard","5":"has-post-thumbnail","7":"category-musique","8":"tag-carla-bruni-sarkozy","9":"tag-commentaire","10":"tag-divertissement","11":"tag-entertainment","12":"tag-fr","13":"tag-france","14":"tag-mort","15":"tag-music","16":"tag-musique"},"share_on_mastodon":{"url":"https:\/\/pubeurope.com\/@fr\/114643253780553169","error":""},"_links":{"self":[{"href":"https:\/\/www.europesays.com\/fr\/wp-json\/wp\/v2\/posts\/158926","targetHints":{"allow":["GET"]}}],"collection":[{"href":"https:\/\/www.europesays.com\/fr\/wp-json\/wp\/v2\/posts"}],"about":[{"href":"https:\/\/www.europesays.com\/fr\/wp-json\/wp\/v2\/types\/post"}],"author":[{"embeddable":true,"href":"https:\/\/www.europesays.com\/fr\/wp-json\/wp\/v2\/users\/2"}],"replies":[{"embeddable":true,"href":"https:\/\/www.europesays.com\/fr\/wp-json\/wp\/v2\/comments?post=158926"}],"version-history":[{"count":0,"href":"https:\/\/www.europesays.com\/fr\/wp-json\/wp\/v2\/posts\/158926\/revisions"}],"wp:featuredmedia":[{"embeddable":true,"href":"https:\/\/www.europesays.com\/fr\/wp-json\/wp\/v2\/media\/158927"}],"wp:attachment":[{"href":"https:\/\/www.europesays.com\/fr\/wp-json\/wp\/v2\/media?parent=158926"}],"wp:term":[{"taxonomy":"category","embeddable":true,"href":"https:\/\/www.europesays.com\/fr\/wp-json\/wp\/v2\/categories?post=158926"},{"taxonomy":"post_tag","embeddable":true,"href":"https:\/\/www.europesays.com\/fr\/wp-json\/wp\/v2\/tags?post=158926"}],"curies":[{"name":"wp","href":"https:\/\/api.w.org\/{rel}","templated":true}]}}