{"id":158945,"date":"2025-06-07T17:35:25","date_gmt":"2025-06-07T17:35:25","guid":{"rendered":"https:\/\/www.europesays.com\/fr\/158945\/"},"modified":"2025-06-07T17:35:25","modified_gmt":"2025-06-07T17:35:25","slug":"en-parlant-de-soi-on-peut-aussi-parler-aux-autres-et-des-autres","status":"publish","type":"post","link":"https:\/\/www.europesays.com\/fr\/158945\/","title":{"rendered":"\u00ab\u00a0En parlant de soi, on peut aussi parler aux autres et des autres\u00a0\u00bb"},"content":{"rendered":"<p>Pendant que les rang\u00e9es de chaises install\u00e9es dans la salle se remplissent peu \u00e0 peu, occup\u00e9es par des fans de tout \u00e2ge, Ambre Chalumeau, dans un coin de la librairie, parcourt ses rayons.<\/p>\n<p>Ses cheveux couleur miel ramass\u00e9s en queue-de-cheval dans un n\u0153ud rouge, chemise blanche ample sur un pantalon fonc\u00e9, elle se plie \u00e0 l\u2019exercice d\u00e9licat de l\u2019interview avant de s\u2019installer derri\u00e8re une table haute, pour \u00e9changer avec ses lecteurs, et donner envie aux autres, qui ne le sont pas encore, de tourner les 304 pages de son premier opus.<\/p>\n<blockquote class=\"question\"><p>Tous les soirs de la semaine, vous conseillez, dans Quotidien, sur TMC, une exposition, un film. Conseilleriez-vous Saint-Etienne comme destination\u00a0?<\/p><\/blockquote>\n<p>\u00ab\u00a0C\u2019est ma premi\u00e8re fois. Tout ce que j\u2019ai vu de Saint-Etienne, c\u2019est cette librairie, un tr\u00e8s beau lieu avec des libraires passionn\u00e9s, comme en attestent les mots \u00ab\u00a0coups de c\u0153ur\u00a0\u00bb sur les ouvrages, les zones th\u00e9matiques. Si j\u2019avais \u00e9t\u00e9 un enfant de Saint-Etienne, je crois que j\u2019aurais pass\u00e9 mon temps dans cet \u00e9tablissement.\u00a0\u00bb<\/p>\n<blockquote class=\"question\"><p>Votre premier roman, Les Vivants, est un vrai succ\u00e8s litt\u00e9raire. Qu\u2019a apport\u00e9 ce succ\u00e8s \u00e0 la chroniqueuse culturelle que vous \u00eates\u00a0?<\/p><\/blockquote>\n<p>\u00ab\u00a0\u00c7a m\u2019a rassur\u00e9e. J\u2019avais peur que ce ne soit qu\u2019un caprice de ma part et qu\u2019il ne plaise qu\u2019\u00e0 moi, j\u2019avais beaucoup de doutes. \u00c9tait-il l\u00e9gitime de rajouter mon livre \u00e0 une pile d\u2019autres, o\u00f9 ont d\u00e9j\u00e0 \u00e9t\u00e9 \u00e9voqu\u00e9s les th\u00e8mes que je traite\u00a0? Est-ce que les gens allaient s\u2019y retrouver\u00a0? C\u2019est r\u00e9jouissant de voir que des lecteurs de tous \u00e2ges ont pu trouver une porte d\u2019entr\u00e9e.<\/p>\n<p>Il y a une place pour \u00e9crire des livres qui parlent d\u2019amiti\u00e9, de notre \u00e9poque, du passage \u00e0 l\u2019\u00e2ge adulte, de pr\u00e9pa litt\u00e9raire, de la famille biologique, de celle qu\u2019on s\u2019est choisie. C\u2019est un livre qui cr\u00e9e des discussions. Les gens s\u2019en emparent. En parlant de soi, on peut aussi parler aux autres et des autres.\u00a0\u00bb<\/p>\n<blockquote class=\"question\"><p>Qu\u2019attendez-vous de ce type de rencontre ?<\/p><\/blockquote>\n<p>\u00ab\u00a0Ce n\u2019est que du bonus. Je ne suis pas \u00e9crivaine de m\u00e9tier. C\u2019est une tr\u00e8s bonne surprise.<\/p>\n<p class=\"txt\">Certaines d\u00e9dicaces sont dr\u00f4les, d\u2019autres, \u00e9mouvantes, organis\u00e9es par des libraires qui sont les meilleures personnes du monde<\/p>\n<p>D\u2019une ville \u00e0 une autre, des choses se ressemblent, d\u2019autres pas, les publics sont diff\u00e9rents, les librairies aussi. Certaines d\u00e9dicaces sont dr\u00f4les, d\u2019autres, \u00e9mouvantes, organis\u00e9es par des libraires qui sont les meilleures personnes du monde. Leur cr\u00e9ativit\u00e9 fait qu\u2019elles en font tellement plus que des boutiques.\u00a0\u00bb<\/p>\n<blockquote class=\"question\"><p>D\u00e9dicacez-vous \u00e9galement dans des Fnac, qui sont un autre genre de librairie\u00a0?<\/p><\/blockquote>\n<p>\u00ab\u00a0J\u2019en ai fait une seule, \u00e0 Lyon, mais les choses se sont goupill\u00e9es comme \u00e7a. Ce n\u2019est pas un quota qui a \u00e9t\u00e9 pens\u00e9. La charg\u00e9e des relations avec les libraires et les d\u00e9placements aux \u00e9ditions Stock a l\u2019obsession des belles rencontres. Elle a \u00e0 c\u0153ur de faire vivre des liens avec des personnes passionnantes.\u00a0\u00bb<\/p>\n<p class=\"note\">Prochaines d\u00e9dicaces \u00e0 la librairie de Paris, le 13\u00a0juin, \u00e0 15 heures, avec Jean-Kark Lucas, et le 18\u00a0juin, \u00e0 17\u00a0h\u00a030, avec l\u2019avocat st\u00e9phanois Andr\u00e9 Buffard, pour son livre Coups de ma\u00eetre.<\/p>\n","protected":false},"excerpt":{"rendered":"Pendant que les rang\u00e9es de chaises install\u00e9es dans la salle se remplissent peu \u00e0 peu, occup\u00e9es par des&hellip;\n","protected":false},"author":2,"featured_media":158946,"comment_status":"","ping_status":"","sticky":false,"template":"","format":"standard","meta":{"footnotes":""},"categories":[9653],"tags":[1111,11,2430,1687,7539,1777,674,1011,27,2410,3367,12,25,4001,7538],"class_list":{"0":"post-158945","1":"post","2":"type-post","3":"status-publish","4":"format-standard","5":"has-post-thumbnail","7":"category-saint-etienne","8":"tag-actu","9":"tag-actualites","10":"tag-auvergne-rhone-alpes","11":"tag-culture-loisirs","12":"tag-edition-loire-sud","13":"tag-eu","14":"tag-europe","15":"tag-fr","16":"tag-france","17":"tag-livres-bd","18":"tag-loire","19":"tag-news","20":"tag-republique-francaise","21":"tag-saint-etienne","22":"tag-saint-etienne-ville"},"share_on_mastodon":{"url":"https:\/\/pubeurope.com\/@fr\/114643292911226654","error":""},"_links":{"self":[{"href":"https:\/\/www.europesays.com\/fr\/wp-json\/wp\/v2\/posts\/158945","targetHints":{"allow":["GET"]}}],"collection":[{"href":"https:\/\/www.europesays.com\/fr\/wp-json\/wp\/v2\/posts"}],"about":[{"href":"https:\/\/www.europesays.com\/fr\/wp-json\/wp\/v2\/types\/post"}],"author":[{"embeddable":true,"href":"https:\/\/www.europesays.com\/fr\/wp-json\/wp\/v2\/users\/2"}],"replies":[{"embeddable":true,"href":"https:\/\/www.europesays.com\/fr\/wp-json\/wp\/v2\/comments?post=158945"}],"version-history":[{"count":0,"href":"https:\/\/www.europesays.com\/fr\/wp-json\/wp\/v2\/posts\/158945\/revisions"}],"wp:featuredmedia":[{"embeddable":true,"href":"https:\/\/www.europesays.com\/fr\/wp-json\/wp\/v2\/media\/158946"}],"wp:attachment":[{"href":"https:\/\/www.europesays.com\/fr\/wp-json\/wp\/v2\/media?parent=158945"}],"wp:term":[{"taxonomy":"category","embeddable":true,"href":"https:\/\/www.europesays.com\/fr\/wp-json\/wp\/v2\/categories?post=158945"},{"taxonomy":"post_tag","embeddable":true,"href":"https:\/\/www.europesays.com\/fr\/wp-json\/wp\/v2\/tags?post=158945"}],"curies":[{"name":"wp","href":"https:\/\/api.w.org\/{rel}","templated":true}]}}