{"id":158952,"date":"2025-06-07T17:39:06","date_gmt":"2025-06-07T17:39:06","guid":{"rendered":"https:\/\/www.europesays.com\/fr\/158952\/"},"modified":"2025-06-07T17:39:06","modified_gmt":"2025-06-07T17:39:06","slug":"le-puy-en-velay-voyage-a-toulon-de-la-classe-defense-du-lycee-charles-et-adrien-dupuy-2","status":"publish","type":"post","link":"https:\/\/www.europesays.com\/fr\/158952\/","title":{"rendered":"Le Puy-en-Velay : voyage \u00e0 Toulon de la classe \u00ab\u00a0D\u00e9fense\u00a0\u00bb du lyc\u00e9e Charles-et-Adrien-Dupuy"},"content":{"rendered":"<p>\t\t\t\t\t\t\t\t\t\t\t\t\t\t\t\t\t\t\t\t\t\t\t\t\t\t\t\t\t\t\t\t\t\t\t\t\t\t\t\t\t\t\t\t\t\t\t\t\t\t\t\t\t\t\t\t\t\t\t\t\t\t\t<a href=\"https:\/\/www.lacommere43.fr\/component\/banners\/click\/1773.html\" target=\"_blank\" title=\"Tence Carrefour Market minibus mai 2025\" rel=\"nofollow noopener\"><br \/>\n\t\t\t\t\t\t\t<img decoding=\"async\" src=\"https:\/\/www.europesays.com\/fr\/wp-content\/uploads\/2025\/05\/carre.jpg\" alt=\"Tence Carrefour Market minibus mai 2025\"\/><br \/>\n\t\t\t\t\t\t<\/a><\/p>\n<p>\t\t\t\t\t\t\t\t\t\t\t\t\t\t\t\t\t\t\t\t\t\t\t\t\t\t\t\t\t\t\t\t\t\t\t\t\t\t\t\t\t\t\t\t\t\t<img decoding=\"async\" src=\"https:\/\/www.europesays.com\/fr\/wp-content\/uploads\/2025\/05\/LA_COMMERE_-_PAVE_-_600X600.jpg\" alt=\"Yssingeaux foire mai-juin 2025\"\/><\/p>\n<p><strong>Du 2 au 4 juin, les \u00e9l\u00e8ves de la classe \u00ab\u00a0D\u00e9fense\u00a0\u00bbdu lyc\u00e9e public\u00a0Charles-et-Adrien-Dupuy ont v\u00e9cu une immersion intense dans le monde de la Marine nationale, \u00e0 l\u2019occasion d\u2019un voyage \u00e0 Toulon.<\/strong><\/p>\n<p>Ce s\u00e9jour marquait l\u2019aboutissement du programme 2024-2025 men\u00e9 en partenariat avec le DDM43, le DMD43 et le SNA Le Tourville.\u00a0 Il a\u00a0permis aux \u00e9l\u00e8ves d&rsquo;avoir une meilleure compr\u00e9hension du r\u00f4le strat\u00e9gique de la Marine.<\/p>\n<p><strong>Un programme dense<\/strong><\/p>\n<p>Le s\u00e9jour a d\u00e9but\u00e9 par la visite du camp des Milles \u00e0 Aix en Provence. De mani\u00e8re concr\u00e8te et solennelle, les \u00e9l\u00e8ves ont pu visiter un haut lieu de m\u00e9moire et d\u00e9couvrir par eux-m\u00eames les lieux d&rsquo;internement de diff\u00e9rentes personnes durant la Deuxi\u00e8me Guerre mondiale et ainsi relier leurs observations avec ce qu&rsquo;ils avaient pr\u00e9par\u00e9 dans le cadre du projet m\u00e9moire men\u00e9 avec leur professeur durant les mois pr\u00e9c\u00e9dents.<\/p>\n<p>La visite s&rsquo;est poursuivie au Mus\u00e9e national de la Marine de Toulon, o\u00f9 les \u00e9l\u00e8ves ont d\u00e9couvert l\u2019histoire du comte de Tourville, figure embl\u00e9matique de la Marine fran\u00e7aise. Les maquettes du porte-avions Charles de Gaulle et des Rafales ont suscit\u00e9 un vif int\u00e9r\u00eat, tout comme la pr\u00e9sentation des diff\u00e9rentes flottes historiques.<\/p>\n<p>Les \u00e9l\u00e8ves ont ensuite d\u00e9couvert le P\u00f4le \u00e9coles M\u00e9diterran\u00e9e \u00e0 Saint-Mandrier, o\u00f9 ils ont pu entrevoir les formations propos\u00e9es aux futurs marins.<\/p>\n<p>La visite a continu\u00e9 par l\u2019exploration d\u2019une fr\u00e9gate multi-mission (fREMM), la FREMM-DA Alsace, sp\u00e9cialis\u00e9e dans la d\u00e9fense anti-a\u00e9rienne. Ils ont \u00e9galement pu apercevoir le porte-avions Charles de Gaulle, alors en phase de maintenance.<\/p>\n<p><strong><br \/>Moment phare du s\u00e9jour <\/strong><\/p>\n<p>La visite exceptionnelle du sous-marin nucl\u00e9aire d\u2019attaque Le Tourville. Apr\u00e8s avoir franchi les portiques de s\u00e9curit\u00e9 et enfil\u00e9 leurs casques, les \u00e9l\u00e8ves ont d\u00e9couvert les zones techniques et de vie de ce b\u00e2timent ultra-moderne. Ils ont \u00e9t\u00e9 impressionn\u00e9s par l\u2019\u00e9troitesse des espaces, la sophistication technologique des \u00e9quipements, ainsi que par la capacit\u00e9 d\u2019autonomie du sous-marin. Cette visite a \u00e9t\u00e9 conduite par le capitaine de corvette Esteban Aguado, commandant en 2nd du sous-marin, et des membres de l&rsquo;\u00e9quipage du Tourville.<\/p>\n<p>Lors de la r\u00e9ception \u00e0 l&rsquo;escadrille des sous-marins nucl\u00e9aires d&rsquo;attaque de Toulon les lyc\u00e9ens ont eu acc\u00e8s aux diff\u00e9rentes salles de simulation : centre op\u00e9rationnel, conduite du r\u00e9acteur nucl\u00e9aire d&rsquo;un sous-marin, pilotage du sous-marin.<\/p>\n<p>Le groupe a \u00e9galement d\u00e9couvert le service logistique de la Marine, comprenant les ateliers de m\u00e9canique, de productique et d\u2019\u00e9lectricit\u00e9. Ils ont \u00e9galement re\u00e7u de l&rsquo;information sur les perspectives d&#8217;emploi au sein de la Marine ou comme civile.<\/p>\n<p>La visite s&rsquo;est achev\u00e9e par la rencontre des membres de la flottille amphibie, les plongeurs d\u00e9mineurs et les drones sous-marins.<\/p>\n","protected":false},"excerpt":{"rendered":"Du 2 au 4 juin, les \u00e9l\u00e8ves de la classe \u00ab\u00a0D\u00e9fense\u00a0\u00bbdu lyc\u00e9e public\u00a0Charles-et-Adrien-Dupuy ont v\u00e9cu une immersion intense&hellip;\n","protected":false},"author":2,"featured_media":158572,"comment_status":"","ping_status":"","sticky":false,"template":"","format":"standard","meta":{"footnotes":""},"categories":[9619],"tags":[1111,2281,11,1777,674,2282,1011,27,2280,2284,2285,2283,12,882,25,2310],"class_list":{"0":"post-158952","1":"post","2":"type-post","3":"status-publish","4":"format-standard","5":"has-post-thumbnail","7":"category-toulon","8":"tag-actu","9":"tag-actualite-43","10":"tag-actualites","11":"tag-eu","12":"tag-europe","13":"tag-faits-divers-auvergne","14":"tag-fr","15":"tag-france","16":"tag-information-haute-loire","17":"tag-infos-43","18":"tag-journal-haute-loire","19":"tag-la-commere-43","20":"tag-news","21":"tag-provence-alpes-cote-dazur","22":"tag-republique-francaise","23":"tag-toulon"},"share_on_mastodon":{"url":"https:\/\/pubeurope.com\/@fr\/114643308726313990","error":""},"_links":{"self":[{"href":"https:\/\/www.europesays.com\/fr\/wp-json\/wp\/v2\/posts\/158952","targetHints":{"allow":["GET"]}}],"collection":[{"href":"https:\/\/www.europesays.com\/fr\/wp-json\/wp\/v2\/posts"}],"about":[{"href":"https:\/\/www.europesays.com\/fr\/wp-json\/wp\/v2\/types\/post"}],"author":[{"embeddable":true,"href":"https:\/\/www.europesays.com\/fr\/wp-json\/wp\/v2\/users\/2"}],"replies":[{"embeddable":true,"href":"https:\/\/www.europesays.com\/fr\/wp-json\/wp\/v2\/comments?post=158952"}],"version-history":[{"count":0,"href":"https:\/\/www.europesays.com\/fr\/wp-json\/wp\/v2\/posts\/158952\/revisions"}],"wp:featuredmedia":[{"embeddable":true,"href":"https:\/\/www.europesays.com\/fr\/wp-json\/wp\/v2\/media\/158572"}],"wp:attachment":[{"href":"https:\/\/www.europesays.com\/fr\/wp-json\/wp\/v2\/media?parent=158952"}],"wp:term":[{"taxonomy":"category","embeddable":true,"href":"https:\/\/www.europesays.com\/fr\/wp-json\/wp\/v2\/categories?post=158952"},{"taxonomy":"post_tag","embeddable":true,"href":"https:\/\/www.europesays.com\/fr\/wp-json\/wp\/v2\/tags?post=158952"}],"curies":[{"name":"wp","href":"https:\/\/api.w.org\/{rel}","templated":true}]}}