{"id":158959,"date":"2025-06-07T17:43:32","date_gmt":"2025-06-07T17:43:32","guid":{"rendered":"https:\/\/www.europesays.com\/fr\/158959\/"},"modified":"2025-06-07T17:43:32","modified_gmt":"2025-06-07T17:43:32","slug":"trois-fermes-du-pays-de-bray-vous-ouvrent-leurs-portes-ce-week-end","status":"publish","type":"post","link":"https:\/\/www.europesays.com\/fr\/158959\/","title":{"rendered":"trois fermes du Pays de Bray vous ouvrent leurs portes ce week-end"},"content":{"rendered":"<p>            Par<br \/>\n        <strong><br \/>\n            <a href=\"https:\/\/actu.fr\/auteur\/amandine-mouquet\" title=\"Consulter tous les articles de Amandine Mouquet\" rel=\"nofollow noopener\" target=\"_blank\">Amandine Mouquet<\/a><br \/>\n        <\/strong><\/p>\n<p>        Publi\u00e9 le<\/p>\n<p>            6 juin 2025 \u00e0 12h32        <\/p>\n<p>La <b>ferme du Temple<\/b>, la ferme de Perduville et le <b>Coq \u00e0 l\u2019\u00e2ne<\/b> , trois exploitations du <a href=\"https:\/\/actu.fr\/tag\/pays-de-bray\" rel=\"nofollow noopener\" target=\"_blank\">Pays de Bray<\/a> qui vous ouvrent leurs portes \u00e0 l\u2019occasion de l\u2019op\u00e9ration \u00ab Vachement d\u00e9paysant \u00bb ce week-end du 7 et 8 juin.<\/p>\n<p class=\" wall-content\"><b>\u00ab Vachement d\u00e9paysant \u00bb<\/b>, c\u2019est quatorze fermes normandes, des hommes et des femmes passionn\u00e9s et la transmission d\u2019un savoir-faire unique. L\u2019occasion id\u00e9ale de d\u00e9couvrir de mani\u00e8re ludique un m\u00e9tier et le terroir local de la <a href=\"https:\/\/actu.fr\/normandie\/\" rel=\"nofollow noopener\" target=\"_blank\">Normandie<\/a>.<\/p>\n<p>La Ferme du Temple \u00e0 Osmoy-Saint-Valery<\/p>\n<p class=\" wall-content\">N\u00e9e en 2016, la ferme du Temple, situ\u00e9 \u00e0 <a href=\"https:\/\/actu.fr\/normandie\/osmoy-saint-valery_76487\" rel=\"nofollow noopener\" target=\"_blank\">Osmoy-Saint-Valery<\/a> encha\u00eene les projets et innovations. Vaches laiti\u00e8res et b\u0153ufs Angus, c\u00e9r\u00e9ale, atelier de brassage de bi\u00e8res, d\u2019apiculture, de c\u00e9ramique ou encore de boulangerie : les activit\u00e9s ne manquent pas. Et pour la premi\u00e8re fois cette ann\u00e9e un atelier de transformation fromag\u00e8re et de r\u00e9flexologie.<\/p>\n<p class=\" wall-content\">Vous trouverez forc\u00e9ment votre bonheur parmi toutes ces activit\u00e9s.\u00a0De nombreuses animations seront propos\u00e9es tout au long du week-end : visite d\u2019animaux, march\u00e9 artisanal, ateliers participatifs (pain, beurre, c\u00e9ramique), concert et balades naturelles. De quoi ravir petits et grands.<\/p>\n<p>La Ferme de Perduville \u00e0 Bosc-Mesnil<\/p>\n<p class=\" wall-content\">\u00c0 <a href=\"https:\/\/actu.fr\/normandie\/bosc-mesnil_76126\" rel=\"nofollow noopener\" target=\"_blank\">Bosc-Mesnil<\/a>, la ferme de Perduville ouvre ses portes pour un week-end sous le signe de la nature et de la d\u00e9couverte. Sp\u00e9cialis\u00e9e en mara\u00eechage et arboriculture, l\u2019exploitation s\u2019\u00e9tend sur trois hectares de vergers. Un lieu id\u00e9al pour une journ\u00e9e au grand air.<\/p>\n<p>Vid\u00e9os : en ce moment sur Actu<\/p>\n<p class=\" wall-content\">Au programme : un march\u00e9 de producteurs, une buvette, des animations ornithologiques, une visite de la ferme et un concert des Caribous volants. Une occasion de d\u00e9couvrir les savoir-faire agricoles et de passer un moment agr\u00e9able en famille ou entre amis, au c\u0153ur de la campagne brayonne.<\/p>\n<p>La ferme le Coq \u00e0 l\u2019\u00e2ne \u00e0 Beaubec-la-Rosi\u00e8re<\/p>\n<p class=\" wall-content\">Pour les amoureux des animaux et de la nature, la <b>ferme le Coq \u00e0 l\u2019\u00e2ne<\/b> vous accueil le 8\u00a0juin, avec de nombreuses activit\u00e9s en compagnie de nos amis les \u00e2nes. Mara\u00eech\u2019\u00e2ne, \u00e2n\u2019imation, formation et h\u00e9bergement, cette ferme sp\u00e9cialis\u00e9e en agriculture biologique et en agritourisme vous fera d\u00e9couvrir le temps d\u2019un week-end, ses savoirs faires.<\/p>\n<p class=\" wall-content\">Retrouvez le dimanche 8\u00a0juin, des pr\u00e9sentations et d\u00e9monstrations des activit\u00e9s de la ferme, des animations avec les \u00e2nes (brossage et parcours de maniabilit\u00e9s), une vente de produits fermiers locaux ainsi qu\u2019un go\u00fbter et une buvette.<\/p>\n<p class=\" wall-content\">Suivez toute l\u2019actualit\u00e9 de vos villes et m\u00e9dias favoris en vous inscrivant \u00e0 <a href=\"https:\/\/moncompte.actu.fr\" title=\"D\u00e9couvez Mon Actu\" rel=\"nofollow noopener\" data-trk=\"{&quot;cta&quot;:{&quot;action&quot;:&quot;https:\\\/\\\/moncompte.actu.fr&quot;,&quot;category&quot;:&quot;mon compte&quot;,&quot;from&quot;:&quot;article footer&quot;,&quot;name&quot;:&quot;Mon actu&quot;,&quot;type&quot;:&quot;cta&quot;}}\" target=\"_blank\">Mon Actu<\/a>.<\/p>\n<ul class=\"ac-article-tag wall-content\">\n<li><a href=\"https:\/\/actu.fr\/tag\/agriculture\" data-trk=\"{&quot;cta&quot;:{&quot;action&quot;:&quot;Agriculture&quot;,&quot;category&quot;:&quot;tag&quot;,&quot;from&quot;:&quot;article footer&quot;,&quot;name&quot;:&quot;Agriculture&quot;,&quot;type&quot;:&quot;cta&quot;}}\" rel=\"nofollow noopener\" target=\"_blank\">#Agriculture<\/a><\/li>\n<li><a href=\"https:\/\/actu.fr\/tag\/pays-de-bray\" data-trk=\"{&quot;cta&quot;:{&quot;action&quot;:&quot;Pays de Bray&quot;,&quot;category&quot;:&quot;tag&quot;,&quot;from&quot;:&quot;article footer&quot;,&quot;name&quot;:&quot;Pays de Bray&quot;,&quot;type&quot;:&quot;cta&quot;}}\" rel=\"nofollow noopener\" target=\"_blank\">#Pays de Bray<\/a><\/li>\n<\/ul>\n","protected":false},"excerpt":{"rendered":"Par Amandine Mouquet Publi\u00e9 le 6 juin 2025 \u00e0 12h32 La ferme du Temple, la ferme de Perduville&hellip;\n","protected":false},"author":2,"featured_media":158960,"comment_status":"","ping_status":"","sticky":false,"template":"","format":"standard","meta":{"footnotes":""},"categories":[9587],"tags":[1111,11,327,1777,674,1011,27,1652,12,5161,10175,25,9590],"class_list":{"0":"post-158959","1":"post","2":"type-post","3":"status-publish","4":"format-standard","5":"has-post-thumbnail","7":"category-rouen","8":"tag-actu","9":"tag-actualites","10":"tag-agriculture","11":"tag-eu","12":"tag-europe","13":"tag-fr","14":"tag-france","15":"tag-loisirs-culture","16":"tag-news","17":"tag-normandie","18":"tag-pays-de-bray","19":"tag-republique-francaise","20":"tag-rouen"},"share_on_mastodon":{"url":"https:\/\/pubeurope.com\/@fr\/114643324305599163","error":""},"_links":{"self":[{"href":"https:\/\/www.europesays.com\/fr\/wp-json\/wp\/v2\/posts\/158959","targetHints":{"allow":["GET"]}}],"collection":[{"href":"https:\/\/www.europesays.com\/fr\/wp-json\/wp\/v2\/posts"}],"about":[{"href":"https:\/\/www.europesays.com\/fr\/wp-json\/wp\/v2\/types\/post"}],"author":[{"embeddable":true,"href":"https:\/\/www.europesays.com\/fr\/wp-json\/wp\/v2\/users\/2"}],"replies":[{"embeddable":true,"href":"https:\/\/www.europesays.com\/fr\/wp-json\/wp\/v2\/comments?post=158959"}],"version-history":[{"count":0,"href":"https:\/\/www.europesays.com\/fr\/wp-json\/wp\/v2\/posts\/158959\/revisions"}],"wp:featuredmedia":[{"embeddable":true,"href":"https:\/\/www.europesays.com\/fr\/wp-json\/wp\/v2\/media\/158960"}],"wp:attachment":[{"href":"https:\/\/www.europesays.com\/fr\/wp-json\/wp\/v2\/media?parent=158959"}],"wp:term":[{"taxonomy":"category","embeddable":true,"href":"https:\/\/www.europesays.com\/fr\/wp-json\/wp\/v2\/categories?post=158959"},{"taxonomy":"post_tag","embeddable":true,"href":"https:\/\/www.europesays.com\/fr\/wp-json\/wp\/v2\/tags?post=158959"}],"curies":[{"name":"wp","href":"https:\/\/api.w.org\/{rel}","templated":true}]}}