{"id":158971,"date":"2025-06-07T17:50:11","date_gmt":"2025-06-07T17:50:11","guid":{"rendered":"https:\/\/www.europesays.com\/fr\/158971\/"},"modified":"2025-06-07T17:50:11","modified_gmt":"2025-06-07T17:50:11","slug":"strasbourg-a-la-japan-addict-la-chasse-aux-pokemon-est-ouverte","status":"publish","type":"post","link":"https:\/\/www.europesays.com\/fr\/158971\/","title":{"rendered":"Strasbourg. \u00c0 la Japan Addict, la chasse aux Pok\u00e9mon est ouverte\u00a0!"},"content":{"rendered":"<p>\u00ab\u00a0Pok\u00e9mon, attrapez-les tous\u00a0!\u00a0\u00bb, chantent \u00e0 tue-t\u00eate l\u2019interpr\u00e8te original du g\u00e9n\u00e9rique, Jean-Marc Anthony Kabeya, et une centaine de visiteurs de la Japan Addict r\u00e9unis sur une grande sc\u00e8ne du Parc des expositions, ce samedi 7\u00a0juin. Difficile d\u2019\u00e9chapper au th\u00e8me de cette ann\u00e9e en arrivant sur place. Affiches, cosplays, figurines g\u00e9antes rappellent que les petits monstres de poche, cr\u00e9\u00e9s dans les ann\u00e9es 90, sont \u00e0 l\u2019honneur.<\/p>\n<p>  Un th\u00e8me pour petits et grands<\/p>\n<p>\u00ab\u00a0C\u2019est un th\u00e8me qui parle \u00e0 tout le monde, petits et grands\u00a0! Cela convient bien \u00e0 notre convention, conviviale et familiale\u00a0\u00bb, pr\u00e9sente <a href=\"https:\/\/www.dna.fr\/culture-loisirs\/2024\/05\/30\/le-nouvel-organisateur-alexandre-bertrand-reve-en-grand-la-japan-addict\" target=\"_blank\" rel=\"noopener\"> Alexandre Bertrand, le pr\u00e9sident de l\u2019association qui organise la Japan Addict depuis 21 ans, Kak\u00e9mono<\/a>.<\/p>\n<p>S\u2019il est bien s\u00fbr possible de d\u00e9ambuler dans les trois halls au gr\u00e9 de ses envies, les organisateurs ont pr\u00e9vu une activit\u00e9 pour d\u00e9couvrir la diversit\u00e9 de l\u2019offre qui s\u2019\u00e9tend sur presque 20\u00a0000 m2 \u00a0: une chasse aux \u00ab\u00a0Kak\u00e9mon\u00a0\u00bb, une version\u00a0des Pok\u00e9mon revisit\u00e9e par l\u2019association. \u00ab\u00a0Le but est de retrouver les images des petits monstres cach\u00e9es dans douze p\u00f4les diff\u00e9rents. Une fois la qu\u00eate remplie, on d\u00e9bloque le challenge final\u00a0: battre la Team Rocket\u00a0!\u00a0\u00bb, d\u00e9taille une b\u00e9n\u00e9vole. Des troph\u00e9es r\u00e9alis\u00e9s sur mesure en bois et des jeux \u00ab\u00a0Kak\u00e9mon\u00a0\u00bb de 64 cartes \u00e0 l\u2019effigie des b\u00e9n\u00e9voles et des invit\u00e9s de l\u2019\u00e9dition peuvent ainsi \u00eatre remport\u00e9s.<\/p>\n<p>Ce jeu de piste est l\u2019occasion de faire le tour des trois sc\u00e8nes (la principale o\u00f9 se d\u00e9roulent concert et concours cosplay, la sc\u00e8ne jeux vid\u00e9o et la sc\u00e8ne K-pop), des p\u00f4les d\u00e9di\u00e9s au Japon traditionnel, \u00e0 la Cor\u00e9e, aux food trucks. Mais c\u2019est aussi l\u2019occasion de d\u00e9couvrir les nouveaux espaces, comme le village cosplay, tatouage et l\u2019espace b\u00e9b\u00e9. \u00ab\u00a0Les parents peuvent y changer leur enfant, l\u2019allaiter, jouer avec lui dans un lieu plus calme. Toute la famille peut ainsi profiter sereinement de l\u2018\u00e9v\u00e9nement\u00a0\u00bb, d\u00e9taille le pr\u00e9sident.<\/p>\n<p>  \u00ab\u00a0J\u2019ai rencontr\u00e9 ma femme gr\u00e2ce aux Pok\u00e9mon\u00a0\u00bb<\/p>\n<p>Parmi les visiteurs, certains ont jou\u00e9 le jeu du th\u00e8me jusqu\u2019au bout. Guillaume, 29 ans, est cosplay\u00e9 en Sacha, le h\u00e9ros \u00e0 la casquette de Pok\u00e9mon\u00a0: \u00ab\u00a0J\u2019adore cette franchise depuis que j\u2019ai 5 ans. J\u2019ai collectionn\u00e9 les cartes, jou\u00e9 aux jeux vid\u00e9o, et j\u2019ai m\u00eame rencontr\u00e9 ma compagne gr\u00e2ce \u00e0 Pok\u00e9mon Go. On s\u2019est mari\u00e9 la semaine derni\u00e8re\u00a0!\u00a0\u00bb, s\u2019exclame-t-il. D\u2019autres ont relev\u00e9 le d\u00e9fi de se m\u00e9tamorphoser en petit monstre, comme Andr\u00e9a, 20 ans. Grandes oreilles, cape jaune et regard sombre, elle incarne le Pok\u00e9mon Mimiqui. \u00ab\u00a0J\u2019aime me costumer, c\u2019est une mani\u00e8re de profiter encore plus de la Japan Addict. Je viens depuis 2021 et je reste toujours tout le week-end\u00a0\u00bb, sourit-elle.<\/p>\n<p>Mais il n\u2019y a pas que les visiteurs qui ont adopt\u00e9 le th\u00e8me. Sur de tr\u00e8s nombreux stands, on d\u00e9couvre des peluches en crochet, des Pokeball personnalis\u00e9es, des bracelets \u00e0 l\u2019effigie de Salam\u00e8che ou de Bulbizarre, des dessins, des figurines, des broderies, et m\u00eame quelques sucreries qui font tous r\u00e9f\u00e9rence \u00e0 l\u2019univers de Pok\u00e9mon.<\/p>\n<p>  Hommage \u00e0 Fabrice Dunis<\/p>\n<p>Cette premi\u00e8re journ\u00e9e s\u2019est finie avec un bel hommage \u00e0 <a href=\"https:\/\/www.dna.fr\/culture-loisirs\/2025\/01\/05\/strasbourg-createur-du-camphrier-et-de-la-japan-addict-fabrice-dunis-est-decede\" target=\"_blank\" rel=\"noopener\">Fabrice Dunis, le cr\u00e9ateur de la Japan Addict,<\/a> \u00e9galement g\u00e9rant de la librairie le Camphrier et figure de proue de la pop culture \u00e0 Strasbourg.<\/p>\n<p>D\u00e9c\u00e9d\u00e9 d\u00e9but janvier, \u00ab\u00a0il laisse un grand vide dans l\u2019association et pour toute la communaut\u00e9 strasbourgeoise. Cette \u00e9dition enti\u00e8re est une mani\u00e8re de lui faire honneur, mais nous voulions \u00e9galement lui d\u00e9dier un temps avec des photos et des vid\u00e9os\u00a0\u00bb, pr\u00e9sente Alexandre Bertrand, \u00e9mu.<\/p>\n<p>La Japan Addict se poursuit ce dimanche \u00e0 partir de 10\u00a0h.<\/p>\n","protected":false},"excerpt":{"rendered":"\u00ab\u00a0Pok\u00e9mon, attrapez-les tous\u00a0!\u00a0\u00bb, chantent \u00e0 tue-t\u00eate l\u2019interpr\u00e8te original du g\u00e9n\u00e9rique, Jean-Marc Anthony Kabeya, et une centaine de visiteurs&hellip;\n","protected":false},"author":2,"featured_media":158972,"comment_status":"","ping_status":"","sticky":false,"template":"","format":"standard","meta":{"footnotes":""},"categories":[2820],"tags":[1111,11,1687,2880,1777,674,107,1011,27,775,1036,873,12,25,3140,640,2879],"class_list":{"0":"post-158971","1":"post","2":"type-post","3":"status-publish","4":"format-standard","5":"has-post-thumbnail","7":"category-strasbourg","8":"tag-actu","9":"tag-actualites","10":"tag-culture-loisirs","11":"tag-edition-strasbourg","12":"tag-eu","13":"tag-europe","14":"tag-fil-info","15":"tag-fr","16":"tag-france","17":"tag-grand-est","18":"tag-jeux-video","19":"tag-musique","20":"tag-news","21":"tag-republique-francaise","22":"tag-spectacle","23":"tag-strasbourg","24":"tag-strasbourg-ville"},"share_on_mastodon":{"url":"https:\/\/pubeurope.com\/@fr\/114643351928215432","error":""},"_links":{"self":[{"href":"https:\/\/www.europesays.com\/fr\/wp-json\/wp\/v2\/posts\/158971","targetHints":{"allow":["GET"]}}],"collection":[{"href":"https:\/\/www.europesays.com\/fr\/wp-json\/wp\/v2\/posts"}],"about":[{"href":"https:\/\/www.europesays.com\/fr\/wp-json\/wp\/v2\/types\/post"}],"author":[{"embeddable":true,"href":"https:\/\/www.europesays.com\/fr\/wp-json\/wp\/v2\/users\/2"}],"replies":[{"embeddable":true,"href":"https:\/\/www.europesays.com\/fr\/wp-json\/wp\/v2\/comments?post=158971"}],"version-history":[{"count":0,"href":"https:\/\/www.europesays.com\/fr\/wp-json\/wp\/v2\/posts\/158971\/revisions"}],"wp:featuredmedia":[{"embeddable":true,"href":"https:\/\/www.europesays.com\/fr\/wp-json\/wp\/v2\/media\/158972"}],"wp:attachment":[{"href":"https:\/\/www.europesays.com\/fr\/wp-json\/wp\/v2\/media?parent=158971"}],"wp:term":[{"taxonomy":"category","embeddable":true,"href":"https:\/\/www.europesays.com\/fr\/wp-json\/wp\/v2\/categories?post=158971"},{"taxonomy":"post_tag","embeddable":true,"href":"https:\/\/www.europesays.com\/fr\/wp-json\/wp\/v2\/tags?post=158971"}],"curies":[{"name":"wp","href":"https:\/\/api.w.org\/{rel}","templated":true}]}}