{"id":158974,"date":"2025-06-07T17:52:10","date_gmt":"2025-06-07T17:52:10","guid":{"rendered":"https:\/\/www.europesays.com\/fr\/158974\/"},"modified":"2025-06-07T17:52:10","modified_gmt":"2025-06-07T17:52:10","slug":"sommet-de-locean-a-nice-une-table-de-24-metres-creee-sur-mesure-pour-accueillir-60-chefs-detat-au-negresco","status":"publish","type":"post","link":"https:\/\/www.europesays.com\/fr\/158974\/","title":{"rendered":"Sommet de l&rsquo;Oc\u00e9an \u00e0 Nice: une table de 24 m\u00e8tres cr\u00e9\u00e9e sur mesure pour accueillir 60 chefs d&rsquo;Etat au Negresco"},"content":{"rendered":"<p>A la veille de l&rsquo;ouverture de la conf\u00e9rence des Nations-Unies sur l&rsquo;Oc\u00e9an, \u00e0 Nice, Emmanuel Macron accueillera dimanche soir les chefs d\u2019\u00c9tat et de gouvernement au Negresco pour un d\u00eener officiel.<\/p>\n<p>Le pr\u00e9sident de la R\u00e9publique aura ainsi \u00e0 sa table une soixantaine de dignitaires \u00e9trangers. Une table qu\u2019il a fallu cr\u00e9er pour l\u2019occasion! Aux dimensions XXL puisqu\u2019elle mesure 24 m\u00e8tres de long.<\/p>\n<p>Il a fallu l\u2019assembler comme un Lego dans le salon Royal du Negresco qui, en plus des chefs d\u2019\u00c9tat, comptera 250 convives suppl\u00e9mentaires tri\u00e9s sur le volet et servi par pas moins de 91 serveurs !<\/p>\n","protected":false},"excerpt":{"rendered":"A la veille de l&rsquo;ouverture de la conf\u00e9rence des Nations-Unies sur l&rsquo;Oc\u00e9an, \u00e0 Nice, Emmanuel Macron accueillera dimanche&hellip;\n","protected":false},"author":2,"featured_media":158975,"comment_status":"","ping_status":"","sticky":false,"template":"","format":"standard","meta":{"footnotes":""},"categories":[2819],"tags":[1111,11,1777,674,1011,27,1757,12,2401,882,25],"class_list":{"0":"post-158974","1":"post","2":"type-post","3":"status-publish","4":"format-standard","5":"has-post-thumbnail","7":"category-nice","8":"tag-actu","9":"tag-actualites","10":"tag-eu","11":"tag-europe","12":"tag-fr","13":"tag-france","14":"tag-insolite","15":"tag-news","16":"tag-nice","17":"tag-provence-alpes-cote-dazur","18":"tag-republique-francaise"},"share_on_mastodon":{"url":"https:\/\/pubeurope.com\/@fr\/114643359721676254","error":""},"_links":{"self":[{"href":"https:\/\/www.europesays.com\/fr\/wp-json\/wp\/v2\/posts\/158974","targetHints":{"allow":["GET"]}}],"collection":[{"href":"https:\/\/www.europesays.com\/fr\/wp-json\/wp\/v2\/posts"}],"about":[{"href":"https:\/\/www.europesays.com\/fr\/wp-json\/wp\/v2\/types\/post"}],"author":[{"embeddable":true,"href":"https:\/\/www.europesays.com\/fr\/wp-json\/wp\/v2\/users\/2"}],"replies":[{"embeddable":true,"href":"https:\/\/www.europesays.com\/fr\/wp-json\/wp\/v2\/comments?post=158974"}],"version-history":[{"count":0,"href":"https:\/\/www.europesays.com\/fr\/wp-json\/wp\/v2\/posts\/158974\/revisions"}],"wp:featuredmedia":[{"embeddable":true,"href":"https:\/\/www.europesays.com\/fr\/wp-json\/wp\/v2\/media\/158975"}],"wp:attachment":[{"href":"https:\/\/www.europesays.com\/fr\/wp-json\/wp\/v2\/media?parent=158974"}],"wp:term":[{"taxonomy":"category","embeddable":true,"href":"https:\/\/www.europesays.com\/fr\/wp-json\/wp\/v2\/categories?post=158974"},{"taxonomy":"post_tag","embeddable":true,"href":"https:\/\/www.europesays.com\/fr\/wp-json\/wp\/v2\/tags?post=158974"}],"curies":[{"name":"wp","href":"https:\/\/api.w.org\/{rel}","templated":true}]}}