{"id":158976,"date":"2025-06-07T17:53:12","date_gmt":"2025-06-07T17:53:12","guid":{"rendered":"https:\/\/www.europesays.com\/fr\/158976\/"},"modified":"2025-06-07T17:53:12","modified_gmt":"2025-06-07T17:53:12","slug":"quest-ce-que-leconomie-bleue-au-coeur-des-debats-du-forum-de-monaco-et-du-sommet-de-nice","status":"publish","type":"post","link":"https:\/\/www.europesays.com\/fr\/158976\/","title":{"rendered":"Qu\u2019est-ce que l\u2019\u00ab\u00e9conomie bleue\u00bb, au c\u0153ur des d\u00e9bats du forum de Monaco et du sommet de Nice ?"},"content":{"rendered":"<p><strong>D\u00c9CRYPTAGE<\/strong> &#8211; Le monde entier se presse sur la C\u00f4te d\u2019Azur d\u00e8s ce samedi 7 juin pour discuter des opportunit\u00e9s \u00e9conomiques offertes par les mers et les oc\u00e9ans. Le tout dans une perspective de d\u00e9veloppement durable.<\/p>\n<p class=\"fig-paragraph\">Le bleu envahit la C\u00f4te d\u2019Azur. Monaco accueille ce samedi 7 et dimanche 8 juin un forum sur \u00abl\u2019\u00e9conomie et la finance bleue\u00bb. Des centaines d\u2019entrepreneurs et d\u2019investisseurs se r\u00e9unissent pendant deux jours en attendant Emmanuel Macron,\u00a0<a href=\"http:\/\/www.lefigaro.fr\/politique\/emmanuel-macron-attendu-a-monaco-ce-samedi-pour-une-visite-d-etat-sous-le-signe-des-oceans-20250607\" data-fig-type=\"NewsFlash\" data-gtm-custom-categorie=\"navigation\" data-gtm-custom-action=\"crossclick\" data-gtm-custom-label=\"Contextuel\" data-gtm-event=\"customEventSPE\" data-fig-domain=\"LEFIGARO\" target=\"_blank\" rel=\"noopener\">en visite dans la Principaut\u00e9\u00a0<\/a>et qui cl\u00f4turera l\u2019\u00e9v\u00e9nement dimanche. D\u00e8s le lendemain, lundi 9 juin, l\u2019\u00e9conomie bleue sera \u00e9galement l\u2019un des principaux th\u00e8mes de discussion de l\u2019Unoc-3, la troisi\u00e8me conf\u00e9rence des Nations unies sur l\u2019oc\u00e9an, organis\u00e9e \u00e0 Nice jusqu\u2019au 13 juin.<\/p>\n<p class=\"fig-paragraph\">Mais de quoi parle-t-on, au juste\u00a0? L\u2019\u00e9conomie bleue est un concept \u00abparfois abstrait\u00bb, reconna\u00eet volontiers le Secr\u00e9tariat g\u00e9n\u00e9ral de la mer (SGMer) en France, un organisme plac\u00e9 sous l\u2019autorit\u00e9 du premier ministre. Le SGMer a publi\u00e9 en 2022 un \u00e9pais rapport sur \u00abl\u2019\u00e9conomie bleue en France\u00bb, pour d\u00e9crire cet \u00abensemble d\u2019activit\u00e9s tr\u00e8s vari\u00e9es et diff\u00e9renci\u00e9es\u00bb. Les auteurs s\u2019appuyaient sur une d\u00e9finition donn\u00e9e en 2021 par la Commission europ\u00e9enne, qui \u00e9voquait \u00abtous les secteurs et toutes les industries li\u00e9s aux oc\u00e9ans, aux mers et aux c\u00f4tes\u00bb.<\/p>\n<p>Des opportunit\u00e9s \u00e9valu\u00e9es \u00e0 25.000 milliards de dollars<\/p>\n<p class=\"fig-paragraph\">Ces activit\u00e9s peuvent relever directement du milieu marin, comme le transport maritime, la fourniture de produits de la mer ou la production d\u2019\u00e9nergie, mais aussi du milieu terrestre avec les ports, les chantiers navals et les infrastructures c\u00f4ti\u00e8res. C\u2019est bien une \u00ab\u00e9conomie\u00bb, puisque \u00abces diff\u00e9rents secteurs d\u2019activit\u00e9 contribuent \u00e0 la production, \u00e0 la distribution et \u00e0 la consommation des richesses\u00bb, souligne le SGMer. Et cette \u00e9conomie est dite \u00abbleue\u00bb parce qu\u2019elle \u00abprend appui sur les mers, les oc\u00e9ans et les littoraux\u00bb.<\/p>\n<p class=\"fig-paragraph\">\u00c9videmment, l\u2019eau couvrant 72% de la surface de la Terre, cette \u00e9conomie bleue a un certain poids. Cit\u00e9 par l\u2019AFP, Pascal Lamy, ancien directeur g\u00e9n\u00e9ral de\u00a0<a href=\"http:\/\/www.lefigaro.fr\/conjoncture\/mauvais-payeurs-les-etats-unis-sont-en-arrieres-de-paiement-a-l-omc-20250328\" data-fig-type=\"Article\" data-gtm-custom-categorie=\"navigation\" data-gtm-custom-action=\"crossclick\" data-gtm-custom-label=\"Contextuel\" data-gtm-event=\"customEventSPE\" data-fig-domain=\"LEFIGARO\" target=\"_blank\" rel=\"noopener\">l\u2019Organisation mondiale du commerce (OMC)<\/a>\u00a0et co-pr\u00e9sident du forum de Monaco, affirme que \u00abl\u2019oc\u00e9an rec\u00e8le une formidable quantit\u00e9 d\u2019opportunit\u00e9s \u00e9conomiques et financi\u00e8res, d\u2019une valeur estim\u00e9e \u00e0 quelque 25.000 milliards de dollars\u00bb. Mais cette valeur ne pourra \u00abse r\u00e9aliser\u00bb qu\u2019\u00e0 \u00abune condition\u00bb\u00a0: \u00abque nous, les humains, cessions de la dilapider.\u00bb Des propos qui illustrent \u00e0 quel point, ces derni\u00e8res ann\u00e9es, l\u2019\u00e9conomie bleue est devenue indissociable de la notion de d\u00e9veloppement durable.<\/p>\n<p>\u00abExploiter de mani\u00e8re durable\u00bb<\/p>\n<p class=\"fig-paragraph\">Au forum de Monaco, entrepreneurs, investisseurs, banques et autres fondations feront ainsi le v\u0153u de d\u00e9velopper une exploitation durable, voire r\u00e9g\u00e9n\u00e9rative, de l\u2019oc\u00e9an. Ils d\u00e9couvriront des exemples concrets d\u2019activit\u00e9s pr\u00e9sent\u00e9es comme \u00e0 la fois engag\u00e9es et rentables\u00a0: restauration des r\u00e9cifs coralliens aux\u00a0<a href=\"http:\/\/www.lefigaro.fr\/international\/un-nouveau-record-mondial-quand-le-president-des-maldives-passe-pres-de-15-heures-en-conference-de-presse-20250505\" data-fig-type=\"NewsFlash\" data-gtm-custom-categorie=\"navigation\" data-gtm-custom-action=\"crossclick\" data-gtm-custom-label=\"Contextuel\" data-gtm-event=\"customEventSPE\" data-fig-domain=\"LEFIGARO\" target=\"_blank\" rel=\"noopener\">Maldives<\/a>, coop\u00e9ratives d\u2019algues en Tanzanie, cr\u00e9dits carbone bleus aux Fidji, navires et ports \u00abverts\u00bb, etc. \u00abLa raison nous dit que, dans le bleu, nous pouvons enfin r\u00e9aliser cette nouvelle alliance entre l\u2019\u00e9conomie et l\u2019environnement\u00bb, souligne Pascal Lamy.<\/p>\n<p class=\"fig-paragraph\">M\u00eame ambition affich\u00e9e \u00e0 Nice, pour l\u2019Unoc-3. Le site du minist\u00e8re de la transition \u00e9cologique assure que l\u2019une des priorit\u00e9s du sommet est de \u00absoutenir le d\u00e9veloppement d\u2019une \u00e9conomie bleue durable\u00bb, en lien avec l\u2019\u00abobjectif de d\u00e9veloppement durable\u00bb num\u00e9ro 14 de l\u2019ONU (ODD14). Cet ODD14 vise \u00e0 \u00abconserver et exploiter de mani\u00e8re durable les oc\u00e9ans, les mers et les ressources marines\u00bb. Antonio Guterres, secr\u00e9taire g\u00e9n\u00e9ral de l\u2019ONU, avait lui-m\u00eame appel\u00e9 en mai dernier \u00e0 \u00abinvestir massivement\u00bb dans \u00abl\u2019\u00e9conomie bleue durable\u00bb. \u00abL\u2019oc\u00e9an recouvre la plus grande partie de notre plan\u00e8te et en assure la subsistance, \u00e9crit-il. Aujourd\u2019hui, toutefois, c\u2019est l\u2019oc\u00e9an qui a besoin de notre aide.\u00bb<\/p>\n","protected":false},"excerpt":{"rendered":"D\u00c9CRYPTAGE &#8211; Le monde entier se presse sur la C\u00f4te d\u2019Azur d\u00e8s ce samedi 7 juin pour discuter&hellip;\n","protected":false},"author":2,"featured_media":158977,"comment_status":"","ping_status":"","sticky":false,"template":"","format":"standard","meta":{"footnotes":""},"categories":[2819],"tags":[1111,339,11,340,343,345,350,130,344,352,349,33,341,313,1777,674,1011,27,346,342,353,351,347,12,2401,12687,348,882,25,354],"class_list":{"0":"post-158976","1":"post","2":"type-post","3":"status-publish","4":"format-standard","5":"has-post-thumbnail","7":"category-nice","8":"tag-actu","9":"tag-actualite-economique","10":"tag-actualites","11":"tag-bourse","12":"tag-cac-40","13":"tag-chef-dentreprise","14":"tag-concurrence","15":"tag-consommation","16":"tag-creation-dentreprise","17":"tag-crise","18":"tag-delocalisations","19":"tag-economie","20":"tag-emploi","21":"tag-entreprises","22":"tag-eu","23":"tag-europe","24":"tag-fr","25":"tag-france","26":"tag-grands-patrons","27":"tag-impots","28":"tag-licenciements","29":"tag-monopole","30":"tag-multinationales","31":"tag-news","32":"tag-nice","33":"tag-oceans","34":"tag-privatisation","35":"tag-provence-alpes-cote-dazur","36":"tag-republique-francaise","37":"tag-unio"},"share_on_mastodon":{"url":"https:\/\/pubeurope.com\/@fr\/114643363760357588","error":""},"_links":{"self":[{"href":"https:\/\/www.europesays.com\/fr\/wp-json\/wp\/v2\/posts\/158976","targetHints":{"allow":["GET"]}}],"collection":[{"href":"https:\/\/www.europesays.com\/fr\/wp-json\/wp\/v2\/posts"}],"about":[{"href":"https:\/\/www.europesays.com\/fr\/wp-json\/wp\/v2\/types\/post"}],"author":[{"embeddable":true,"href":"https:\/\/www.europesays.com\/fr\/wp-json\/wp\/v2\/users\/2"}],"replies":[{"embeddable":true,"href":"https:\/\/www.europesays.com\/fr\/wp-json\/wp\/v2\/comments?post=158976"}],"version-history":[{"count":0,"href":"https:\/\/www.europesays.com\/fr\/wp-json\/wp\/v2\/posts\/158976\/revisions"}],"wp:featuredmedia":[{"embeddable":true,"href":"https:\/\/www.europesays.com\/fr\/wp-json\/wp\/v2\/media\/158977"}],"wp:attachment":[{"href":"https:\/\/www.europesays.com\/fr\/wp-json\/wp\/v2\/media?parent=158976"}],"wp:term":[{"taxonomy":"category","embeddable":true,"href":"https:\/\/www.europesays.com\/fr\/wp-json\/wp\/v2\/categories?post=158976"},{"taxonomy":"post_tag","embeddable":true,"href":"https:\/\/www.europesays.com\/fr\/wp-json\/wp\/v2\/tags?post=158976"}],"curies":[{"name":"wp","href":"https:\/\/api.w.org\/{rel}","templated":true}]}}