{"id":158989,"date":"2025-06-07T18:00:18","date_gmt":"2025-06-07T18:00:18","guid":{"rendered":"https:\/\/www.europesays.com\/fr\/158989\/"},"modified":"2025-06-07T18:00:18","modified_gmt":"2025-06-07T18:00:18","slug":"lille-participez-a-un-tour-du-monde-des-saveurs-avec-la-nocturne-gourmande-de-wazemmes","status":"publish","type":"post","link":"https:\/\/www.europesays.com\/fr\/158989\/","title":{"rendered":"Lille. Participez \u00e0 un tour du monde des saveurs avec la Nocturne gourmande de Wazemmes"},"content":{"rendered":"<p>            Par<br \/>\n        <strong><br \/>\n            <a href=\"https:\/\/actu.fr\/auteur\/hervine-mahaud\" title=\"Consulter tous les articles de Hervine Mahaud\" target=\"_blank\" rel=\"noopener\">Hervine Mahaud<\/a><br \/>\n        <\/strong><\/p>\n<p>        Publi\u00e9 le<\/p>\n<p>            7 juin 2025 \u00e0 17h40        <\/p>\n<p data-end=\"655\">Elle avait d\u00e9j\u00e0 mis l\u2019eau \u00e0 la bouche des Lillois en 2023. Puis confirm\u00e9 son succ\u00e8s en 2024. \u00c0 <a href=\"https:\/\/actu.fr\/lille\/\" target=\"_blank\" rel=\"noopener\">Lille<\/a>, <b data-end=\"521\">la Nocturne gourmande de l\u2019association Waz\u2019en bouche revient ce jeudi 12 juin 2025<\/b>, de 18h \u00e0 23h, avec une recette qui ne change pas : des bons produits, de l\u2019ambiance, et ce petit suppl\u00e9ment d\u2019\u00e2me propre \u00e0 <b>Wazemmes<\/b>.<\/p>\n<p>25 adresses au rendez-vous<\/p>\n<p data-end=\"986\" class=\" wall-content\">Le principe reste le m\u00eame : <b data-end=\"759\">25 commerces de bouche<\/b> install\u00e9s rue Gambetta et aux Halles participent \u00e0 l\u2019\u00e9v\u00e9nement, en proposant leurs sp\u00e9cialit\u00e9s \u00e0 d\u00e9guster sur le pouce, <b data-end=\"899\">\u00e0 3 ou 6 euros<\/b>. Un format pens\u00e9 pour inviter \u00e0 la d\u00e9couverte, pour picorer ici ou l\u00e0, sans se ruiner.<\/p>\n<p data-end=\"986\" class=\" wall-content\">Et c\u00f4t\u00e9 menu, c\u2019est un v\u00e9ritable <b>tour du monde culinaire<\/b> : <b>burgers, effiloch\u00e9 de porc sauce maroilles, hot dog, tteokbokki, pad tha\u00ef, ban dog bulgogi, frites, choux vanille, cookies, cannel\u00e9s<\/b>\u2026 Et \u00e0 boire ? Des <b>bi\u00e8re locales<\/b> ou des <b>cocktails sans alcool<\/b>, selon les envies.<\/p>\n<ul class=\" wall-content\">\n<li data-end=\"986\"><b>Voici la liste compl\u00e8te des participants<\/b> : Au Pav\u00e9 des Flandres, Bi\u00e8re des Halles, Les Epicentriques, Fromagerie Philippe Olivier, <a href=\"https:\/\/actu.fr\/hauts-de-france\/lille_59350\/francois-evrard-ouvre-une-nouvelle-boucherie-rue-esquermoise-a-lille_37724146.html\" target=\"_blank\" rel=\"noopener\">Maison Evrard<\/a>, Boucherie Deblock, <a href=\"https:\/\/actu.fr\/hauts-de-france\/lille_59350\/record-le-champion-du-monde-de-la-frite-est-originaire-de-lille_60179694.html\" target=\"_blank\" rel=\"noopener\">Friterie Mestr\u00e9<\/a>, <a href=\"https:\/\/actu.fr\/hauts-de-france\/lille_59350\/lille-le-nouveau-bar-et-restaurant-bouillant-va-remplacer-une-institution-de-wazemmes_61136735.html\" target=\"_blank\" rel=\"noopener\">Bouillant<\/a>, <a href=\"https:\/\/actu.fr\/hauts-de-france\/lille_59350\/lille-maison-dahrene-charcuterie-halal-a-wazemmes-rassemble-autour-de-ses-produits-dexception_60050057.html\" target=\"_blank\" rel=\"noopener\">Maison Darh\u00e8ne<\/a>, Le Saj, <a href=\"https:\/\/actu.fr\/hauts-de-france\/lille_59350\/les-ecureuils-vont-bientot-servir-leurs-delicieuses-patisseries-pralinees-a-lille_46543137.html\" target=\"_blank\" rel=\"noopener\">Les Ecureuils<\/a>, La Nouvelle Aventure, La Bottega, <a href=\"https:\/\/actu.fr\/hauts-de-france\/lille_59350\/une-nouvelle-boutique-de-donuts-ouvre-a-lille-on-vous-dit-ou-et-quand_56517494.html\" target=\"_blank\" rel=\"noopener\">Donuts &amp; Donuts<\/a>, Parents Primeurs, <a href=\"https:\/\/actu.fr\/hauts-de-france\/lille_59350\/lille-limparfait-salon-de-the-culturel-ouvre-ses-portes-ce-samedi_61721333.html\" target=\"_blank\" rel=\"noopener\">L\u2019Imparfait<\/a>, <a href=\"https:\/\/actu.fr\/hauts-de-france\/lille_59350\/nouveau-a-lille-le-traiteur-coreen-le-palais-de-seoul-ouvre-rue-gambetta_60771244.html\" target=\"_blank\" rel=\"noopener\">Palais de S\u00e9oul<\/a>, <a href=\"https:\/\/actu.fr\/hauts-de-france\/lille_59350\/a-lille-chti-bao-a-ouvert-son-restaurant-ou-la-cuisine-asiatique-est-revisitee_62599358.html\" target=\"_blank\" rel=\"noopener\">Ch\u2019ti Bao<\/a>, Les Petites Douceurs de Phuket, <a href=\"https:\/\/actu.fr\/hauts-de-france\/lille_59350\/lille-la-patisserie-portugaise-dona-bica-change-de-patrons-quelles-nouveautes_58384746.html\" target=\"_blank\" rel=\"noopener\">Dona Bica<\/a>, Cave L\u00e9on Gambetta, Phil\u00e9as, Pain du P\u00e8re, Fataya, Mimosa Caf\u00e9.<\/li>\n<\/ul>\n<p class=\" wall-content\"><a href=\"https:\/\/www.instagram.com\/p\/DKeAk9VKf-A\/embed\" title=\"Ouvrir le lien sur Instagram\" target=\"_blank\" rel=\"noopener\">Visualiser le contenu sur Instagram<\/a><\/p>\n<p>Une ambiance \u00e0 la Wazemmes<\/p>\n<p data-end=\"1677\" class=\" wall-content\">Le c\u0153ur de l\u2019\u00e9v\u00e9nement, c\u2019est aussi \u00e7a : <b data-end=\"1372\">une atmosph\u00e8re de quartier<\/b>, festive et accessible, entre voisins, curieux, familles, groupes d\u2019amis. La fanfare <b data-end=\"1458\">Jukepop<\/b> mettra l\u2019ambiance, tandis que le trio de jazz manouche <b data-end=\"1536\">UpSwing<\/b> posera une bande-son plus douce. On retrouvera aussi \u00ab\u00a0des animations pour petits et grands dans une ambiance festive et conviviale\u2026\u00a0 Bref, un concentr\u00e9 de ce qui fait Wazemmes pour une soir\u00e9e haute en couleur\u00a0\u00bb, annonce Waz\u2019en bouche.<\/p>\n<p>Vid\u00e9os : en ce moment sur Actu<\/p>\n<p data-end=\"2391\" class=\" wall-content\">Fond\u00e9e en f\u00e9vrier 2023 par l\u2019artisan-boucher <b data-end=\"2189\">Fran\u00e7ois Evrard<\/b>, l\u2019<b>association Waz\u2019en bouche<\/b> regroupe les artisans et commer\u00e7ants de bouche de la rue Gambetta et des Halles de Wazemmes. Son objectif : organiser des \u00e9v\u00e9nements festifs et populaires pour mettre en valeur le \u00ab\u00a0bien manger\u00a0\u00bb, et faire rayonner ce que beaucoup appellent <b data-end=\"2390\">le ventre de Lille<\/b>.<\/p>\n<p class=\" wall-content\">Suivez toute l\u2019actualit\u00e9 de vos villes et m\u00e9dias favoris en vous inscrivant \u00e0 <a href=\"https:\/\/moncompte.actu.fr\" title=\"D\u00e9couvez Mon Actu\" rel=\"nofollow noopener\" data-trk=\"{&quot;cta&quot;:{&quot;action&quot;:&quot;https:\\\/\\\/moncompte.actu.fr&quot;,&quot;category&quot;:&quot;mon compte&quot;,&quot;from&quot;:&quot;article footer&quot;,&quot;name&quot;:&quot;Mon actu&quot;,&quot;type&quot;:&quot;cta&quot;}}\" target=\"_blank\">Mon Actu<\/a>.<\/p>\n<p>                    <script async src=\"\/\/www.instagram.com\/embed.js\"><\/script><\/p>\n","protected":false},"excerpt":{"rendered":"Par Hervine Mahaud Publi\u00e9 le 7 juin 2025 \u00e0 17h40 Elle avait d\u00e9j\u00e0 mis l\u2019eau \u00e0 la bouche&hellip;\n","protected":false},"author":2,"featured_media":158990,"comment_status":"","ping_status":"","sticky":false,"template":"","format":"standard","meta":{"footnotes":""},"categories":[2815],"tags":[1111,11,6557,1777,674,1011,27,1661,811,1307,1652,12,25,1340],"class_list":{"0":"post-158989","1":"post","2":"type-post","3":"status-publish","4":"format-standard","5":"has-post-thumbnail","7":"category-lille","8":"tag-actu","9":"tag-actualites","10":"tag-bon-plan-a-lille","11":"tag-eu","12":"tag-europe","13":"tag-fr","14":"tag-france","15":"tag-gastronomie","16":"tag-hauts-de-france","17":"tag-lille","18":"tag-loisirs-culture","19":"tag-news","20":"tag-republique-francaise","21":"tag-restaurant"},"share_on_mastodon":{"url":"https:\/\/pubeurope.com\/@fr\/114643391273284947","error":""},"_links":{"self":[{"href":"https:\/\/www.europesays.com\/fr\/wp-json\/wp\/v2\/posts\/158989","targetHints":{"allow":["GET"]}}],"collection":[{"href":"https:\/\/www.europesays.com\/fr\/wp-json\/wp\/v2\/posts"}],"about":[{"href":"https:\/\/www.europesays.com\/fr\/wp-json\/wp\/v2\/types\/post"}],"author":[{"embeddable":true,"href":"https:\/\/www.europesays.com\/fr\/wp-json\/wp\/v2\/users\/2"}],"replies":[{"embeddable":true,"href":"https:\/\/www.europesays.com\/fr\/wp-json\/wp\/v2\/comments?post=158989"}],"version-history":[{"count":0,"href":"https:\/\/www.europesays.com\/fr\/wp-json\/wp\/v2\/posts\/158989\/revisions"}],"wp:featuredmedia":[{"embeddable":true,"href":"https:\/\/www.europesays.com\/fr\/wp-json\/wp\/v2\/media\/158990"}],"wp:attachment":[{"href":"https:\/\/www.europesays.com\/fr\/wp-json\/wp\/v2\/media?parent=158989"}],"wp:term":[{"taxonomy":"category","embeddable":true,"href":"https:\/\/www.europesays.com\/fr\/wp-json\/wp\/v2\/categories?post=158989"},{"taxonomy":"post_tag","embeddable":true,"href":"https:\/\/www.europesays.com\/fr\/wp-json\/wp\/v2\/tags?post=158989"}],"curies":[{"name":"wp","href":"https:\/\/api.w.org\/{rel}","templated":true}]}}