{"id":158994,"date":"2025-06-07T18:03:13","date_gmt":"2025-06-07T18:03:13","guid":{"rendered":"https:\/\/www.europesays.com\/fr\/158994\/"},"modified":"2025-06-07T18:03:13","modified_gmt":"2025-06-07T18:03:13","slug":"loeuvre-de-banksy-protegee-par-du-plexiglas-apres-avoir-ete-degradee-deux-fois-en-une-semaine","status":"publish","type":"post","link":"https:\/\/www.europesays.com\/fr\/158994\/","title":{"rendered":"L\u2019\u0153uvre de Banksy prot\u00e9g\u00e9e par du plexiglas apr\u00e8s avoir \u00e9t\u00e9 d\u00e9grad\u00e9e deux fois en une semaine"},"content":{"rendered":"<p><strong>CULTURE &#8211; Le syndic de l\u2019immeuble sur lequel se trouve l\u2019\u0153uvre de Banksy, \u00e0 Marseille, a d\u00e9cid\u00e9 de faire poser une vitre en plexiglas apr\u00e8s une nouvelle tentative de d\u00e9gradation<\/strong><\/p>\n<p><a href=\"https:\/\/www.20minutes.fr\/societe\/4156308-20250601-marseille-uvre-banksy-brievement-degradee-remise-etat?at_medium=RSS%20feed&amp;at_campaign=ynews&amp;utm_source=yahoo&amp;utm_medium=rss&amp;utm_campaign=news_feed&amp;utm_content=in_article_link\" rel=\"nofollow noopener\" target=\"_blank\" data-ylk=\"slk:Apr\u00e8s une nouvelle d\u00e9gradation;elm:context_link;itc:0;sec:content-canvas\" class=\"link \">Apr\u00e8s une nouvelle d\u00e9gradation<\/a>, l\u2019\u0153uvre de <a href=\"https:\/\/www.20minutes.fr\/dossier\/banksy?at_medium=RSS%20feed&amp;at_campaign=ynews&amp;utm_source=yahoo&amp;utm_medium=rss&amp;utm_campaign=news_feed&amp;utm_content=in_article_link\" rel=\"nofollow noopener\" target=\"_blank\" data-ylk=\"slk:Banksy;elm:context_link;itc:0;sec:content-canvas\" class=\"link \">Banksy<\/a>, <a href=\"https:\/\/www.20minutes.fr\/arts-stars\/culture\/4156172-20250530-marseille-banksy-fait-retour-sous-forme-phare-deuxieme-ville-francaise?at_medium=RSS%20feed&amp;at_campaign=ynews&amp;utm_source=yahoo&amp;utm_medium=rss&amp;utm_campaign=news_feed&amp;utm_content=in_article_link\" rel=\"nofollow noopener\" target=\"_blank\" data-ylk=\"slk:apparue le 30\u00a0mai dernier;elm:context_link;itc:0;sec:content-canvas\" class=\"link \">apparue le 30\u00a0mai dernier<\/a> \u00e0 l\u2019arri\u00e8re de la Corniche Kennedy \u00e0 <a href=\"https:\/\/www.20minutes.fr\/marseille\/?at_medium=RSS%20feed&amp;at_campaign=ynews&amp;utm_source=yahoo&amp;utm_medium=rss&amp;utm_campaign=news_feed&amp;utm_content=in_article_link\" rel=\"nofollow noopener\" target=\"_blank\" data-ylk=\"slk:Marseille;elm:context_link;itc:0;sec:content-canvas\" class=\"link \">Marseille<\/a>, dispose d\u00e9sormais d\u2019une vitre en plexiglas pour la prot\u00e9ger l\u2019\u0153uvre, relate <a href=\"https:\/\/www.laprovence.com\/article\/culture-loisirs\/70740377234478\/le-banksy-de-marseille-a-nouveau-tague-et-desormais-protege-par-un-plexiglass?at_medium=RSS%20feed&amp;at_campaign=ynews&amp;utm_source=yahoo&amp;utm_medium=rss&amp;utm_campaign=news_feed&amp;utm_content=in_article_link\" rel=\"nofollow noopener\" target=\"_blank\" data-ylk=\"slk:La Provence;elm:context_link;itc:0;sec:content-canvas\" class=\"link \">La Provence<\/a>.<\/p>\n<p>Le week-end dernier, le phare dessin\u00e9 accompagn\u00e9 de la phrase \u00ab\u00a0I want to be what you saw in me\u00a0\u00bb, &#8211; \u00ab\u00a0je veux \u00eatre ce que tu as vu en moi\u00a0\u00bb, en fran\u00e7ais &#8211; du c\u00e9l\u00e8bre street-artiste, avait \u00e9t\u00e9 la cible d\u2019un tag obsc\u00e8ne avant d\u2019\u00eatre restaur\u00e9 et prot\u00e9g\u00e9 par un vernis.<\/p>\n<p>Quelques jours plus tard, dans la nuit de jeudi \u00e0 vendredi, cinq personnes ont tent\u00e9 de d\u00e9grader l\u2019\u0153uvre avec de la peinture blanche, malgr\u00e9 la pr\u00e9sence d\u2019un vigile sur place.<\/p>\n<p>Une vitre en plexiglas avant un verre de protection<\/p>\n<p>Selon les informations du quotidien local, \u00e0 la suite de cet incident, le syndic de l\u2019immeuble a directement fait poser un panneau de plexiglas sur le dessin de Banksy, en attendant d\u2019avoir un verre de protection plus efficace.<\/p>\n<p><a href=\"https:\/\/www.20minutes.fr\/dossier\/banksy\" rel=\"nofollow noopener\" target=\"_blank\" data-ylk=\"slk:Notre dossier sur Banksy;elm:context_link;itc:0;sec:content-canvas\" class=\"link \">Notre dossier sur Banksy<\/a><\/p>\n<p>Les \u0153uvres de Banksy ont rapport\u00e9 plusieurs dizaines de millions de dollars, faisant de lui l\u2019un des artistes vivants les plus connus au monde, militant humaniste engag\u00e9 et ma\u00eetre de l\u2019art urbain pour les sp\u00e9cialistes.<\/p>\n<p><a href=\"https:\/\/www.20minutes.fr\/faits_divers\/faits-divers-marseille\/4157454-20250607-marseille-uvre-banksy-protegee-plexiglas-apres-avoir-degradee-deux-fois-semaine?at_medium=RSS%20feed&amp;at_campaign=ynews&amp;utm_source=yahoo&amp;utm_medium=rss&amp;utm_campaign=news_feed&amp;utm_content=read_more_link&quot;\" rel=\"nofollow noopener\" target=\"_blank\" data-ylk=\"slk:Lire la suite sur 20minutes;elm:context_link;itc:0;sec:content-canvas\" class=\"link \">Lire la suite sur 20minutes<\/a><\/p>\n<p>\u00c0 lire aussi :<br \/><a href=\"https:\/\/www.20minutes.fr\/societe\/4156308-20250601-marseille-uvre-banksy-brievement-degradee-remise-etat?at_medium=RSS%20feed&amp;at_campaign=ynews&amp;utm_source=yahoo&amp;utm_medium=rss&amp;utm_campaign=news_feed&amp;utm_content=related_content_link\" rel=\"nofollow noopener\" target=\"_blank\" data-ylk=\"slk:Marseille\u00a0: L\u2019\u0153uvre de Banksy qui avait \u00e9t\u00e9 bri\u00e8vement d\u00e9grad\u00e9e a \u00e9t\u00e9 remise en \u00e9tat;elm:context_link;itc:0;sec:content-canvas\" class=\"link \">Marseille\u00a0: L\u2019\u0153uvre de Banksy qui avait \u00e9t\u00e9 bri\u00e8vement d\u00e9grad\u00e9e a \u00e9t\u00e9 remise en \u00e9tat<\/a><br \/><a href=\"https:\/\/www.20minutes.fr\/arts-stars\/culture\/4156172-20250530-marseille-banksy-fait-retour-sous-forme-phare-deuxieme-ville-francaise?at_medium=RSS%20feed&amp;at_campaign=ynews&amp;utm_source=yahoo&amp;utm_medium=rss&amp;utm_campaign=news_feed&amp;utm_content=related_content_link\" rel=\"nofollow noopener\" target=\"_blank\" data-ylk=\"slk:Marseille\u00a0: Banksy fait son retour avec une \u0153uvre surprise dans la deuxi\u00e8me ville fran\u00e7aise;elm:context_link;itc:0;sec:content-canvas\" class=\"link \">Marseille\u00a0: Banksy fait son retour avec une \u0153uvre surprise dans la deuxi\u00e8me ville fran\u00e7aise<\/a><\/p>\n","protected":false},"excerpt":{"rendered":"CULTURE &#8211; Le syndic de l\u2019immeuble sur lequel se trouve l\u2019\u0153uvre de Banksy, \u00e0 Marseille, a d\u00e9cid\u00e9 de&hellip;\n","protected":false},"author":2,"featured_media":158995,"comment_status":"","ping_status":"","sticky":false,"template":"","format":"standard","meta":{"footnotes":""},"categories":[2814],"tags":[1111,11,7190,1777,674,1011,27,26574,884,12,29009,882,25],"class_list":{"0":"post-158994","1":"post","2":"type-post","3":"status-publish","4":"format-standard","5":"has-post-thumbnail","7":"category-marseille","8":"tag-actu","9":"tag-actualites","10":"tag-banksy","11":"tag-eu","12":"tag-europe","13":"tag-fr","14":"tag-france","15":"tag-loeuvre","16":"tag-marseille","17":"tag-news","18":"tag-plexiglas","19":"tag-provence-alpes-cote-dazur","20":"tag-republique-francaise"},"share_on_mastodon":{"url":"https:\/\/pubeurope.com\/@fr\/114643402971354969","error":""},"_links":{"self":[{"href":"https:\/\/www.europesays.com\/fr\/wp-json\/wp\/v2\/posts\/158994","targetHints":{"allow":["GET"]}}],"collection":[{"href":"https:\/\/www.europesays.com\/fr\/wp-json\/wp\/v2\/posts"}],"about":[{"href":"https:\/\/www.europesays.com\/fr\/wp-json\/wp\/v2\/types\/post"}],"author":[{"embeddable":true,"href":"https:\/\/www.europesays.com\/fr\/wp-json\/wp\/v2\/users\/2"}],"replies":[{"embeddable":true,"href":"https:\/\/www.europesays.com\/fr\/wp-json\/wp\/v2\/comments?post=158994"}],"version-history":[{"count":0,"href":"https:\/\/www.europesays.com\/fr\/wp-json\/wp\/v2\/posts\/158994\/revisions"}],"wp:featuredmedia":[{"embeddable":true,"href":"https:\/\/www.europesays.com\/fr\/wp-json\/wp\/v2\/media\/158995"}],"wp:attachment":[{"href":"https:\/\/www.europesays.com\/fr\/wp-json\/wp\/v2\/media?parent=158994"}],"wp:term":[{"taxonomy":"category","embeddable":true,"href":"https:\/\/www.europesays.com\/fr\/wp-json\/wp\/v2\/categories?post=158994"},{"taxonomy":"post_tag","embeddable":true,"href":"https:\/\/www.europesays.com\/fr\/wp-json\/wp\/v2\/tags?post=158994"}],"curies":[{"name":"wp","href":"https:\/\/api.w.org\/{rel}","templated":true}]}}