{"id":158999,"date":"2025-06-07T18:08:12","date_gmt":"2025-06-07T18:08:12","guid":{"rendered":"https:\/\/www.europesays.com\/fr\/158999\/"},"modified":"2025-06-07T18:08:12","modified_gmt":"2025-06-07T18:08:12","slug":"a-lecole-sainte-catherine-une-eleve-de-cp-accuse-un-garcon-de-ce2-de-viol-2","status":"publish","type":"post","link":"https:\/\/www.europesays.com\/fr\/158999\/","title":{"rendered":"\u00c0 l\u2019\u00e9cole Sainte-Catherine, une \u00e9l\u00e8ve de CP accuse un gar\u00e7on de CE2 de viol"},"content":{"rendered":"<p>Une enqu\u00eate a \u00e9t\u00e9 ouverte \u00e0 l\u2019\u00e9cole priv\u00e9e Sainte-Catherine, dans le 5e\u00a0arrondissement \u00e0 Paris, suite \u00e0 des soup\u00e7ons<a href=\"https:\/\/www.20minutes.fr\/societe\/4062812-20231120-veulent-voir-probleme-violences-sexuelles-entre-enfants-angle-mort-education-nationale\" class=\"color-ultramarine c-link\" target=\"_blank\" rel=\"noopener\"> de viol d\u2019un enfant sur une \u00e9l\u00e8ve<\/a>, selon la direction de l\u2019enseignement catholique et la parquet de Paris, contact\u00e9s par 20 Minutes, confirmant une information<a href=\"https:\/\/www.leparisien.fr\/faits-divers\/paris-une-fillette-de-cp-denonce-des-agressions-sexuelles-de-la-part-dun-eleve-de-ce2-dans-une-ecole-du-ve-06-06-2025-FAVFAGXV2JCR5GDCLHY4AIH6ZQ.php?at_variant=photo\" target=\"_blank\" class=\"color-ultramarine c-link\" rel=\"noopener\"> du journal Le Parisien.<\/a><\/p>\n<p>Une \u00e9l\u00e8ve de CP a d\u00e9nonc\u00e9 des agressions sexuelles commises dans les toilettes de l\u2019\u00e9tablissement par un autre enfant en CE2 d\u00e9but mai. Un signalement a \u00e9t\u00e9 fait le 16\u00a0mai dernier par un parent d\u2019\u00e9l\u00e8ve aupr\u00e8s de l\u2019\u00e9tablissement, \u00ab\u00a0indiquant que sa fille scolaris\u00e9e en CP aurait \u00e9t\u00e9 victime \u00e0 deux reprises d\u2019agressions sexuelles au sein de son \u00e9cole par un \u00e9l\u00e8ve de CE2\u00a0\u00bb, selon le rectorat, contact\u00e9 par le journal.<\/p>\n<p>Plan d\u2019action et parents m\u00e9contents<\/p>\n<p>\u00ab Une enqu\u00eate pr\u00e9liminaire est actuellement en cours \u00bb, a confirm\u00e9 le parquet de Paris \u00e0 20 Minutes. \u00ab\u00a0Il s\u2019agit de soup\u00e7ons graves. Nous travaillons en \u00e9troite relation avec la police\u00a0\u00bb indique \u00e0 20 Minutes Baptiste Jacomino, adjoint au directeur de l\u2019enseignement catholique de Paris, qui pr\u00e9cise que le mot \u00ab\u00a0viol\u00a0\u00bb a \u00e9t\u00e9 employ\u00e9 par la famille. Le responsable explique que l\u2019\u00e9l\u00e8ve suspect\u00e9 d\u2019agression n\u2019a pas \u00e9t\u00e9 exclu. Mais il pr\u00e9cise qu&rsquo;\u00ab\u00a0aucune d\u00e9cision d\u00e9finitive n\u2019a \u00e9t\u00e9 prise\u00a0\u00bb et que des zones de circulation peuvent \u00eatre instaur\u00e9es pour \u00e9viter que les enfants &#8211; victime d\u00e9clar\u00e9e et agresseur pr\u00e9sum\u00e9 &#8211; ne se croisent.<\/p>\n<p>\u00ab\u00a0Je vais rencontrer l\u2019ensemble des familles et nous avons mis en place un plan d\u2019action. On a fait intervenir une psychologue pour conseiller les adultes, et nous avons ouvert un point d\u2019\u00e9coute pour enfants et adultes. Notre priorit\u00e9 est double\u00a0: collaborer sur le plan de la proc\u00e9dure avec les autorit\u00e9s, et faire le travail \u00e9ducatif sur le consentement et l\u2019\u00e9ducation \u00e0 la vie relationnelle, affective et sexuelle\u00a0\u00bb, pr\u00e9cise Baptiste Jacomino.<\/p>\n<p>Plusieurs parents r\u00e9clament le d\u00e9part de l\u2019enfant suspect\u00e9 d\u2019agression sexuelle, selon Le Parisien. Contact\u00e9s, ni le parquet ni le rectorat de Paris n&rsquo;avaient r\u00e9pondu au moment de la publication de cet article. <\/p>\n<\/p>\n<p>559.000 victimes en primaire dans l\u2019\u00e9cole publique<\/p>\n<p>Pr\u00e8s de la moiti\u00e9 des personnes qui agressent sexuellement les mineurs sont des mineurs eux-m\u00eames, selon les statistiques de la justice, qui rapportent une explosion des faits en 20 ans. Entre\u00a01996 et\u00a02018, les affaires de viols avec des mineurs mis en cause<a href=\"https:\/\/www.cnape.fr\/documents\/ondrp_-les-mineurs-mis-en-cause-pour-violences-physiques-et-sexuelles-de-1996-a-2018\/\" target=\"_blank\" class=\"color-ultramarine c-link\" rel=\"noopener\"> ont augment\u00e9 de 279\u00a0%<\/a>.<\/p>\n<p>Selon l\u2019Enqu\u00eate harc\u00e8lement, publi\u00e9e en f\u00e9vrier\u00a02024 par l\u2019Education nationale, 16\u00a0% des \u00e9coliers et \u00e9coli\u00e8res du public d\u00e9clarent qu\u2019un ou plusieurs \u00e9l\u00e8ves ont essay\u00e9 de \u00ab\u00a0toucher des parties de son corps ou de les embrasser sans qu\u2019il ou elle dise oui\u00a0\u00bb, et pour 5\u00a0% d\u2019entre elles et eux, c\u2019est m\u00eame \u00ab\u00a0souvent\u00a0\u00bb ou \u00ab\u00a0tr\u00e8s souvent\u00a0\u00bb. Cela repr\u00e9senterait 559.000 \u00e9l\u00e8ves victimes, selon les<a href=\"https:\/\/www.20minutes.fr\/societe\/4147652-20250408-livre-tableau-noir-enquete-violences-sexuelles-entre-enfants-phenomene-ecole-veut-voir\" class=\"color-ultramarine c-link\" target=\"_blank\" rel=\"noopener\"> calculs du livre <\/a>Tableau noir. Violences sexuelles entre enfants, le ph\u00e9nom\u00e8ne massif que l\u2019\u00e9cole ne veut pas voir (Stock, avril\u00a02025).<\/p>\n","protected":false},"excerpt":{"rendered":"Une enqu\u00eate a \u00e9t\u00e9 ouverte \u00e0 l\u2019\u00e9cole priv\u00e9e Sainte-Catherine, dans le 5e\u00a0arrondissement \u00e0 Paris, suite \u00e0 des soup\u00e7ons&hellip;\n","protected":false},"author":2,"featured_media":159000,"comment_status":"","ping_status":"","sticky":false,"template":"","format":"standard","meta":{"footnotes":""},"categories":[1888],"tags":[1111,1928,47,11,1927,1122,16102,1057,1126,1777,674,1011,27,12,1926,626,1925,25,104,799],"class_list":{"0":"post-158999","1":"post","2":"type-post","3":"status-publish","4":"format-standard","5":"has-post-thumbnail","7":"category-paris","8":"tag-actu","9":"tag-actu-paris","10":"tag-actualite","11":"tag-actualites","12":"tag-actualites-paris","13":"tag-ecole","14":"tag-ecole-privee","15":"tag-education","16":"tag-education-nationale","17":"tag-eu","18":"tag-europe","19":"tag-fr","20":"tag-france","21":"tag-news","22":"tag-news-paris","23":"tag-paris","24":"tag-paris-news","25":"tag-republique-francaise","26":"tag-societe","27":"tag-violences-sexuelles"},"share_on_mastodon":{"url":"https:\/\/pubeurope.com\/@fr\/114643422622219445","error":""},"_links":{"self":[{"href":"https:\/\/www.europesays.com\/fr\/wp-json\/wp\/v2\/posts\/158999","targetHints":{"allow":["GET"]}}],"collection":[{"href":"https:\/\/www.europesays.com\/fr\/wp-json\/wp\/v2\/posts"}],"about":[{"href":"https:\/\/www.europesays.com\/fr\/wp-json\/wp\/v2\/types\/post"}],"author":[{"embeddable":true,"href":"https:\/\/www.europesays.com\/fr\/wp-json\/wp\/v2\/users\/2"}],"replies":[{"embeddable":true,"href":"https:\/\/www.europesays.com\/fr\/wp-json\/wp\/v2\/comments?post=158999"}],"version-history":[{"count":0,"href":"https:\/\/www.europesays.com\/fr\/wp-json\/wp\/v2\/posts\/158999\/revisions"}],"wp:featuredmedia":[{"embeddable":true,"href":"https:\/\/www.europesays.com\/fr\/wp-json\/wp\/v2\/media\/159000"}],"wp:attachment":[{"href":"https:\/\/www.europesays.com\/fr\/wp-json\/wp\/v2\/media?parent=158999"}],"wp:term":[{"taxonomy":"category","embeddable":true,"href":"https:\/\/www.europesays.com\/fr\/wp-json\/wp\/v2\/categories?post=158999"},{"taxonomy":"post_tag","embeddable":true,"href":"https:\/\/www.europesays.com\/fr\/wp-json\/wp\/v2\/tags?post=158999"}],"curies":[{"name":"wp","href":"https:\/\/api.w.org\/{rel}","templated":true}]}}