{"id":159005,"date":"2025-06-07T18:11:09","date_gmt":"2025-06-07T18:11:09","guid":{"rendered":"https:\/\/www.europesays.com\/fr\/159005\/"},"modified":"2025-06-07T18:11:09","modified_gmt":"2025-06-07T18:11:09","slug":"condamnee-pour-avoir-frappe-une-fillette-linstitutrice-est-lourdement-sanctionnee-par-le-rectorat","status":"publish","type":"post","link":"https:\/\/www.europesays.com\/fr\/159005\/","title":{"rendered":"condamn\u00e9e pour avoir frapp\u00e9 une fillette, l&rsquo;institutrice est lourdement sanctionn\u00e9e par le rectorat"},"content":{"rendered":"<p>            Par<br \/>\n        <strong><br \/>\n            <a href=\"https:\/\/actu.fr\/auteur\/thomas-martin\" title=\"Consulter tous les articles de Thomas Martin\" rel=\"nofollow noopener\" target=\"_blank\">Thomas Martin<\/a><br \/>\n        <\/strong><\/p>\n<p>        Publi\u00e9 le<\/p>\n<p>            7 juin 2025 \u00e0 20h03        <\/p>\n<p>Une deuxi\u00e8me lame qui frappe fort. Une institutrice de 52 ans condamn\u00e9e en f\u00e9vrier \u00e0 <a href=\"https:\/\/actu.fr\/ile-de-france\/paris_75056\/fillette-de-3-ans-violemment-frappee-a-paris-l-institutrice-condamnee-a-une-amende_62286430.html\" rel=\"nofollow noopener\" target=\"_blank\">une amende<\/a> pour avoir <a href=\"https:\/\/actu.fr\/ile-de-france\/paris_75056\/des-images-choquantes-une-enfant-de-3-ans-violemment-frappee-par-son-institutrice-a-paris_61587362.html\" rel=\"nofollow noopener\" target=\"_blank\">violent\u00e9 une enfant de 3 ans<\/a> de l\u2019\u00e9cole maternelle des Fr\u00e8res-Voisin, dans le 15e arrondissement de Paris, apr\u00e8s avoir perdu son \u00ab\u00a0sang-froid\u00a0\u00bb, a \u00e9t\u00e9 suspendue un an sans versement de salaire par le rectorat, a-t-on appris samedi aupr\u00e8s de son avocat. <strong>\u00ab\u00a0Cette sanction est extr\u00eamement lourde et disproportionn\u00e9e\u00a0\u00bb<\/strong>, a r\u00e9agi l\u2019avocat de l\u2019enseignante, Me Laurent Hazan, joint par l\u2019AFP.\u00a0<\/p>\n<p>Une enseignante qui affiche 30 ans de carri\u00e8re<\/p>\n<p class=\" wall-content\">Sa cliente, qui a re\u00e7u d\u00e9but mai une sanction administrative de deux ans de suspension, dont un avec sursis, sans traitement, a d\u00e9pos\u00e9 un recours \u00ab\u00a0gracieux et hi\u00e9rarchique\u00a0\u00bb aupr\u00e8s du rectorat et de la tutelle de ce dernier, le minist\u00e8re de l\u2019Education nationale.<\/p>\n<p class=\" wall-content\">\u00ab\u00a0Nous esp\u00e9rons que la dur\u00e9e de cette suspension sans salaire soit r\u00e9duite. En cas d\u2019\u00e9chec, ce que nous n\u2019esp\u00e9rons pas, nous saisirons le tribunal administratif\u00a0\u00bb, a indiqu\u00e9 l\u2019avocat. \u00ab\u00a0Cette sanction va \u00e0 l\u2019encontre de l\u2019enqu\u00eate interne qui pr\u00e9conisait la cl\u00e9mence et un accompagnement\u00a0\u00bb, a relev\u00e9 Me Hazan, d\u00e9fendant le parcours \u00ab\u00a0sans aucune difficult\u00e9\u00a0\u00bb de l\u2019enseignante au cours de ses 30 ans de carri\u00e8re.<\/p>\n<p class=\" wall-content\">Suspendue \u00e0 titre provisoire depuis les faits, survenus au lendemain de la rentr\u00e9e, l\u2019enseignante n\u2019a pas exerc\u00e9 depuis. Contact\u00e9 samedi le rectorat n\u2019a pas r\u00e9pondu.<\/p>\n<p>Pas de mention au casier judiciaire<\/p>\n<p class=\" wall-content\">Le 3 septembre 2024, elle avait \u00e9t\u00e9 film\u00e9e par une m\u00e8re d\u2019\u00e9l\u00e8ve en train d\u2019ass\u00e9ner un violent coup au niveau du dos \u00e0 une petite fille en larmes.\u00a0<\/p>\n<p>Vid\u00e9os : en ce moment sur Actu<\/p>\n<p class=\" wall-content\">Cette sc\u00e8ne s\u2019\u00e9tait d\u00e9roul\u00e9e au lendemain d\u2019une rentr\u00e9e difficile pour cette classe de petite section de maternelle o\u00f9 \u00e9taient accueilli 29 \u00e9l\u00e8ves, certains atteints de handicap.<br \/>Le 21 f\u00e9vrier, le tribunal correctionnel de Paris avait condamn\u00e9 la quinquag\u00e9naire \u00e0 3 000 euros d\u2019amende, dont la moiti\u00e9 avec sursis et d\u00e9cid\u00e9 de ne pas inscrire cette condamnation \u00e0 son casier judiciaire.<\/p>\n<p class=\" wall-content\">Les juges avaient alors tenu compte de \u00ab\u00a0l\u2019intensit\u00e9 du coup port\u00e9\u00a0\u00bb, ainsi que du contexte de \u00ab\u00a0forte pression\u00a0\u00bb pesant sur l\u2019institutrice, et du fait qu\u2019il s\u2019agissait d\u2019un \u00ab\u00a0fait isol\u00e9\u00a0\u00bb.\u00a0<\/p>\n<p class=\" wall-content\"><strong>Avec AFP<\/strong><\/p>\n<p class=\" wall-content\">Suivez toute l\u2019actualit\u00e9 de vos villes et m\u00e9dias favoris en vous inscrivant \u00e0 <a href=\"https:\/\/moncompte.actu.fr\" title=\"D\u00e9couvez Mon Actu\" rel=\"nofollow noopener\" data-trk=\"{&quot;cta&quot;:{&quot;action&quot;:&quot;https:\\\/\\\/moncompte.actu.fr&quot;,&quot;category&quot;:&quot;mon compte&quot;,&quot;from&quot;:&quot;article footer&quot;,&quot;name&quot;:&quot;Mon actu&quot;,&quot;type&quot;:&quot;cta&quot;}}\" target=\"_blank\">Mon Actu<\/a>.<\/p>\n<ul class=\"ac-article-tag wall-content\">\n<li><a href=\"https:\/\/actu.fr\/tag\/academie-de-paris\" data-trk=\"{&quot;cta&quot;:{&quot;action&quot;:&quot;Acad\\u00e9mie de Paris&quot;,&quot;category&quot;:&quot;tag&quot;,&quot;from&quot;:&quot;article footer&quot;,&quot;name&quot;:&quot;Acad\\u00e9mie de Paris&quot;,&quot;type&quot;:&quot;cta&quot;}}\" rel=\"nofollow noopener\" target=\"_blank\">#Acad\u00e9mie de Paris<\/a><\/li>\n<li><a href=\"https:\/\/actu.fr\/tag\/education\" data-trk=\"{&quot;cta&quot;:{&quot;action&quot;:&quot;Education&quot;,&quot;category&quot;:&quot;tag&quot;,&quot;from&quot;:&quot;article footer&quot;,&quot;name&quot;:&quot;Education&quot;,&quot;type&quot;:&quot;cta&quot;}}\" rel=\"nofollow noopener\" target=\"_blank\">#Education<\/a><\/li>\n<\/ul>\n","protected":false},"excerpt":{"rendered":"Par Thomas Martin Publi\u00e9 le 7 juin 2025 \u00e0 20h03 Une deuxi\u00e8me lame qui frappe fort. Une institutrice&hellip;\n","protected":false},"author":2,"featured_media":159006,"comment_status":"","ping_status":"","sticky":false,"template":"","format":"standard","meta":{"footnotes":""},"categories":[1888],"tags":[29011,11,1057,1777,674,1011,27,12,626,25,104],"class_list":{"0":"post-159005","1":"post","2":"type-post","3":"status-publish","4":"format-standard","5":"has-post-thumbnail","7":"category-paris","8":"tag-academie-de-paris","9":"tag-actualites","10":"tag-education","11":"tag-eu","12":"tag-europe","13":"tag-fr","14":"tag-france","15":"tag-news","16":"tag-paris","17":"tag-republique-francaise","18":"tag-societe"},"share_on_mastodon":{"url":"https:\/\/pubeurope.com\/@fr\/114643434480918309","error":""},"_links":{"self":[{"href":"https:\/\/www.europesays.com\/fr\/wp-json\/wp\/v2\/posts\/159005","targetHints":{"allow":["GET"]}}],"collection":[{"href":"https:\/\/www.europesays.com\/fr\/wp-json\/wp\/v2\/posts"}],"about":[{"href":"https:\/\/www.europesays.com\/fr\/wp-json\/wp\/v2\/types\/post"}],"author":[{"embeddable":true,"href":"https:\/\/www.europesays.com\/fr\/wp-json\/wp\/v2\/users\/2"}],"replies":[{"embeddable":true,"href":"https:\/\/www.europesays.com\/fr\/wp-json\/wp\/v2\/comments?post=159005"}],"version-history":[{"count":0,"href":"https:\/\/www.europesays.com\/fr\/wp-json\/wp\/v2\/posts\/159005\/revisions"}],"wp:featuredmedia":[{"embeddable":true,"href":"https:\/\/www.europesays.com\/fr\/wp-json\/wp\/v2\/media\/159006"}],"wp:attachment":[{"href":"https:\/\/www.europesays.com\/fr\/wp-json\/wp\/v2\/media?parent=159005"}],"wp:term":[{"taxonomy":"category","embeddable":true,"href":"https:\/\/www.europesays.com\/fr\/wp-json\/wp\/v2\/categories?post=159005"},{"taxonomy":"post_tag","embeddable":true,"href":"https:\/\/www.europesays.com\/fr\/wp-json\/wp\/v2\/tags?post=159005"}],"curies":[{"name":"wp","href":"https:\/\/api.w.org\/{rel}","templated":true}]}}