{"id":159007,"date":"2025-06-07T18:12:16","date_gmt":"2025-06-07T18:12:16","guid":{"rendered":"https:\/\/www.europesays.com\/fr\/159007\/"},"modified":"2025-06-07T18:12:16","modified_gmt":"2025-06-07T18:12:16","slug":"la-russie-pilonne-le-pays-lechange-de-prisonniers-compromis","status":"publish","type":"post","link":"https:\/\/www.europesays.com\/fr\/159007\/","title":{"rendered":"La Russie pilonne le pays, l\u2019\u00e9change de prisonniers compromis"},"content":{"rendered":"<p><strong>R\u00e9cap &#8211; \u00ab 20 Minutes \u00bb fait le point pour vous tous les soirs sur le conflit en Ukraine. Ce samedi, au moins dix personnes ont \u00e9t\u00e9 tu\u00e9es dans des frappes russes sur le territoire ukrainien<\/strong><\/p>\n<p>Vous avez rat\u00e9 les derniers \u00e9v\u00e9nements sur la <a href=\"https:\/\/www.20minutes.fr\/monde\/ukraine\/?at_medium=RSS%20feed&amp;at_campaign=ynews&amp;utm_source=yahoo&amp;utm_medium=rss&amp;utm_campaign=news_feed&amp;utm_content=in_article_link\" rel=\"nofollow noopener\" target=\"_blank\" data-ylk=\"slk:guerre en Ukraine;elm:context_link;itc:0;sec:content-canvas\" class=\"link \">guerre en Ukraine<\/a> ? 20 Minutes fait le point pour vous tous les soirs. Voici l\u2019essentiel de ce samedi 7 juin 2025, 1.200e jour du conflit.<\/p>\n<p>Le fait du jour<\/p>\n<p>Des frappes russes ont tu\u00e9 dix personnes ce samedi en Ukraine, apr\u00e8s la promesse de Moscou <a href=\"https:\/\/www.20minutes.fr\/monde\/ukraine\/4156860-20250605-guerre-ukraine-coups-eclat-kiev-epine-pied-rouleau-compresseur-russe?at_medium=RSS%20feed&amp;at_campaign=ynews&amp;utm_source=yahoo&amp;utm_medium=rss&amp;utm_campaign=news_feed&amp;utm_content=in_article_link\" rel=\"nofollow noopener\" target=\"_blank\" data-ylk=\"slk:d\u2019une \u00ab riposte \u00bb \u00e0 la destruction d\u2019une partie de sa flotte a\u00e9rienne.;elm:context_link;itc:0;sec:content-canvas\" class=\"link \">d\u2019une \u00ab riposte \u00bb \u00e0 la destruction d\u2019une partie de sa flotte a\u00e9rienne.<\/a> L\u2019attaque a touch\u00e9 notamment Kherson (sud) et Kharkiv, deuxi\u00e8me ville d\u2019Ukraine, qui a subi \u00ab l\u2019attaque la plus puissante depuis le d\u00e9but de la guerre \u00bb, selon son maire, Igor Terekhov.<\/p>\n<p>Selon les autorit\u00e9s, trois personnes ont aussi perdu la vie \u00e0 Kherson (sud), tandis que pr\u00e8s du front dans la r\u00e9gion de <a href=\"https:\/\/www.20minutes.fr\/dossier\/donetsk?at_medium=RSS%20feed&amp;at_campaign=ynews&amp;utm_source=yahoo&amp;utm_medium=rss&amp;utm_campaign=news_feed&amp;utm_content=in_article_link\" rel=\"nofollow noopener\" target=\"_blank\" data-ylk=\"slk:Donetsk;elm:context_link;itc:0;sec:content-canvas\" class=\"link \">Donetsk<\/a> (est), des frappes ont fait trois morts. La <a href=\"https:\/\/www.20minutes.fr\/monde\/russie\/?at_medium=RSS%20feed&amp;at_campaign=ynews&amp;utm_source=yahoo&amp;utm_medium=rss&amp;utm_campaign=news_feed&amp;utm_content=in_article_link\" rel=\"nofollow noopener\" target=\"_blank\" data-ylk=\"slk:Russie;elm:context_link;itc:0;sec:content-canvas\" class=\"link \">Russie <\/a>a multipli\u00e9 les frappes contre l\u2019Ukraine ces derni\u00e8res semaines et les n\u00e9gociations directes organis\u00e9es en Turquie n\u2019ont pas abouti \u00e0 l\u2019instauration d\u2019une tr\u00eave. \u00ab La Russie continue sa terreur contre les civils \u00bb, a d\u00e9clar\u00e9 le ministre des Affaires \u00e9trang\u00e8res Andri\u00ef Sybiga, appelant \u00e0 \u00ab accro\u00eetre la pression sur Moscou \u00bb pour \u00ab mettre fin aux massacres et destructions perp\u00e9tr\u00e9es par la Russie \u00bb.<\/p>\n<p>La d\u00e9claration du jour<\/p>\n<blockquote class=\"caas-blockquote\">\n<p>\u00ab Personne n\u2019obtiendra tout ce qu\u2019il veut, mais ils obtiendront ce qui est possible \u00bb<\/p>\n<\/blockquote>\n<p>C\u2019est une d\u00e9claration du pr\u00e9sident br\u00e9silien Luiz Inacio Lula da Silva, en visite en France. Il a sugg\u00e9r\u00e9 que l\u2019ONU prenne la t\u00eate d\u2019un groupe de pays qui ne sont \u00ab pas impliqu\u00e9s dans la guerre \u00bb en Ukraine pour tenter de trouver un accord entre Kiev et Moscou, l(&#8230;)<\/p>\n<p><a href=\"https:\/\/www.20minutes.fr\/monde\/ukraine\/4157462-20250607-guerre-ukraine-russie-pilonne-pays-echange-prisonniers-compromis?at_medium=RSS%20feed&amp;at_campaign=ynews&amp;utm_source=yahoo&amp;utm_medium=rss&amp;utm_campaign=news_feed&amp;utm_content=read_more_link\" rel=\"nofollow noopener\" target=\"_blank\" data-ylk=\"slk:Lire la suite sur 20minutes;elm:context_link;itc:0;sec:content-canvas\" class=\"link \">Lire la suite sur 20minutes<\/a><\/p>\n<p>\u00c0 lire aussi :<br \/><a href=\"https:\/\/www.20minutes.fr\/monde\/ukraine\/4156852-20250607-guerre-ukraine-delegation-ukrainienne-paix-portait-ecussons-nazis-faux?at_medium=RSS%20feed&amp;at_campaign=ynews&amp;utm_source=yahoo&amp;utm_medium=rss&amp;utm_campaign=news_feed&amp;utm_content=related_content_link\" rel=\"nofollow noopener\" target=\"_blank\" data-ylk=\"slk:Guerre en Ukraine : La d\u00e9l\u00e9gation ukrainienne pour la paix portait-elle des \u00e9cussons nazis ? C\u2019est faux;elm:context_link;itc:0;sec:content-canvas\" class=\"link \">Guerre en Ukraine : La d\u00e9l\u00e9gation ukrainienne pour la paix portait-elle des \u00e9cussons nazis ? C\u2019est faux<\/a><br \/><a href=\"https:\/\/www.20minutes.fr\/monde\/ukraine\/4157379-20250606-guerre-ukraine-heure-vengeance-russie-sonne-drones-clandestins-kiev-faufilent-encore?at_medium=RSS%20feed&amp;at_campaign=ynews&amp;utm_source=yahoo&amp;utm_medium=rss&amp;utm_campaign=news_feed&amp;utm_content=related_content_link\" rel=\"nofollow noopener\" target=\"_blank\" data-ylk=\"slk:Guerre en Ukraine : L\u2019heure de la vengeance de la Russie a sonn\u00e9 et les drones clandestins de Kiev se faufilent encore;elm:context_link;itc:0;sec:content-canvas\" class=\"link \">Guerre en Ukraine : L\u2019heure de la vengeance de la Russie a sonn\u00e9 et les drones clandestins de Kiev se faufilent encore<\/a><\/p>\n","protected":false},"excerpt":{"rendered":"R\u00e9cap &#8211; \u00ab 20 Minutes \u00bb fait le point pour vous tous les soirs sur le conflit en&hellip;\n","protected":false},"author":2,"featured_media":159008,"comment_status":"","ping_status":"","sticky":false,"template":"","format":"standard","meta":{"footnotes":""},"categories":[1591],"tags":[642,11,1887,2489,12,1885,1886,132,220],"class_list":{"0":"post-159007","1":"post","2":"type-post","3":"status-publish","4":"format-standard","5":"has-post-thumbnail","7":"category-russie","8":"tag-20-minutes","9":"tag-actualites","10":"tag-federation-de-russie","11":"tag-la-russie","12":"tag-news","13":"tag-russia","14":"tag-russian-federation","15":"tag-russie","16":"tag-ukraine"},"share_on_mastodon":{"url":"https:\/\/pubeurope.com\/@fr\/114643438617903287","error":""},"_links":{"self":[{"href":"https:\/\/www.europesays.com\/fr\/wp-json\/wp\/v2\/posts\/159007","targetHints":{"allow":["GET"]}}],"collection":[{"href":"https:\/\/www.europesays.com\/fr\/wp-json\/wp\/v2\/posts"}],"about":[{"href":"https:\/\/www.europesays.com\/fr\/wp-json\/wp\/v2\/types\/post"}],"author":[{"embeddable":true,"href":"https:\/\/www.europesays.com\/fr\/wp-json\/wp\/v2\/users\/2"}],"replies":[{"embeddable":true,"href":"https:\/\/www.europesays.com\/fr\/wp-json\/wp\/v2\/comments?post=159007"}],"version-history":[{"count":0,"href":"https:\/\/www.europesays.com\/fr\/wp-json\/wp\/v2\/posts\/159007\/revisions"}],"wp:featuredmedia":[{"embeddable":true,"href":"https:\/\/www.europesays.com\/fr\/wp-json\/wp\/v2\/media\/159008"}],"wp:attachment":[{"href":"https:\/\/www.europesays.com\/fr\/wp-json\/wp\/v2\/media?parent=159007"}],"wp:term":[{"taxonomy":"category","embeddable":true,"href":"https:\/\/www.europesays.com\/fr\/wp-json\/wp\/v2\/categories?post=159007"},{"taxonomy":"post_tag","embeddable":true,"href":"https:\/\/www.europesays.com\/fr\/wp-json\/wp\/v2\/tags?post=159007"}],"curies":[{"name":"wp","href":"https:\/\/api.w.org\/{rel}","templated":true}]}}