{"id":159009,"date":"2025-06-07T18:13:24","date_gmt":"2025-06-07T18:13:24","guid":{"rendered":"https:\/\/www.europesays.com\/fr\/159009\/"},"modified":"2025-06-07T18:13:24","modified_gmt":"2025-06-07T18:13:24","slug":"report-inattendu-ou-manipulation-la-russie-et-lukraine-saccusent-de-perturber-lechange-de-prisonniers-apres-des-frappe","status":"publish","type":"post","link":"https:\/\/www.europesays.com\/fr\/159009\/","title":{"rendered":"Report \u00ab\u00a0inattendu\u00a0\u00bb ou \u00ab\u00a0manipulation\u00a0\u00bb\u00a0? La Russie et l\u2019Ukraine s\u2019accusent de perturber l\u2019\u00e9change de prisonniers apr\u00e8s des frappes russes"},"content":{"rendered":"<p class=\"latino-300b text-grey-800\">\n<p>  Par\u00a0<br \/>\nLe Nouvel Obs avec AFP          <\/p>\n<p class=\"latino-300r text-grey-600\">\n      Publi\u00e9 le<\/p>\n<p>    7 juin 2025 \u00e0 17h53<\/p>\n<p>      <img fetchpriority=\"high\" decoding=\"async\" class=\"mx-auto\" src=\"data:image\/svg+xml,%3Csvg%20xmlns%3D%27http%3A%2F%2Fwww.w3.org%2F2000%2Fsvg%27%20fill%3D%22%23e4e4e4%22%20viewBox%3D%270%200%20510%20340%27%20width%3D%22510%22%20height%3D%22340%22%3E%3Cpath%20d%3D%27M0%200h510v340H0z%27%2F%3E%3C%2Fsvg%3E\"  loading=\"eager\" width=\"510\" height=\"340\" data-oncrawl-image-size=\"510x340\" alt=\"Un immeuble r\u00e9sidentiel d\u00e9truit apr\u00e8s une frappe russe \u00e0 Kharkiv, en Ukraine, le 7\u00a0juin 2025.\"\/>      <\/p>\n<p class=\"latino-100m text-grey-600\">\n            Un immeuble r\u00e9sidentiel d\u00e9truit apr\u00e8s une frappe russe \u00e0 Kharkiv, en Ukraine, le 7\u00a0juin 2025.\u00a0ANDRII MARIENKO\/AP\/SIPA        <\/p>\n<p>    Lire\u00a0plus\u00a0tard  <\/p>\n<p><a aria-label=\"Nous suivre sur Google News\" href=\"https:\/\/news.google.com\/publications\/CAAqBwgKMJe4nQkw3dFs?hl=fr&amp;gl=FR&amp;ceid=FR%3Afr\" target=\"_blank\" data-piano=\"Page_Article,Sous_date_publi,Nous_suivre_sur_google_news,1er_clic,action\" class=\"btn btn--small btn--secondary\" rel=\"nofollow noopener\"><\/p>\n<p>      Google Actualit\u00e9s<br \/>\n  <\/a><\/p>\n<p>  Partager<\/p>\n<p>        Facebook<\/p>\n<p>        Bluesky<\/p>\n<p>        E-mail<\/p>\n<p>        Copier le lien<\/p>\n<p>      Envoyer<\/p>\n<p>    Temps de lecture\u00a0:\u00a02\u00a0min.<\/p>\n<p class=\"node__paragraphe antonia-750r text-grey-800 pb-24 pb-md-30\">\nLa Russie et l\u2019Ukraine se sont accus\u00e9es ce samedi 7\u00a0juin de perturber <a href=\"https:\/\/www.nouvelobs.com\/monde\/20250224.OBS100697\/guerre-en-ukraine-l-histoire-selon-la-propagande-de-poutine-est-gravee-sur-ma-peau-au-sens-propre.html\" rel=\"nofollow noopener\" target=\"_blank\">l\u2019\u00e9change de prisonniers<\/a> devant avoir lieu ce week-end, apr\u00e8s des frappes russes de grande envergure ayant notamment touch\u00e9 Kharkiv, la deuxi\u00e8me ville ukrainienne.<\/p>\n<p class=\"node__paragraphe antonia-750r text-grey-800 pb-24 pb-md-30\">\nSelon le n\u00e9gociateur en chef russe Vladimir Medinski, \u00ab\u00a0la partie ukrainienne a report\u00e9 de mani\u00e8re inattendue la r\u00e9ception des corps\u00a0\u00bb de soldats tu\u00e9s \u00ab\u00a0et l\u2019\u00e9change de prisonniers de guerre \u00e0 une date ind\u00e9termin\u00e9e\u00a0\u00bb.<\/p>\n<p class=\"node__paragraphe antonia-750r text-grey-800 pb-24 pb-md-30\">\nC\u00f4t\u00e9 ukrainien, le Quartier g\u00e9n\u00e9ral de coordination pour le traitement des prisonniers de guerre a d\u00e9menti ces d\u00e9clarations, accusant Moscou de \u00ab\u00a0jeux d\u00e9loyaux\u00a0\u00bb et de \u00ab\u00a0manipulation\u00a0\u00bb. Cet \u00e9change programm\u00e9 pour ce week-end selon Moscou et Kiev \u00e9tait le seul r\u00e9sultat concret <a href=\"https:\/\/www.nouvelobs.com\/monde\/20250602.OBS104538\/pas-de-cessez-le-feu-echange-de-prisonniers-et-3e-round-de-negociations-ce-que-se-sont-dit-l-ukraine-et-la-russie-a-istanbul.html\" rel=\"nofollow noopener\" target=\"_blank\">des pourparlers directs russo-ukrainiens en Turquie lundi<\/a>.<\/p>\n<p class=\"latino-500b text-grey-600 pb-16\">A lire aussi<\/p>\n<p><a href=\"https:\/\/www.nouvelobs.com\/monde\/20250528.OBS104379\/l-operateur-qui-suit-la-cible-n-est-pas-celui-qui-l-acheve-mais-ca-peut-arriver-que-tu-fasses-les-deux-en-ukraine-la-guerre-via-l-ecran-des-pilotes-de-drone.html\" data-article-key=\"20250528.OBS104379\" class=\"link--box flex-grow-1\" data-piano=\"Page_Article,Lire_aussi,,Lien1,navigation\" rel=\"nofollow noopener\" target=\"_blank\"><\/p>\n<p>                <img decoding=\"async\" src=\"data:image\/svg+xml,%3Csvg%20xmlns%3D%27http%3A%2F%2Fwww.w3.org%2F2000%2Fsvg%27%20fill%3D%22%23e4e4e4%22%20viewBox%3D%270%200%20120%2080%27%20width%3D%22120%22%20height%3D%2280%22%3E%3Cpath%20d%3D%27M0%200h120v80H0z%27%2F%3E%3C%2Fsvg%3E\"  width=\"120\" height=\"79\" loading=\"lazy\" alt=\"Reconnaissance a\u00e9rienne \u00e0 l\u2019aide d\u2019un drone Domakha\u00a0dans la r\u00e9gion de Donetsk, en Ukraine, &#10;le 2\u00a0mai 2025.\"\/><\/p>\n<p class=\"latino-300r latino-lg-600m text-grey-800\">\n                      <strong class=\"latino-300b latino-lg-600m text-grey-500\">Reportage\u00a0<\/strong><br \/>\n                    \u00ab\u00a0L\u2019op\u00e9rateur qui suit la cible n\u2019est pas celui qui l\u2019ach\u00e8ve, mais \u00e7a peut arriver que tu fasses les deux\u00a0\u00bb\u00a0: en Ukraine, la guerre via l\u2019\u00e9cran des pilotes de drone        <\/p>\n<p><\/a><\/p>\n<p>    Lire\u00a0plus\u00a0tard  <\/p>\n<p class=\"node__paragraphe antonia-750r text-grey-800 pb-24 pb-md-30\">\nLes deux parties avaient alors convenu de lib\u00e9rer tous les prisonniers de guerre gri\u00e8vement bless\u00e9s ou malades, ainsi que ceux \u00e2g\u00e9s de moins de 25\u00a0ans, ce qui aurait fait de cet \u00e9change le plus important de la guerre apr\u00e8s un pr\u00e9c\u00e9dent ayant concern\u00e9 1\u00a0000 personnes de chaque c\u00f4t\u00e9 en mai.<\/p>\n<p>Des frappes russes en \u00ab\u00a0riposte\u00a0\u00bb de l\u2019op\u00e9ration \u00ab\u00a0Toile d\u2019araign\u00e9e\u00a0\u00bb<\/p>\n<p class=\"node__paragraphe antonia-750r text-grey-800 pb-24 pb-md-30\">\nA l\u2019issue des n\u00e9gociations d\u2019Istanbul, le pr\u00e9sident ukrainien <a href=\"https:\/\/www.nouvelobs.com\/teleobs\/20250513.OBS103849\/zelensky-les-trois-vies-d-un-acharne.html\" rel=\"nofollow noopener\" target=\"_blank\">Volodymyr Zelensky<\/a> avait assur\u00e9 qu\u2019il aurait lieu ce week-end et la Russie avait dit \u00eatre pr\u00eate pour ce samedi, dimanche ou lundi. Ce samedi, Moscou a affirm\u00e9 avoir transmis une liste \u00e0 l\u2019Ukraine, qui, selon elle, ne \u00ab\u00a0correspond pas\u00a0\u00bb aux termes de l\u2019accord.<\/p>\n<p class=\"node__paragraphe antonia-750r text-grey-800 pb-24 pb-md-30\">\nConcernant les d\u00e9pouilles, le n\u00e9gociateur russe Vladimir Medinski a appel\u00e9 Kiev \u00e0 \u00ab\u00a0r\u00e9cup\u00e9rer les corps de 6\u00a0000 soldats\u00a0\u00bb ukrainiens, dont \u00ab\u00a01\u00a0212 sont d\u00e9j\u00e0 sur le lieu d\u2019\u00e9change\u00a0\u00bb. L\u2019Ukraine a r\u00e9pliqu\u00e9 qu\u2019aucune \u00ab\u00a0date n\u2019avait encore \u00e9t\u00e9 fix\u00e9e\u00a0\u00bb.<\/p>\n<p class=\"latino-500b text-grey-600 pb-16\">A lire aussi<\/p>\n<p><a href=\"https:\/\/www.nouvelobs.com\/monde\/20250314.OBS101415\/le-train-varsovie-kiev-roule-toujours-au-rythme-de-la-guerre-en-ukraine-entre-diplomatie-du-chemin-de-fer-et-derniere-connexion-avec-le-monde.html\" data-article-key=\"20250314.OBS101415\" class=\"link--box flex-grow-1\" data-piano=\"Page_Article,Lire_aussi,,Lien2,navigation\" rel=\"nofollow noopener\" target=\"_blank\"><\/p>\n<p>                <img decoding=\"async\" src=\"data:image\/svg+xml,%3Csvg%20xmlns%3D%27http%3A%2F%2Fwww.w3.org%2F2000%2Fsvg%27%20fill%3D%22%23e4e4e4%22%20viewBox%3D%270%200%20120%2080%27%20width%3D%22120%22%20height%3D%2280%22%3E%3Cpath%20d%3D%27M0%200h120v80H0z%27%2F%3E%3C%2Fsvg%3E\"  width=\"120\" height=\"79\" loading=\"lazy\" alt=\"A la gare de\u00a0Chelm en\u00a0Pologne, le\u00a026\u00a0janvier.\u00a0\"\/><\/p>\n<p class=\"latino-300r latino-lg-600m text-grey-800\">\n                      <strong class=\"latino-300b latino-lg-600m text-grey-500\">Reportage\u00a0<\/strong><br \/>\n                    Le train Varsovie-Kiev roule toujours au rythme de la guerre en Ukraine, entre \u00ab\u00a0diplomatie du chemin de fer\u00a0\u00bb et derni\u00e8re connexion avec le monde\u2026        <\/p>\n<p><\/a><\/p>\n<p>    Lire\u00a0plus\u00a0tard  <\/p>\n<p class=\"node__paragraphe antonia-750r text-grey-800 pb-24 pb-md-30\">\nCes accusations interviennent apr\u00e8s d\u2019importantes frappes russes nocturnes en Ukraine, apr\u00e8s la promesse de Moscou d\u2019une \u00ab\u00a0riposte\u00a0\u00bb \u00e0 la destruction d\u2019une partie de sa flotte de combat a\u00e9rienne lors de<a href=\"https:\/\/www.nouvelobs.com\/monde\/20250602.OBS104536\/des-milliards-de-dollars-de-degats-le-tournant-de-l-operation-toile-d-araignee-ou-comment-l-ukraine-a-frappe-la-russie-au-c-ur.html\" rel=\"nofollow noopener\" target=\"_blank\"> l\u2019op\u00e9ration \u00ab\u00a0Toile d\u2019araign\u00e9e\u00a0\u00bb des services secrets ukrainiens<\/a>. Au total, il y a eu huit morts ce samedi sur le territoire ukrainien, donc cinq dans les bombardements de la nuit derni\u00e8re.<\/p>\n<p class=\"node__paragraphe antonia-750r text-grey-800 pb-24 pb-md-30\">\nA Kharkiv, une ville particuli\u00e8rement vis\u00e9e, trois personnes ont p\u00e9ri et au moins 17 ont \u00e9t\u00e9 bless\u00e9es, selon son maire Igor Terekhov. Cette cit\u00e9 a subi \u00ab\u00a0l\u2019attaque la plus puissante depuis le d\u00e9but de la guerre\u00a0\u00bb, a-t-il comment\u00e9.<\/p>\n<p>\u00ab\u00a0La Russie poursuit sa terreur contre les civils\u00a0\u00bb<\/p>\n<p class=\"node__paragraphe antonia-750r text-grey-800 pb-24 pb-md-30\">\nSelon les autorit\u00e9s r\u00e9gionales, deux personnes ont aussi perdu la vie \u00e0 Kherson (sud), tandis que, pr\u00e8s du front, dans la r\u00e9gion de Donetsk (est), des frappes ont fait trois morts. \u00ab\u00a0La Russie poursuit sa terreur contre les civils\u00a0\u00bb, a d\u00e9nonc\u00e9 le ministre ukrainien des Affaires \u00e9trang\u00e8res Andri\u00ef Sybiga, appelant \u00e0 \u00ab\u00a0accro\u00eetre la pression sur Moscou\u00a0\u00bb pour \u00ab\u00a0mettre fin aux massacres et aux destructions perp\u00e9tr\u00e9s par la Russie\u00a0\u00bb. Dans la nuit de vendredi \u00e0 ce samedi, un total de <a href=\"https:\/\/www.nouvelobs.com\/monde\/20250528.OBS104377\/guerre-en-ukraine-des-experts-de-l-onu-estiment-que-des-attaques-de-drones-russes-sont-des-crimes-contre-l-humanite.html\" rel=\"nofollow noopener\" target=\"_blank\">206 drones Shahed<\/a> et de neuf missiles ont \u00e9t\u00e9 tir\u00e9s par les forces russes, a recens\u00e9 l\u2019arm\u00e9e de l\u2019air ukrainienne.<\/p>\n<p class=\"node__paragraphe antonia-750r text-grey-800 pb-24 pb-md-30\">\nDe son c\u00f4t\u00e9, le commandement russe a assur\u00e9 avoir cibl\u00e9 des \u00ab\u00a0entreprises du complexe militaro-industriel ukrainien, des ateliers d\u2019assemblage de drones, des centres de maintenance technique et de r\u00e9paration d\u2019armes et de mat\u00e9riel militaire, ainsi que des d\u00e9p\u00f4ts de munitions\u00a0\u00bb. Le minist\u00e8re russe de la D\u00e9fense a affirm\u00e9 que 36 drones ukrainiens avaient \u00e9t\u00e9 d\u00e9truits dans la nuit de vendredi \u00e0 samedi dans les r\u00e9gions de Moscou, de Koursk et de Smolensk notamment.<\/p>\n<p class=\"latino-500b text-grey-600 pb-16\">A lire aussi<\/p>\n<p><a href=\"https:\/\/www.nouvelobs.com\/monde\/20250528.OBS104359\/guerre-en-ukraine-les-drones-c-est-devenu-l-arme-populaire-a-l-image-du-cocktail-molotov.html\" data-article-key=\"20250528.OBS104359\" class=\"link--box flex-grow-1\" data-piano=\"Page_Article,Lire_aussi,,Lien3,navigation\" rel=\"nofollow noopener\" target=\"_blank\"><\/p>\n<p>                <img decoding=\"async\" src=\"data:image\/svg+xml,%3Csvg%20xmlns%3D%27http%3A%2F%2Fwww.w3.org%2F2000%2Fsvg%27%20fill%3D%22%23e4e4e4%22%20viewBox%3D%270%200%20120%2080%27%20width%3D%22120%22%20height%3D%2280%22%3E%3Cpath%20d%3D%27M0%200h120v80H0z%27%2F%3E%3C%2Fsvg%3E\"  width=\"120\" height=\"80\" loading=\"lazy\" alt=\"Le pr\u00e9sident ukrainien, Volodymyr Zelensky, et le pr\u00e9sident russe, Vladimir Poutine.\"\/><\/p>\n<p class=\"latino-300r latino-lg-600m text-grey-800\">\n                      <strong class=\"latino-300b latino-lg-600m text-grey-500\">D\u00e9cryptage\u00a0<\/strong><br \/>\n                    Guerre en Ukraine\u00a0: \u00ab\u00a0Les drones, c\u2019est devenu l\u2019arme populaire, \u00e0 l\u2019image du cocktail Molotov\u00a0\u00bb        <\/p>\n<p><\/a><\/p>\n<p>    Lire\u00a0plus\u00a0tard  <\/p>\n<p class=\"node__paragraphe antonia-750r text-grey-800 pb-24 pb-md-30\">\nCes frappes interviennent \u00e0 un moment o\u00f9 les n\u00e9gociations de paix sont dans l\u2019impasse apr\u00e8s le deuxi\u00e8me cycle de pourparlers directs entre Russes et Ukrainiens \u00e0 Istanbul lundi. <a href=\"https:\/\/www.nouvelobs.com\/monde\/20250604.OBS104622\/trump-a-parle-avec-poutine-et-previent-qu-il-n-y-aura-pas-de-paix-immediate-en-ukraine.html\" rel=\"nofollow noopener\" target=\"_blank\">Signe de son intransigeance<\/a>, tandis que les exigences des deux camps semblent inconciliables, le Kremlin a pr\u00e9sent\u00e9 l\u2019invasion de l\u2019Ukraine, qu\u2019il a d\u00e9clench\u00e9e en f\u00e9vrier\u00a02022, comme \u00ab\u00a0une question existentielle\u00a0\u00bb.<\/p>\n<p class=\"node__paragraphe antonia-750r text-grey-800 pb-24 pb-md-30\">\nSur le plan diplomatique international, le pr\u00e9sident br\u00e9silien Luiz Inacio Lula da Silva, en visite en France, a sugg\u00e9r\u00e9 ce samedi que l\u2019ONU prenne la t\u00eate d\u2019un groupe de pays \u00ab\u00a0pas impliqu\u00e9s dans la guerre\u00a0\u00bb en Ukraine pour tenter de trouver un accord entre Kiev et Moscou.<\/p>\n<p class=\"latino-600m text-grey-800\">\n<p>  Par\u00a0<br \/>\nLe Nouvel Obs avec AFP    <\/p>\n","protected":false},"excerpt":{"rendered":"Par\u00a0 Le Nouvel Obs avec AFP Publi\u00e9 le 7 juin 2025 \u00e0 17h53 Un immeuble r\u00e9sidentiel d\u00e9truit apr\u00e8s&hellip;\n","protected":false},"author":2,"featured_media":159010,"comment_status":"","ping_status":"","sticky":false,"template":"","format":"standard","meta":{"footnotes":""},"categories":[1590],"tags":[17,29013,11,1777,674,131,29012,15670,74,12,20433,24384,132,220],"class_list":{"0":"post-159009","1":"post","2":"type-post","3":"status-publish","4":"format-standard","5":"has-post-thumbnail","7":"category-ukraine","8":"tag-17","9":"tag-accusent","10":"tag-actualites","11":"tag-eu","12":"tag-europe","13":"tag-guerre-en-ukraine","14":"tag-inattendu","15":"tag-manipulation","16":"tag-monde","17":"tag-news","18":"tag-perturber","19":"tag-report","20":"tag-russie","21":"tag-ukraine"},"share_on_mastodon":{"url":"https:\/\/pubeurope.com\/@fr\/114643442520966081","error":""},"_links":{"self":[{"href":"https:\/\/www.europesays.com\/fr\/wp-json\/wp\/v2\/posts\/159009","targetHints":{"allow":["GET"]}}],"collection":[{"href":"https:\/\/www.europesays.com\/fr\/wp-json\/wp\/v2\/posts"}],"about":[{"href":"https:\/\/www.europesays.com\/fr\/wp-json\/wp\/v2\/types\/post"}],"author":[{"embeddable":true,"href":"https:\/\/www.europesays.com\/fr\/wp-json\/wp\/v2\/users\/2"}],"replies":[{"embeddable":true,"href":"https:\/\/www.europesays.com\/fr\/wp-json\/wp\/v2\/comments?post=159009"}],"version-history":[{"count":0,"href":"https:\/\/www.europesays.com\/fr\/wp-json\/wp\/v2\/posts\/159009\/revisions"}],"wp:featuredmedia":[{"embeddable":true,"href":"https:\/\/www.europesays.com\/fr\/wp-json\/wp\/v2\/media\/159010"}],"wp:attachment":[{"href":"https:\/\/www.europesays.com\/fr\/wp-json\/wp\/v2\/media?parent=159009"}],"wp:term":[{"taxonomy":"category","embeddable":true,"href":"https:\/\/www.europesays.com\/fr\/wp-json\/wp\/v2\/categories?post=159009"},{"taxonomy":"post_tag","embeddable":true,"href":"https:\/\/www.europesays.com\/fr\/wp-json\/wp\/v2\/tags?post=159009"}],"curies":[{"name":"wp","href":"https:\/\/api.w.org\/{rel}","templated":true}]}}