{"id":159021,"date":"2025-06-07T18:19:09","date_gmt":"2025-06-07T18:19:09","guid":{"rendered":"https:\/\/www.europesays.com\/fr\/159021\/"},"modified":"2025-06-07T18:19:09","modified_gmt":"2025-06-07T18:19:09","slug":"le-bateau-humanitaire-transportant-rima-hassan-et-greta-thunberg-se-rapproche-de-gaza","status":"publish","type":"post","link":"https:\/\/www.europesays.com\/fr\/159021\/","title":{"rendered":"Le bateau humanitaire transportant Rima Hassan et Greta Thunberg se rapproche de Gaza"},"content":{"rendered":"<p>Le navire Madleen, avec \u00e0 son bord 12 militants contre le blocus de Gaza, se situe au large des c\u00f4tes \u00e9gyptiennes et devrait atteindre la bande de Gaza dans 48 heures.<\/p>\n<p class=\"fig-paragraph\">Un navire humanitaire avec \u00e0 son bord 12 militants, dont l&rsquo;activiste \u00e9cologiste su\u00e9doise Greta Thunberg et l\u2019eurod\u00e9put\u00e9e LFI Rima Hassan, a atteint les c\u00f4tes \u00e9gyptiennes et se rapproche de la\u00a0<a href=\"http:\/\/www.lefigaro.fr\/international\/c-est-la-loi-de-la-jungle-dans-la-bande-de-gaza-la-distribution-humanitaire-vire-encore-au-bain-de-sang-20250603\" data-fig-type=\"Article\" data-gtm-custom-categorie=\"navigation\" data-gtm-custom-action=\"crossclick\" data-gtm-custom-label=\"Contextuel\" data-gtm-event=\"customEventSPE\" data-fig-domain=\"LEFIGARO\" target=\"_blank\" rel=\"noopener\">bande de Gaza d\u00e9vast\u00e9e<\/a>\u00a0par la guerre et assi\u00e9g\u00e9e par Isra\u00ebl, ont annonc\u00e9 samedi les organisateurs. Il devrait atteindre Gaza dans 48 heures. Le Madleen, un voilier de la Coalition de la\u00a0<a href=\"http:\/\/www.lefigaro.fr\/flash-actu\/cette-mission-est-moins-dangereuse-que-le-silence-du-monde-entier-rima-hassan-et-greta-thunberg-prennent-le-large-en-direction-de-gaza-20250602\" data-fig-type=\"NewsFlash\" data-gtm-custom-categorie=\"navigation\" data-gtm-custom-action=\"crossclick\" data-gtm-custom-label=\"Contextuel\" data-gtm-event=\"customEventSPE\" data-fig-domain=\"LEFIGARO\" target=\"_blank\" rel=\"noopener\">flottille pour la libert\u00e9<\/a>, est parti le 1er juin de Sicile en direction de Gaza pour apporter de l&rsquo;aide humanitaire et \u00abbriser le blocus isra\u00e9lien\u00bb impos\u00e9 au territoire palestinien menac\u00e9 de famine selon l&rsquo;ONU.<\/p>\n<p class=\"fig-paragraph\">\u00abNous naviguons actuellement au large des c\u00f4tes \u00e9gyptiennes\u00bb, a d\u00e9clar\u00e9 \u00e0 l&rsquo;AFP la militante allemande des droits humains Yasemin Acar\u00a0: \u00abTout va bien.\u00bb L&rsquo;\u00e9quipage a cependant indiqu\u00e9 avoir vu des drones voler \u00e0 proximit\u00e9 du bateau ces derniers jours. Selon une vid\u00e9o publi\u00e9e par la coalition sur les r\u00e9seaux sociaux, un drone des garde-c\u00f4tes hell\u00e9niques aurait notamment survol\u00e9 le Madleen mardi soir.<\/p>\n<p class=\"fig-paragraph\">\u00abNous sommes pleinement conscients des potentielles cons\u00e9quences\u00bb de ce voyage, a d\u00e9clar\u00e9 Yasemin Acar, alors que l&rsquo;arm\u00e9e isra\u00e9lienne avait indiqu\u00e9 mardi \u00eatre pr\u00eate \u00e0 \u00abprot\u00e9ger l&rsquo;espace maritime\u00bb contre le bateau. Yasemin Acar a pr\u00e9cis\u00e9 que le Madleen naviguait sous pavillon britannique, sans dire quand ni o\u00f9 le navire tenterait d&rsquo;arriver \u00e0 Gaza.<\/p>\n<p>\u00abInitiative importante de solidarit\u00e9\u00bb<\/p>\n<p class=\"fig-paragraph\">Dans un communiqu\u00e9 publi\u00e9 samedi depuis Londres, le Comit\u00e9 international pour briser le si\u00e8ge de Gaza &#8211; organisation membre de la Coalition de la flottille &#8211; a indiqu\u00e9 que le navire \u00e9tait entr\u00e9 dans les eaux de l&rsquo;\u00c9gypte, voisine de la bande de Gaza. Il a dit \u00eatre en contact avec les instances juridiques internationales afin de garantir la s\u00e9curit\u00e9 des personnes \u00e0 bord, avertissant que toute interception constituerait \u00abune violation flagrante du droit international humanitaire\u00bb.<\/p>\n<p class=\"fig-paragraph\">Parmi les personnes \u00e0 bord figurent des ressortissants allemands, fran\u00e7ais, br\u00e9siliens, turcs, su\u00e9dois, espagnols et n\u00e9erlandais. L&rsquo;eurod\u00e9put\u00e9e fran\u00e7aise Rima Hassan, \u00e0 bord, a indiqu\u00e9 que plus de 200 parlementaires europ\u00e9ens avaient sign\u00e9 une lettre ouverte adress\u00e9e \u00e0 Isra\u00ebl, demandant que le Madleen soit autoris\u00e9 \u00e0 atteindre Gaza.<\/p>\n<p class=\"fig-paragraph\">Dans un communiqu\u00e9 publi\u00e9 vendredi,\u00a0<a href=\"http:\/\/www.lefigaro.fr\/flash-actu\/declaree-organisation-indesirable-par-moscou-amnesty-international-promet-de-continuer-son-travail-20250519\" data-fig-type=\"NewsFlash\" data-gtm-custom-categorie=\"navigation\" data-gtm-custom-action=\"crossclick\" data-gtm-custom-label=\"Contextuel\" data-gtm-event=\"customEventSPE\" data-fig-domain=\"LEFIGARO\" target=\"_blank\" rel=\"noopener\">Amnesty International<\/a>\u00a0a qualifi\u00e9 le voyage d&rsquo;\u00abinitiative importante de solidarit\u00e9\u00bb. D\u00e9non\u00e7ant \u00abl&rsquo;une des pires catastrophes humanitaires d&rsquo;origine humaine au monde\u00bb \u00e0 Gaza, l&rsquo;ONG a affirm\u00e9 qu&rsquo;il \u00abn&rsquo;y a aucune justification\u00bb pour emp\u00eacher l&rsquo;aide humanitaire d&rsquo;entrer dans le territoire palestinien.<\/p>\n<p class=\"fig-body-link\">\n            \u00c0 lire aussi<br \/>\n        <a class=\"fig-body-link__link\" href=\"http:\/\/www.lefigaro.fr\/flash-actu\/nous-nous-preparons-a-une-possible-attaque-en-route-vers-gaza-rima-hassan-s-inquiete-de-la-presence-de-drones-20250604\" data-fig-type=\"NewsFlash\" data-gtm-custom-categorie=\"navigation\" data-gtm-custom-action=\"crossclick\" data-gtm-custom-label=\"Contextuel\" data-gtm-event=\"customEventSPE\" data-fig-domain=\"LEFIGARO\" target=\"_blank\" rel=\"noopener\">\u00abNous nous pr\u00e9parons \u00e0 une possible attaque\u00bb: en route vers Gaza, Rima Hassan s\u2019inqui\u00e8te de la pr\u00e9sence de drones<br \/>\n    <\/a>\n<\/p>\n<p>Un premier navire endommag\u00e9<\/p>\n<p class=\"fig-paragraph\">Depuis le 7 octobre 2023, Isra\u00ebl m\u00e8ne une offensive de repr\u00e9sailles destructrice \u00e0 Gaza que l\u2019\u00c9tat h\u00e9breu assi\u00e8ge depuis le d\u00e9but de la guerre avec l&rsquo;objectif affich\u00e9 de prendre le contr\u00f4le du territoire, de d\u00e9truire le Hamas et de le pousser \u00e0 rendre les otages enlev\u00e9s le jour de l&rsquo;attaque et emmen\u00e9s \u00e0 Gaza.<\/p>\n<p class=\"fig-paragraph\">La Coalition de la flottille pour la libert\u00e9, fond\u00e9e en 2010, est un mouvement international non violent de solidarit\u00e9 avec les Palestiniens, avec une dimension humanitaire et de plaidoyer politique contre le blocus de Gaza.<\/p>\n<p class=\"fig-paragraph\">D\u00e9but mai, un navire avec lequel la Coalition de la flottille pour la libert\u00e9 esp\u00e9rait r\u00e9cup\u00e9rer des sympathisants &#8211; dont Greta Thunberg &#8211; \u00e0 Malte, puis se rendre \u00e0 Gaza, avait \u00e9t\u00e9 endommag\u00e9. Les militants avaient dit soup\u00e7onner une attaque de drones isra\u00e9liens.<\/p>\n","protected":false},"excerpt":{"rendered":"Le navire Madleen, avec \u00e0 son bord 12 militants contre le blocus de Gaza, se situe au large&hellip;\n","protected":false},"author":2,"featured_media":159022,"comment_status":"","ping_status":"","sticky":false,"template":"","format":"standard","meta":{"footnotes":""},"categories":[2],"tags":[259,11,260,4628,1011,27,26418,14,261,12,262,25,15442],"class_list":{"0":"post-159021","1":"post","2":"type-post","3":"status-publish","4":"format-standard","5":"has-post-thumbnail","7":"category-actualites","8":"tag-actualite-internationale","9":"tag-actualites","10":"tag-affaires-etrangeres","11":"tag-bande-de-gaza","12":"tag-fr","13":"tag-france","14":"tag-greta-thunberg","15":"tag-international","16":"tag-ministere-des-affaires-etrangeres","17":"tag-news","18":"tag-politique-etrangere","19":"tag-republique-francaise","20":"tag-rima-hassan"},"share_on_mastodon":{"url":"https:\/\/pubeurope.com\/@fr\/114643465859224347","error":""},"_links":{"self":[{"href":"https:\/\/www.europesays.com\/fr\/wp-json\/wp\/v2\/posts\/159021","targetHints":{"allow":["GET"]}}],"collection":[{"href":"https:\/\/www.europesays.com\/fr\/wp-json\/wp\/v2\/posts"}],"about":[{"href":"https:\/\/www.europesays.com\/fr\/wp-json\/wp\/v2\/types\/post"}],"author":[{"embeddable":true,"href":"https:\/\/www.europesays.com\/fr\/wp-json\/wp\/v2\/users\/2"}],"replies":[{"embeddable":true,"href":"https:\/\/www.europesays.com\/fr\/wp-json\/wp\/v2\/comments?post=159021"}],"version-history":[{"count":0,"href":"https:\/\/www.europesays.com\/fr\/wp-json\/wp\/v2\/posts\/159021\/revisions"}],"wp:featuredmedia":[{"embeddable":true,"href":"https:\/\/www.europesays.com\/fr\/wp-json\/wp\/v2\/media\/159022"}],"wp:attachment":[{"href":"https:\/\/www.europesays.com\/fr\/wp-json\/wp\/v2\/media?parent=159021"}],"wp:term":[{"taxonomy":"category","embeddable":true,"href":"https:\/\/www.europesays.com\/fr\/wp-json\/wp\/v2\/categories?post=159021"},{"taxonomy":"post_tag","embeddable":true,"href":"https:\/\/www.europesays.com\/fr\/wp-json\/wp\/v2\/tags?post=159021"}],"curies":[{"name":"wp","href":"https:\/\/api.w.org\/{rel}","templated":true}]}}