{"id":159025,"date":"2025-06-07T18:21:11","date_gmt":"2025-06-07T18:21:11","guid":{"rendered":"https:\/\/www.europesays.com\/fr\/159025\/"},"modified":"2025-06-07T18:21:11","modified_gmt":"2025-06-07T18:21:11","slug":"allemagne-france-il-faudra-fermer-les-espaces-julian-nagelsmann-devoile-sa-strategie-face-aux-bleus","status":"publish","type":"post","link":"https:\/\/www.europesays.com\/fr\/159025\/","title":{"rendered":"Allemagne &#8211; France\u00a0: \u00ab\u00a0Il faudra fermer les espaces\u00a0\u00bb, Julian Nagelsmann d\u00e9voile sa strat\u00e9gie face aux Bleus"},"content":{"rendered":"<p class=\"paragraph text_align_left\">Julian Nagelsmann, le s\u00e9lectionneur de l\u2019Allemagne, a d\u00e9clar\u00e9 se m\u00e9fier de la \u00ab vitesse \u00bb des attaquants de l\u2019\u00e9quipe de France \u00e0 la veille <a href=\"https:\/\/www.leparisien.fr\/sports\/football\/equipe-de-france\/allemagne-france-que-se-passera-t-il-en-cas-degalite-a-la-fin-du-temps-reglementaire-07-06-2025-ENH27KAQXRFTXKTU4AIET3LYU4.php\" target=\"_self\" rel=\"noopener\">du match pour la troisi\u00e8me place de la Ligue des nations \u00e0 Stuttgart<\/a>, dimanche (15h00).<\/p>\n<p class=\"paragraph text_align_left\">\u00ab Il ne faudra pas laisser trop de marge de man\u0153uvre \u00e0 l\u2019adversaire et le laisser profiter de sa vitesse, il faudra fermer les espaces \u00bb, a pr\u00e9venu le technicien samedi en conf\u00e9rence de presse.<\/p>\n<p class=\"paragraph text_align_left\">\u00ab Les Fran\u00e7ais sont tr\u00e8s forts, a-t-il ajout\u00e9, mais ce n\u2019est pas parce que nous n\u2019avons pas de d\u00e9fenseur qui coure \u00e0 36 km\/h que l\u2019on va dire qu\u2019on ne joue pas le match ! Joshua Kimmich a bien r\u00e9ussi \u00e0 freiner Neto qui va \u00e0 36 km\/h (lors de la demi-finale perdue contre le Portugal (2-1), NDLR) \u00bb, a ajout\u00e9 Nagelsmann en souriant.<\/p>\n<p class=\"paragraph text_align_left\">Le coach allemand a \u00e9galement estim\u00e9 que la d\u00e9faite des Bleus contre l\u2019Espagne (5-4) dans l\u2019autre demi-finale \u00e9tait s\u00e9v\u00e8re.<\/p>\n<p class=\"paragraph text_align_left\">\u00ab La France a mieux jou\u00e9, notamment les 20 premi\u00e8res minutes, a jug\u00e9 Nagelsmann. Puis il y a eu un peu de confusion pendant quelques minutes et ils se sont retrouv\u00e9s men\u00e9s, mais l\u2019Espagne n\u2019avait pas eu d\u2019action avant celle qui a men\u00e9 le premier but. Les Espagnols ont \u00e9t\u00e9 efficaces, mais je ne pense pas qu\u2019ils \u00e9taient tellement sup\u00e9rieurs. \u00bb<\/p>\n","protected":false},"excerpt":{"rendered":"Julian Nagelsmann, le s\u00e9lectionneur de l\u2019Allemagne, a d\u00e9clar\u00e9 se m\u00e9fier de la \u00ab vitesse \u00bb des attaquants de&hellip;\n","protected":false},"author":2,"featured_media":159026,"comment_status":"","ping_status":"","sticky":false,"template":"","format":"standard","meta":{"footnotes":""},"categories":[4],"tags":[11,27345,63,1011,27,12,25,60],"class_list":{"0":"post-159025","1":"post","2":"type-post","3":"status-publish","4":"format-standard","5":"has-post-thumbnail","7":"category-france","8":"tag-actualites","9":"tag-equipe_france_foot","10":"tag-football","11":"tag-fr","12":"tag-france","13":"tag-news","14":"tag-republique-francaise","15":"tag-sports"},"share_on_mastodon":{"url":"https:\/\/pubeurope.com\/@fr\/114643473859050081","error":""},"_links":{"self":[{"href":"https:\/\/www.europesays.com\/fr\/wp-json\/wp\/v2\/posts\/159025","targetHints":{"allow":["GET"]}}],"collection":[{"href":"https:\/\/www.europesays.com\/fr\/wp-json\/wp\/v2\/posts"}],"about":[{"href":"https:\/\/www.europesays.com\/fr\/wp-json\/wp\/v2\/types\/post"}],"author":[{"embeddable":true,"href":"https:\/\/www.europesays.com\/fr\/wp-json\/wp\/v2\/users\/2"}],"replies":[{"embeddable":true,"href":"https:\/\/www.europesays.com\/fr\/wp-json\/wp\/v2\/comments?post=159025"}],"version-history":[{"count":0,"href":"https:\/\/www.europesays.com\/fr\/wp-json\/wp\/v2\/posts\/159025\/revisions"}],"wp:featuredmedia":[{"embeddable":true,"href":"https:\/\/www.europesays.com\/fr\/wp-json\/wp\/v2\/media\/159026"}],"wp:attachment":[{"href":"https:\/\/www.europesays.com\/fr\/wp-json\/wp\/v2\/media?parent=159025"}],"wp:term":[{"taxonomy":"category","embeddable":true,"href":"https:\/\/www.europesays.com\/fr\/wp-json\/wp\/v2\/categories?post=159025"},{"taxonomy":"post_tag","embeddable":true,"href":"https:\/\/www.europesays.com\/fr\/wp-json\/wp\/v2\/tags?post=159025"}],"curies":[{"name":"wp","href":"https:\/\/api.w.org\/{rel}","templated":true}]}}