{"id":159033,"date":"2025-06-07T18:25:08","date_gmt":"2025-06-07T18:25:08","guid":{"rendered":"https:\/\/www.europesays.com\/fr\/159033\/"},"modified":"2025-06-07T18:25:08","modified_gmt":"2025-06-07T18:25:08","slug":"lamericaine-coco-gauff-remporte-la-finale-apres-un-match-fou-contre-aryna-sabalenka","status":"publish","type":"post","link":"https:\/\/www.europesays.com\/fr\/159033\/","title":{"rendered":"l&rsquo;Am\u00e9ricaine Coco Gauff remporte la finale apr\u00e8s un match fou contre Aryna Sabalenka"},"content":{"rendered":"<p>            Par<br \/>\n        <strong><br \/>\n            <a href=\"https:\/\/actu.fr\/auteur\/redaction-actu\" title=\"Consulter tous les articles de R\u00e9daction Actu\" target=\"_blank\" rel=\"noopener\">R\u00e9daction Actu<\/a><br \/>\n        <\/strong><\/p>\n<p>        Publi\u00e9 le<\/p>\n<p>            7 juin 2025 \u00e0 18h07        <\/p>\n<p>Une rencontre accroch\u00e9e sur le court Philippe-Chatrier. L\u2019Am\u00e9ricaine Coco Gauff a d\u00e9fait la num\u00e9ro\u00a01 mondiale Aryna Sabalenka en trois sets (6-7, 6-2, 6-4) ce samedi 7\u00a0juin 2025, au terme d\u2019un match de haut vol. Elle d\u00e9croche ainsi son premier Roland-Garros.<\/p>\n<p class=\" wall-content\">\u00c0 21\u00a0ans, la Floridienne d\u00e9croche son deuxi\u00e8me titre en Grand Chelem apr\u00e8s l\u2019US Open 2023, o\u00f9 elle avait d\u00e9j\u00e0 domin\u00e9 la B\u00e9larusse en finale.<\/p>\n<p>Finaliste en 2022<\/p>\n<p class=\" wall-content\">Jusqu\u2019\u00e0 cette finale sur le court Philippe-Chatrier, les deux joueuses comptaient chacune 17 victoires sur terre battue.<\/p>\n<p class=\" wall-content\">La derni\u00e8re opposition entre N.1 et N.2 en finale de Roland-Garros remonte \u00e0 2013, entre Serena Williams et Maria Sharapova, remport\u00e9e par l\u2019Am\u00e9ricaine.<\/p>\n<p class=\" wall-content\">Elle avait d\u00e9j\u00e0 \u00e9t\u00e9 finaliste \u00e0 Roland-Garros en 2022 \u00e0 18\u00a0ans mais tr\u00e8s s\u00e8chement battue par la Polonaise Iga Swiatek (6-1, 6-3).<\/p>\n<p>Vid\u00e9os : en ce moment sur ActuElle a battu la Fran\u00e7aise Lois Boisson en demi-finale<\/p>\n<p class=\" wall-content\">Emprunt\u00e9e en quart de finale face \u00e0 sa compatriote Madison Keys (8e), o\u00f9 elle avait conc\u00e9d\u00e9 la premi\u00e8re manche et montr\u00e9 des difficult\u00e9s au service, Gauff s\u2019est reprise en demi-finale.<\/p>\n<p class=\" wall-content\">Face \u00e0 la surprise fran\u00e7aise <a href=\"https:\/\/actu.fr\/bourgogne-franche-comte\/dijon_21231\/qui-est-lois-boisson-cette-jeune-dijonnaise-qui-fait-sensation-a-roland-garros_62720108.html\" target=\"_blank\" rel=\"noopener\">Lo\u00efs Boisson<\/a>, l\u2019Am\u00e9ricaine de 21\u00a0ans a \u00e9t\u00e9 exp\u00e9ditive ne l\u00e2chant que trois petits jeux, gr\u00e2ce \u00e0 un coup droit et un service retrouv\u00e9, pour rallier sa deuxi\u00e8me finale \u00e0 Roland-Garros.<\/p>\n<p>Un d\u00e9but de match difficile<\/p>\n<p class=\" wall-content\">Contre Sabalenka, l\u2019histoire a mal commenc\u00e9. Men\u00e9e 1 \u00e0 4 par la B\u00e9larusse, l\u2019Am\u00e9ricaine est revenue gr\u00e2ce \u00e0 sa d\u00e9fense solide et aux trop nombreuses fautes directes de Sabalenka (32 dans le 1er set).<\/p>\n<p class=\" wall-content\">Gauff a \u00e9cart\u00e9 deux balles de sets et men\u00e9 3 \u00e0 0 dans le tie-break avant d\u2019\u00eatre renvers\u00e9e par Sabalenka, qui a retrouv\u00e9 un peu de justesse.<\/p>\n<p class=\" wall-content\">Dans la deuxi\u00e8me manche, la B\u00e9larusse a retrouv\u00e9 ses d\u00e9mons, manquant \u00e0 peu pr\u00e8s tout (19 fautes directes). L\u2019Am\u00e9ricaine a conclu d\u2019un smash rageur au filet, sous les encouragements du Central.<\/p>\n<p class=\" wall-content\">\u00c0 l\u2019image du match, c\u2019est sur une faute directe de Sabalenka, la 70e de la finale, que Coco Gauff a converti sa deuxi\u00e8me balle de match, avant de s\u2019effondrer au sol et de laisser exploser sa joie.<\/p>\n<p class=\" wall-content\"><strong>avec AFP.<\/strong><\/p>\n<p class=\" wall-content\">Suivez toute l\u2019actualit\u00e9 de vos villes et m\u00e9dias favoris en vous inscrivant \u00e0 <a href=\"https:\/\/moncompte.actu.fr\" title=\"D\u00e9couvez Mon Actu\" rel=\"nofollow noopener\" data-trk=\"{&quot;cta&quot;:{&quot;action&quot;:&quot;https:\\\/\\\/moncompte.actu.fr&quot;,&quot;category&quot;:&quot;mon compte&quot;,&quot;from&quot;:&quot;article footer&quot;,&quot;name&quot;:&quot;Mon actu&quot;,&quot;type&quot;:&quot;cta&quot;}}\" target=\"_blank\">Mon Actu<\/a>.<\/p>\n","protected":false},"excerpt":{"rendered":"Par R\u00e9daction Actu Publi\u00e9 le 7 juin 2025 \u00e0 18h07 Une rencontre accroch\u00e9e sur le court Philippe-Chatrier. L\u2019Am\u00e9ricaine&hellip;\n","protected":false},"author":2,"featured_media":159034,"comment_status":"","ping_status":"","sticky":false,"template":"","format":"standard","meta":{"footnotes":""},"categories":[1415],"tags":[1011,27,4171,60,1467],"class_list":{"0":"post-159033","1":"post","2":"type-post","3":"status-publish","4":"format-standard","5":"has-post-thumbnail","7":"category-tennis","8":"tag-fr","9":"tag-france","10":"tag-roland-garros","11":"tag-sports","12":"tag-tennis"},"share_on_mastodon":{"url":"https:\/\/pubeurope.com\/@fr\/114643489448130250","error":""},"_links":{"self":[{"href":"https:\/\/www.europesays.com\/fr\/wp-json\/wp\/v2\/posts\/159033","targetHints":{"allow":["GET"]}}],"collection":[{"href":"https:\/\/www.europesays.com\/fr\/wp-json\/wp\/v2\/posts"}],"about":[{"href":"https:\/\/www.europesays.com\/fr\/wp-json\/wp\/v2\/types\/post"}],"author":[{"embeddable":true,"href":"https:\/\/www.europesays.com\/fr\/wp-json\/wp\/v2\/users\/2"}],"replies":[{"embeddable":true,"href":"https:\/\/www.europesays.com\/fr\/wp-json\/wp\/v2\/comments?post=159033"}],"version-history":[{"count":0,"href":"https:\/\/www.europesays.com\/fr\/wp-json\/wp\/v2\/posts\/159033\/revisions"}],"wp:featuredmedia":[{"embeddable":true,"href":"https:\/\/www.europesays.com\/fr\/wp-json\/wp\/v2\/media\/159034"}],"wp:attachment":[{"href":"https:\/\/www.europesays.com\/fr\/wp-json\/wp\/v2\/media?parent=159033"}],"wp:term":[{"taxonomy":"category","embeddable":true,"href":"https:\/\/www.europesays.com\/fr\/wp-json\/wp\/v2\/categories?post=159033"},{"taxonomy":"post_tag","embeddable":true,"href":"https:\/\/www.europesays.com\/fr\/wp-json\/wp\/v2\/tags?post=159033"}],"curies":[{"name":"wp","href":"https:\/\/api.w.org\/{rel}","templated":true}]}}