{"id":159047,"date":"2025-06-07T18:33:26","date_gmt":"2025-06-07T18:33:26","guid":{"rendered":"https:\/\/www.europesays.com\/fr\/159047\/"},"modified":"2025-06-07T18:33:26","modified_gmt":"2025-06-07T18:33:26","slug":"se-transformer-en-livre-le-temps-dune-journee-cest-possible-au-festival-geek-faeries-en-loir-et-cher","status":"publish","type":"post","link":"https:\/\/www.europesays.com\/fr\/159047\/","title":{"rendered":"Se transformer en livre le temps d\u2019une journ\u00e9e ? C\u2019est possible au festival Geek Fa\u00ebries, en Loir-et-Cher"},"content":{"rendered":"<p>Des \u00e9tag\u00e8res remplies de livres emball\u00e9s sont tour \u00e0 tour vid\u00e9es puis remplies par quelques curieux. Sur les premi\u00e8res de couverture, des fiches manuscrites indiquent le contenu des ouvrages. Malgr\u00e9 les apparences, c\u2019est une biblioth\u00e8que pas comme les autres que le festival des cultures internet <a target=\"_self\" href=\"https:\/\/www.lanouvellerepublique.fr\/loir-et-cher\/commune\/selles-sur-cher\/geek-faeries-une-treizieme-edition-sous-le-signe-du-jeu-1748958430\" rel=\"noopener\">Geek Fa\u00ebries<\/a> propose aux visiteurs jusqu\u2019\u00e0 ce soir, lundi 9\u00a0juin 2025, au ch\u00e2teau de Selles-sur-Cher.<\/p>\n<p>\u00ab\u00a0On propose aux festivaliers de devenir des livres vivants\u00a0\u00bb<\/p>\n<p>Install\u00e9e au c\u0153ur du parc, sous une tente cir\u00e9e blanche, cette <a target=\"_self\" href=\"https:\/\/www.lanouvellerepublique.fr\/loir-et-cher\/commune\/le-controis-en-sologne\/le-controis-en-sologne-un-tableau-offert-a-la-bibliotheque-d-ouchamps-1748349346\" rel=\"noopener\">biblioth\u00e8que<\/a> vivante des \u00e9ditions \u00c9ph\u00e9m\u00e8res (1) est un espace d\u2019\u00e9change privil\u00e9gi\u00e9 entre festivaliers. Ici, les livres ne se lisent pas, ils s\u2019\u00e9coutent. Ici, les livres ne sont pas faits de papiers mais, de chair et d\u2019os. \u00ab\u00a0On propose aux festivaliers de devenir des livres vivants\u00a0\u00bb, assure le plus normalement du monde, Caroline, b\u00e9n\u00e9vole. Comment\u00a0? Chaque personne qui veut partager son exp\u00e9rience ou ses connaissances sur un sujet remplit une fiche de description. Titre, sous-titre, nom de l\u2019auteur, disponibilit\u00e9s. \u00ab\u00a0Si un lecteur est int\u00e9ress\u00e9, nous appelons le \u201c\u00a0livre\u00a0\u201d au num\u00e9ro de t\u00e9l\u00e9phone qu\u2019il nous a laiss\u00e9 puis libre \u00e0 lui de revenir sur place\u00a0\u00bb, pr\u00e9cise la biblioth\u00e9caire&#8230;. <\/p>\n<p>    Cet article a \u00e9t\u00e9 tronqu\u00e9. Abonnez-vous pour lire l&rsquo;article complet sur notre site.<\/p>\n<p style=\"margin: 0 !important; padding: 0 !important; font-size: 12px !important;\">Cet article a \u00e9t\u00e9 tronqu\u00e9. Abonnez-vous pour lire l&rsquo;article complet.<\/p>\n<p>    <a href=\"https:\/\/www.lanouvellerepublique.fr\/abonnements\" style=\"display: inline-block; margin-top: 5px !important; padding: 6px 12px !important; background: #cb1c27; color: white; text-decoration: none; border-radius: 4px; font-size: 12px !important;\" target=\"_blank\" rel=\"noopener\"><br \/>\n      S&rsquo;abonner<br \/>\n    <\/a><\/p>\n","protected":false},"excerpt":{"rendered":"Des \u00e9tag\u00e8res remplies de livres emball\u00e9s sont tour \u00e0 tour vid\u00e9es puis remplies par quelques curieux. Sur les&hellip;\n","protected":false},"author":2,"featured_media":159048,"comment_status":"","ping_status":"","sticky":false,"template":"","format":"standard","meta":{"footnotes":""},"categories":[1357],"tags":[1392,1379,58,59,3337,1011,27,310,1380,4125,7071],"class_list":{"0":"post-159047","1":"post","2":"type-post","3":"status-publish","4":"format-standard","5":"has-post-thumbnail","7":"category-livres","8":"tag-a-la-une-local","9":"tag-books","10":"tag-divertissement","11":"tag-entertainment","12":"tag-festivals","13":"tag-fr","14":"tag-france","15":"tag-internet","16":"tag-livres","17":"tag-numerique","18":"tag-selles-sur-cher"},"share_on_mastodon":{"url":"https:\/\/pubeurope.com\/@fr\/114643521061867415","error":""},"_links":{"self":[{"href":"https:\/\/www.europesays.com\/fr\/wp-json\/wp\/v2\/posts\/159047","targetHints":{"allow":["GET"]}}],"collection":[{"href":"https:\/\/www.europesays.com\/fr\/wp-json\/wp\/v2\/posts"}],"about":[{"href":"https:\/\/www.europesays.com\/fr\/wp-json\/wp\/v2\/types\/post"}],"author":[{"embeddable":true,"href":"https:\/\/www.europesays.com\/fr\/wp-json\/wp\/v2\/users\/2"}],"replies":[{"embeddable":true,"href":"https:\/\/www.europesays.com\/fr\/wp-json\/wp\/v2\/comments?post=159047"}],"version-history":[{"count":0,"href":"https:\/\/www.europesays.com\/fr\/wp-json\/wp\/v2\/posts\/159047\/revisions"}],"wp:featuredmedia":[{"embeddable":true,"href":"https:\/\/www.europesays.com\/fr\/wp-json\/wp\/v2\/media\/159048"}],"wp:attachment":[{"href":"https:\/\/www.europesays.com\/fr\/wp-json\/wp\/v2\/media?parent=159047"}],"wp:term":[{"taxonomy":"category","embeddable":true,"href":"https:\/\/www.europesays.com\/fr\/wp-json\/wp\/v2\/categories?post=159047"},{"taxonomy":"post_tag","embeddable":true,"href":"https:\/\/www.europesays.com\/fr\/wp-json\/wp\/v2\/tags?post=159047"}],"curies":[{"name":"wp","href":"https:\/\/api.w.org\/{rel}","templated":true}]}}