{"id":159051,"date":"2025-06-07T18:35:14","date_gmt":"2025-06-07T18:35:14","guid":{"rendered":"https:\/\/www.europesays.com\/fr\/159051\/"},"modified":"2025-06-07T18:35:14","modified_gmt":"2025-06-07T18:35:14","slug":"la-star-passe-presque-inapercue","status":"publish","type":"post","link":"https:\/\/www.europesays.com\/fr\/159051\/","title":{"rendered":"la star passe (presque) inaper\u00e7ue"},"content":{"rendered":"<p>            Par<br \/>\n        <strong><br \/>\n            <a href=\"https:\/\/actu.fr\/auteur\/marie-maureen\" title=\"Consulter tous les articles de Maureen Marie\" target=\"_blank\" rel=\"noopener\">Maureen Marie<\/a><br \/>\n        <\/strong><\/p>\n<p>        Publi\u00e9 le<\/p>\n<p>            7 juin 2025 \u00e0 12h48        <\/p>\n<p>Si la venue d\u2019Helena au Colys\u2019haie de <a href=\"https:\/\/actu.fr\/normandie\/tinchebray-bocage_61486\" target=\"_blank\" rel=\"noopener\">Tinchebray<\/a> <b>(Orne) <\/b>remonte \u00e0 quelques semaines, son concert laisse encore des \u00e9toiles dans les yeux\u2026 En marge de la performance de la chanteuse d\u00e9voil\u00e9e par <a href=\"https:\/\/actu.fr\/tag\/star-academy\" target=\"_blank\" rel=\"noopener\">la Star Academy<\/a>, un autre nom de<b> l\u2019\u00e9mission t\u00e9l\u00e9vis\u00e9e<\/b> a \u00e9t\u00e9 aper\u00e7u dans la salle.<\/p>\n<p class=\" wall-content\">En <b>simple spectateur<\/b>, Pierre Garnier a pris place dans le public pour assister \u00e0 la prestation de son bin\u00f4me de la Star Ac\u2019. Sa venue dans l\u2019Orne fait l\u2019objet d\u2019une publication sur les r\u00e9seaux sociaux, en ce <b>d\u00e9but du mois de juin\u00a02025<\/b>.<\/p>\n<p>Un passage \u00e9clair pour Pierre Garnier, la star locale<\/p>\n<p class=\" wall-content\">Pour \u00e9couter Helena, <a href=\"https:\/\/actu.fr\/tag\/pierre-garnier\" target=\"_blank\" rel=\"noopener\">Pierre Garnier<\/a> est venu jusqu\u2019\u00e0 Tinchebray, en compagnie d\u2019une<b> partie de sa famille<\/b>. Belle surprise pour les spectateurs qui ont reconnu l\u2019artiste\u2026<\/p>\n<p class=\" wall-content\">\u00ab\u2009On \u00e9tait \u00e0 c\u00f4t\u00e9 de Pierre et sa maman. C\u2019\u00e9tait un excellent concert\u2009\u00bb\u2009; \u00ab\u2009Il \u00e9tait accompagn\u00e9 de sa maman et de sa s\u0153ur\u2009\u00bb, peut-on lire en commentaires. Pour d\u2019autres, la star est <b>pass\u00e9e inaper\u00e7ue<\/b>.<\/p>\n<blockquote class=\"ac-article-quote wall-content\">\n<p>\u00ab\u2009On \u00e9tait juste derri\u00e8re au niveau de la r\u00e9gie et on n\u2019a m\u00eame pas fait attention qu\u2019il \u00e9tait juste \u00e0 c\u00f4t\u00e9 de nous\u2009\u00bb\u2009; \u00ab\u2009Mais non j\u2019ai loup\u00e9 \u00e7a, je suis d\u00e9go\u00fbt\u00e9e.\u2009\u00bb<\/p>\n<p>Spectateurs du concert d\u2019Helena \u00e0 Tinchebray<\/p><\/blockquote>\n<p>Vid\u00e9os : en ce moment sur Actu<\/p>\n<p class=\" wall-content\">Selon nos informations, Pierre Garnier s\u2019est m\u00eal\u00e9 au public quelque temps apr\u00e8s le d\u00e9but du <a href=\"https:\/\/actu.fr\/loisirs-culture\/concert\" target=\"_blank\" rel=\"noopener\">concert<\/a>, et l\u2019a quitt\u00e9 avant la derni\u00e8re chanson d\u2019Helena. Un moyen d\u2019\u00e9viter que les regards se braquent sur lui\u2009:<b> la star du soir<\/b> \u00e9tait bel et bien l\u2019interpr\u00e8te de Mauvais gar\u00e7on.<\/p>\n<p>    <a href=\"https:\/\/www.youtube.com\/embed\/ltISht2ab9M?si=vWQasL_eFpgKGtWk\" title=\"Ouvrie le lien\" target=\"_blank\" rel=\"noopener\">Cliquez ici pour visualiser le contenu<\/a><\/p>\n<p class=\" wall-content\">Apr\u00e8s ce<b> passage \u00e9clair<\/b> \u00e0 Tinchebray, celui qui a grandi \u00e0 <a href=\"https:\/\/actu.fr\/normandie\/villedieu-les-poeles-rouffigny_50639\" target=\"_blank\" rel=\"noopener\">Villedieu-les-Po\u00eales<\/a> <b>(Manche)<\/b> continue de faire la part belle \u00e0 son territoire. Ce dimanche 8\u00a0juin, <a href=\"https:\/\/actu.fr\/normandie\/saint-laurent-de-cuves_50499\/notre-selection-des-cinq-stars-a-voir-aux-papillons-de-nuit-dans-la-manche_62736527.html\" target=\"_blank\" rel=\"noopener\">il sera au festival Papillons de Nuit \u00e0 Saint-Laurent-de-Cuves (Manche)<\/a>, et mercredi 11\u00a0juin, au <b>Z\u00e9nith de Caen<\/b> <b>(Calvados)<\/b>. Cette fois, vous pourrez le voir sur sc\u00e8ne.<\/p>\n<p>    <a href=\"https:\/\/www.facebook.com\/plugins\/post.php?href=https%3A%2F%2Fwww.facebook.com%2Fpermalink.php%3Fstory_fbid%3Dpfbid02Uar6yENeXTwRP6k7ZW57icreVuUNrqKpfkaLHYwvDWXRpeT51KomtzTMTaCtgFV8l%26id%3D61557439791652&amp;show_text=true&amp;width=350\" title=\"Ouvrie le lien\" target=\"_blank\" rel=\"noopener\">Cliquez ici pour visualiser le contenu<\/a><\/p>\n<p class=\" wall-content\">Suivez toute l\u2019actualit\u00e9 de vos villes et m\u00e9dias favoris en vous inscrivant \u00e0 <a href=\"https:\/\/moncompte.actu.fr\" title=\"D\u00e9couvez Mon Actu\" rel=\"nofollow noopener\" data-trk=\"{&quot;cta&quot;:{&quot;action&quot;:&quot;https:\\\/\\\/moncompte.actu.fr&quot;,&quot;category&quot;:&quot;mon compte&quot;,&quot;from&quot;:&quot;article footer&quot;,&quot;name&quot;:&quot;Mon actu&quot;,&quot;type&quot;:&quot;cta&quot;}}\" target=\"_blank\">Mon Actu<\/a>.<\/p>\n","protected":false},"excerpt":{"rendered":"Par Maureen Marie Publi\u00e9 le 7 juin 2025 \u00e0 12h48 Si la venue d\u2019Helena au Colys\u2019haie de Tinchebray&hellip;\n","protected":false},"author":2,"featured_media":159052,"comment_status":"","ping_status":"","sticky":false,"template":"","format":"standard","meta":{"footnotes":""},"categories":[1355],"tags":[1697,58,29016,59,1011,27,1757,1361,873,5096],"class_list":{"0":"post-159051","1":"post","2":"type-post","3":"status-publish","4":"format-standard","5":"has-post-thumbnail","7":"category-musique","8":"tag-concert","9":"tag-divertissement","10":"tag-domfront-tinchebray-interco","11":"tag-entertainment","12":"tag-fr","13":"tag-france","14":"tag-insolite","15":"tag-music","16":"tag-musique","17":"tag-pierre-garnier"},"share_on_mastodon":{"url":"https:\/\/pubeurope.com\/@fr\/114643528945628992","error":""},"_links":{"self":[{"href":"https:\/\/www.europesays.com\/fr\/wp-json\/wp\/v2\/posts\/159051","targetHints":{"allow":["GET"]}}],"collection":[{"href":"https:\/\/www.europesays.com\/fr\/wp-json\/wp\/v2\/posts"}],"about":[{"href":"https:\/\/www.europesays.com\/fr\/wp-json\/wp\/v2\/types\/post"}],"author":[{"embeddable":true,"href":"https:\/\/www.europesays.com\/fr\/wp-json\/wp\/v2\/users\/2"}],"replies":[{"embeddable":true,"href":"https:\/\/www.europesays.com\/fr\/wp-json\/wp\/v2\/comments?post=159051"}],"version-history":[{"count":0,"href":"https:\/\/www.europesays.com\/fr\/wp-json\/wp\/v2\/posts\/159051\/revisions"}],"wp:featuredmedia":[{"embeddable":true,"href":"https:\/\/www.europesays.com\/fr\/wp-json\/wp\/v2\/media\/159052"}],"wp:attachment":[{"href":"https:\/\/www.europesays.com\/fr\/wp-json\/wp\/v2\/media?parent=159051"}],"wp:term":[{"taxonomy":"category","embeddable":true,"href":"https:\/\/www.europesays.com\/fr\/wp-json\/wp\/v2\/categories?post=159051"},{"taxonomy":"post_tag","embeddable":true,"href":"https:\/\/www.europesays.com\/fr\/wp-json\/wp\/v2\/tags?post=159051"}],"curies":[{"name":"wp","href":"https:\/\/api.w.org\/{rel}","templated":true}]}}