{"id":159057,"date":"2025-06-07T18:38:12","date_gmt":"2025-06-07T18:38:12","guid":{"rendered":"https:\/\/www.europesays.com\/fr\/159057\/"},"modified":"2025-06-07T18:38:12","modified_gmt":"2025-06-07T18:38:12","slug":"roland-garros-la-reaction-de-jelena-djokovic-apres-la-defaite-de-son-mari-novak-contre-sinner-en-demi-finales","status":"publish","type":"post","link":"https:\/\/www.europesays.com\/fr\/159057\/","title":{"rendered":"Roland Garros > La r\u00e9action de Jelena Djokovic apr\u00e8s la d\u00e9faite de son mari, Novak, contre Sinner en demi-finales"},"content":{"rendered":"<p>\u00ab\u202fIl n\u2019est pas impos\u00adsible que ce soir, j\u2019ai jou\u00e9 mon dernier match \u00e0 Roland\u2010Garros. C\u2019est la raison pour laquelle j\u2019ai \u00e9t\u00e9 submerg\u00e9 par l\u2019\u00e9motion \u00e0 la\u00a0fin\u202f\u00bb,\u00a0<a href=\"https:\/\/www.welovetennis.fr\/featured\/le-terrible-aveu-de-novak-djokovic-apres-sa-defaite-contre-jannik-sinner-il-nest-pas-impossible-que-ce-soir-jai-joue-mon-dernier-match-a-roland-garros-cest-la-raison-pour-laq\" data-wpel-link=\"internal\" target=\"_blank\" rel=\"noopener\">a d\u00e9clar\u00e9 Novak Djokovic<\/a>.<\/p>\n<p>Apr\u00e8s cette sortie forte en \u00e9motions sur la terre battue pari\u00adsienne, au terme d\u2019une bataille f\u00e9roce face \u00e0 la \u00ab\u202fmachine\u202f\u00bb Jannik Sinner, l\u2019homme aux 24 titres du Grand Chelem a pu compter sur le soutien de ses proches et notam\u00adment de son \u00e9pouse.\u00a0<\/p>\n<p><strong>\u00ab\u202fTellement fi\u00e8re de toi mon amour\u202f\u00bb<\/strong>, a \u00e9crit Jelena Djokovic sur Instagram.<\/p>\n<blockquote class=\"twitter-tweet\">\n<p lang=\"en\" dir=\"ltr\">Nole \u2013 \u00ab\u202fA great sense of grati\u00adtude for the support I received tonight.\u00ab\u202f<br \/>Jelena \u2764\ufe0f <a href=\"https:\/\/t.co\/utPehGlEfN\" data-wpel-link=\"external\" target=\"_blank\" rel=\"nofollow external noopener\">pic.twitter.com\/utPehGlEfN<\/a><\/p>\n<p>\u2014 \ud835\ude97\ud835\ude92\ud835\ude8c\ud835\ude94. A\u035fO\u035f\u00b9\u2070 (@NoleLondon) <a href=\"https:\/\/twitter.com\/NoleLondon\/status\/1931105852855054522?ref_src=twsrc%5Etfw\" data-wpel-link=\"external\" target=\"_blank\" rel=\"nofollow external noopener\">June 6,\u00a02025<\/a><\/p><\/blockquote>\n<p>Un message qui ne lais\u00adsera sans doute pas Djokovic insensible.<\/p>\n<p class=\"post-published-date\" style=\"color: silver; font-size: 75%; text-align: left;\">Publi\u00e9 le samedi 7 juin 2025 \u00e0 17:58<\/p>\n<p><script async src=\"https:\/\/platform.twitter.com\/widgets.js\" charset=\"utf-8\"><\/script><\/p>\n","protected":false},"excerpt":{"rendered":"\u00ab\u202fIl n\u2019est pas impos\u00adsible que ce soir, j\u2019ai jou\u00e9 mon dernier match \u00e0 Roland\u2010Garros. C\u2019est la raison pour&hellip;\n","protected":false},"author":2,"featured_media":159058,"comment_status":"","ping_status":"","sticky":false,"template":"","format":"standard","meta":{"footnotes":""},"categories":[9],"tags":[105,1011,27,2127,60],"class_list":{"0":"post-159057","1":"post","2":"type-post","3":"status-publish","4":"format-standard","5":"has-post-thumbnail","7":"category-sports","8":"tag-djokovic","9":"tag-fr","10":"tag-france","11":"tag-sinner","12":"tag-sports"},"share_on_mastodon":{"url":"https:\/\/pubeurope.com\/@fr\/114643540669307678","error":""},"_links":{"self":[{"href":"https:\/\/www.europesays.com\/fr\/wp-json\/wp\/v2\/posts\/159057","targetHints":{"allow":["GET"]}}],"collection":[{"href":"https:\/\/www.europesays.com\/fr\/wp-json\/wp\/v2\/posts"}],"about":[{"href":"https:\/\/www.europesays.com\/fr\/wp-json\/wp\/v2\/types\/post"}],"author":[{"embeddable":true,"href":"https:\/\/www.europesays.com\/fr\/wp-json\/wp\/v2\/users\/2"}],"replies":[{"embeddable":true,"href":"https:\/\/www.europesays.com\/fr\/wp-json\/wp\/v2\/comments?post=159057"}],"version-history":[{"count":0,"href":"https:\/\/www.europesays.com\/fr\/wp-json\/wp\/v2\/posts\/159057\/revisions"}],"wp:featuredmedia":[{"embeddable":true,"href":"https:\/\/www.europesays.com\/fr\/wp-json\/wp\/v2\/media\/159058"}],"wp:attachment":[{"href":"https:\/\/www.europesays.com\/fr\/wp-json\/wp\/v2\/media?parent=159057"}],"wp:term":[{"taxonomy":"category","embeddable":true,"href":"https:\/\/www.europesays.com\/fr\/wp-json\/wp\/v2\/categories?post=159057"},{"taxonomy":"post_tag","embeddable":true,"href":"https:\/\/www.europesays.com\/fr\/wp-json\/wp\/v2\/tags?post=159057"}],"curies":[{"name":"wp","href":"https:\/\/api.w.org\/{rel}","templated":true}]}}