{"id":159061,"date":"2025-06-07T18:40:13","date_gmt":"2025-06-07T18:40:13","guid":{"rendered":"https:\/\/www.europesays.com\/fr\/159061\/"},"modified":"2025-06-07T18:40:13","modified_gmt":"2025-06-07T18:40:13","slug":"comment-des-tas-dexcrements-pourraient-sauver-la-banquise","status":"publish","type":"post","link":"https:\/\/www.europesays.com\/fr\/159061\/","title":{"rendered":"comment des tas d&rsquo;excr\u00e9ments pourraient sauver la banquise"},"content":{"rendered":"<p data-start=\"328\" data-end=\"735\"><strong>L\u2019image que l\u2019on se fait<br \/>\ndes manchots Ad\u00e9lie \u2014 petits, dodus, trottinant maladroitement sur<br \/>\nla glace \u2014 cache en r\u00e9alit\u00e9 un r\u00f4le bien plus crucial qu\u2019on ne<br \/>\nl\u2019imaginait. Selon une \u00e9tude r\u00e9cente de l\u2019Universit\u00e9 d\u2019Helsinki,<br \/>\nces oiseaux marins embl\u00e9matiques de l\u2019<a href=\"https:\/\/sciencepost.fr\/les-donnees-montrent-que-lantarctique-a-gagne-de-la-glace-malgre-la-hausse-des-temperatures-mondiales-mais-comment-est-ce-possible\/\" target=\"_blank\" rel=\"noopener nofollow\">Antarctique<\/a> pourraient jouer un<br \/>\nr\u00f4le de r\u00e9gulateurs climatiques locaux. Leur outil inattendu : le<br \/>\nguano, autrement dit\u2026 leurs excr\u00e9ments.<\/strong><\/p>\n<p>Quand la biologie influence<br \/>\nl\u2019atmosph\u00e8re<\/p>\n<p data-start=\"783\" data-end=\"1135\">D\u00e9but 2023, une \u00e9quipe de<br \/>\nchercheurs s\u2019est install\u00e9e pr\u00e8s de la base argentine de Marambio,<br \/>\nsur la p\u00e9ninsule Antarctique, avec un objectif original : mesurer<br \/>\nl\u2019impact des \u00e9missions biologiques sur la formation des nuages.<br \/>\nLeur attention s\u2019est port\u00e9e sur une colonie g\u00e9ante de 60 000<br \/>\nmanchots Ad\u00e9lie (Pygoscelis adeliae), nichant non loin de l\u00e0.<\/p>\n<p data-start=\"1137\" data-end=\"1476\">En d\u00e9f\u00e9quant en grande<br \/>\nquantit\u00e9 sur la glace et le sol gel\u00e9, les manchots lib\u00e8rent de<br \/>\nl\u2019ammoniac (NH\u2083). Ce gaz, bien connu des climatologues, joue un<br \/>\nr\u00f4le cl\u00e9 dans la formation d\u2019a\u00e9rosols atmosph\u00e9riques. Ces<br \/>\nparticules microscopiques agissent comme des noyaux de<br \/>\ncondensation, permettant \u00e0 la vapeur d\u2019eau de former des<br \/>\nnuages.<\/p>\n<p>Une influence mesurable\u2026 et<br \/>\nmassive<\/p>\n<p data-start=\"1519\" data-end=\"1890\">Les <a href=\"https:\/\/www.nature.com\/articles\/s43247-025-02312-2\" target=\"_blank\" rel=\"noopener nofollow\">r\u00e9sultats<\/a> de l\u2019\u00e9quipe sont \u00e9difiants.<br \/>\nLors de vents orient\u00e9s depuis la colonie, les capteurs ont mesur\u00e9<br \/>\njusqu\u2019\u00e0 13,5 parties par milliard d\u2019ammoniac, soit une augmentation<br \/>\nde 1 000 fois par rapport aux niveaux mesur\u00e9s dans des zones sans<br \/>\nmanchots. Cette hausse soudaine a entra\u00een\u00e9 une multiplication par<br \/>\n10 000 des concentrations de particules d\u2019a\u00e9rosols.<\/p>\n<p data-start=\"1892\" data-end=\"2196\">\u00c0 la cl\u00e9 : la formation rapide<br \/>\nd\u2019un brouillard \u00e9pais, suivi de nuages bas visibles \u00e0 l\u2019\u0153il nu. Ces<br \/>\nnuages r\u00e9fl\u00e9chissent une partie du rayonnement solaire incident,<br \/>\ncontribuant \u00e0 refroidir localement la surface terrestre, un<br \/>\nprocessus connu sous le nom d\u2019effet de for\u00e7age radiatif<br \/>\nn\u00e9gatif.<\/p>\n<p data-start=\"2198\" data-end=\"2577\">Mais ce qui a surpris les<br \/>\nchercheurs, c\u2019est la persistance de cet effet m\u00eame apr\u00e8s la<br \/>\nmigration des manchots. Un mois apr\u00e8s leur d\u00e9part, le sol imbib\u00e9 de<br \/>\nguano continuait \u00e0 lib\u00e9rer de l\u2019ammoniac \u00e0 des niveaux 100 fois<br \/>\nsup\u00e9rieurs \u00e0 la normale. Le climat local restait donc influenc\u00e9 par<br \/>\nune empreinte biologique diff\u00e9r\u00e9e, un ph\u00e9nom\u00e8ne rarement observ\u00e9 \u00e0<br \/>\ncette \u00e9chelle.<\/p>\n<p><img loading=\"lazy\" data-lazyloaded=\"1\" decoding=\"async\" class=\"size-full wp-image-310972\" src=\"https:\/\/www.europesays.com\/fr\/wp-content\/uploads\/2025\/06\/Untitled-design-2025-05-26T153344.webp.webp\" alt=\"excr\u00e9ments manchots guano banquise Antarctique\" width=\"640\" height=\"360\"  data-\/><br \/>\nManchot Ad\u00e9lie sautant entre deux banquises (image repr\u00e9sentative).<br \/>\nCr\u00e9dits : nicholas_dale\/iStockUne boucle de r\u00e9troaction<br \/>\nnaturelle<\/p>\n<p data-start=\"2620\" data-end=\"3079\">Cette d\u00e9couverte r\u00e9v\u00e8le une<br \/>\nboucle de r\u00e9troaction positive pour l\u2019environnement : en favorisant<br \/>\nla formation de nuages, les manchots participent involontairement \u00e0<br \/>\nralentir la fonte de la glace de mer, qui constitue pourtant leur<br \/>\nhabitat vital. Plus de nuages signifie moins de rayonnement solaire<br \/>\nabsorb\u00e9, donc plus de froid et de glace \u2014 un m\u00e9canisme protecteur<br \/>\nqui pourrait contribuer \u00e0 stabiliser certaines zones menac\u00e9es de<br \/>\nl\u2019Antarctique.<\/p>\n<p data-start=\"3081\" data-end=\"3382\">Cela illustre \u00e0 quel point la<br \/>\nfaune et les cycles climatiques sont interconnect\u00e9s. On savait d\u00e9j\u00e0<br \/>\nque certaines esp\u00e8ces pouvaient influencer leur \u00e9cosyst\u00e8me, mais<br \/>\nvoir un oiseau marin contribuer \u00e0 la r\u00e9gulation atmosph\u00e9rique<br \/>\nr\u00e9gionale par simple processus naturel est aussi rare que<br \/>\nfascinant.<\/p>\n<p>Une le\u00e7on d\u2019humilit\u00e9 pour la<br \/>\nscience<\/p>\n<p data-start=\"3426\" data-end=\"3799\">Alors que les mod\u00e8les<br \/>\nclimatiques peinent encore \u00e0 int\u00e9grer toutes les interactions entre<br \/>\nbiologie et atmosph\u00e8re, cette \u00e9tude rappelle que les m\u00e9canismes<br \/>\nnaturels sont souvent plus subtils \u2014 et puissants \u2014 qu\u2019on ne<br \/>\nl\u2019imagine. M\u00eame un \u00ab d\u00e9chet \u00bb aussi trivial que du guano peut, \u00e0<br \/>\ngrande \u00e9chelle, modifier le climat local et peser sur l\u2019avenir d\u2019un<br \/>\ncontinent entier.<\/p>\n","protected":false},"excerpt":{"rendered":"L\u2019image que l\u2019on se fait des manchots Ad\u00e9lie \u2014 petits, dodus, trottinant maladroitement sur la glace \u2014 cache&hellip;\n","protected":false},"author":2,"featured_media":159062,"comment_status":"","ping_status":"","sticky":false,"template":"","format":"standard","meta":{"footnotes":""},"categories":[7],"tags":[1011,27,43,40,41,39,42,44],"class_list":{"0":"post-159061","1":"post","2":"type-post","3":"status-publish","4":"format-standard","5":"has-post-thumbnail","7":"category-sciences-et-technologies","8":"tag-fr","9":"tag-france","10":"tag-science","11":"tag-science-and-technology","12":"tag-sciences","13":"tag-sciences-et-technologies","14":"tag-technologies","15":"tag-technology"},"share_on_mastodon":{"url":"https:\/\/pubeurope.com\/@fr\/114643548738923768","error":""},"_links":{"self":[{"href":"https:\/\/www.europesays.com\/fr\/wp-json\/wp\/v2\/posts\/159061","targetHints":{"allow":["GET"]}}],"collection":[{"href":"https:\/\/www.europesays.com\/fr\/wp-json\/wp\/v2\/posts"}],"about":[{"href":"https:\/\/www.europesays.com\/fr\/wp-json\/wp\/v2\/types\/post"}],"author":[{"embeddable":true,"href":"https:\/\/www.europesays.com\/fr\/wp-json\/wp\/v2\/users\/2"}],"replies":[{"embeddable":true,"href":"https:\/\/www.europesays.com\/fr\/wp-json\/wp\/v2\/comments?post=159061"}],"version-history":[{"count":0,"href":"https:\/\/www.europesays.com\/fr\/wp-json\/wp\/v2\/posts\/159061\/revisions"}],"wp:featuredmedia":[{"embeddable":true,"href":"https:\/\/www.europesays.com\/fr\/wp-json\/wp\/v2\/media\/159062"}],"wp:attachment":[{"href":"https:\/\/www.europesays.com\/fr\/wp-json\/wp\/v2\/media?parent=159061"}],"wp:term":[{"taxonomy":"category","embeddable":true,"href":"https:\/\/www.europesays.com\/fr\/wp-json\/wp\/v2\/categories?post=159061"},{"taxonomy":"post_tag","embeddable":true,"href":"https:\/\/www.europesays.com\/fr\/wp-json\/wp\/v2\/tags?post=159061"}],"curies":[{"name":"wp","href":"https:\/\/api.w.org\/{rel}","templated":true}]}}