{"id":159067,"date":"2025-06-07T18:43:10","date_gmt":"2025-06-07T18:43:10","guid":{"rendered":"https:\/\/www.europesays.com\/fr\/159067\/"},"modified":"2025-06-07T18:43:10","modified_gmt":"2025-06-07T18:43:10","slug":"emmanuel-macron-a-offert-un-mont-sous-marin-au-prince-albert-ii-de-monaco","status":"publish","type":"post","link":"https:\/\/www.europesays.com\/fr\/159067\/","title":{"rendered":"Emmanuel Macron a offert un mont sous-marin au prince Albert II de Monaco"},"content":{"rendered":"<p>Lors de la visite du pr\u00e9sident fran\u00e7ais dans la principaut\u00e9, Albert II s\u2019est vu offrir un \u00abrelief sous-marin majeur\u00bb situ\u00e9 dans l\u2019oc\u00e9an Indien, mesurant 1958 m\u00e8tres, \u00abcomme la date de naissance du prince\u00bb,a pr\u00e9cis\u00e9 l\u2019\u00c9lys\u00e9e.<\/p>\n<p class=\"fig-paragraph\">Emmanuel Macron a offert un cadeau peu commun samedi 7 juin au prince de Monaco \u00e0\u00a0<a href=\"http:\/\/www.lefigaro.fr\/politique\/emmanuel-macron-attendu-a-monaco-ce-samedi-pour-une-visite-d-etat-sous-le-signe-des-oceans-20250607\" data-fig-type=\"NewsFlash\" data-gtm-custom-categorie=\"navigation\" data-gtm-custom-action=\"crossclick\" data-gtm-custom-label=\"Contextuel\" data-gtm-event=\"customEventSPE\" data-fig-domain=\"LEFIGARO\" target=\"_blank\" rel=\"noopener\">l&rsquo;occasion de sa visite d&rsquo;\u00c9tat<\/a>\u00a0dans la principaut\u00e9, la d\u00e9signation d&rsquo;un mont sous-marin de son nom Albert II, a annonc\u00e9 l&rsquo;\u00c9lys\u00e9e. Il s&rsquo;agit d&rsquo;un \u00abrelief sous-marin majeur\u00bb, situ\u00e9 dans l&rsquo;oc\u00e9an Indien, et d\u00e9couvert par le Service hydrographique de la Marine nationale, a pr\u00e9cis\u00e9 la pr\u00e9sidence fran\u00e7aise. Le futur mont Albert II \u00abmesure 1958 m\u00e8tres comme la date de naissance du prince\u00bb, \u00e2g\u00e9 de 67 ans, ajoute l&rsquo;\u00c9lys\u00e9e, en pr\u00e9cisant que cette d\u00e9signation a \u00e9t\u00e9 valid\u00e9e par l&rsquo;Organisation hydrographique internationale (OHI).<\/p>\n<p class=\"fig-paragraph\">\u00c0 deux jours de la\u00a0<a href=\"http:\/\/www.lefigaro.fr\/vox\/economie\/sommet-mondial-sur-les-oceans-a-nice-la-france-doit-reconcilier-peche-et-ecologie-20250606\" data-fig-type=\"Article\" data-gtm-custom-categorie=\"navigation\" data-gtm-custom-action=\"crossclick\" data-gtm-custom-label=\"Contextuel\" data-gtm-event=\"customEventSPE\" data-fig-domain=\"LEFIGARO\" target=\"_blank\" rel=\"noopener\">conf\u00e9rence internationale des Nations unies sur l&rsquo;oc\u00e9an<\/a>\u00a0\u00e0 Nice, voisine de Monaco, Emmanuel Macron a ainsi rendu hommage \u00e0 l&rsquo;action du prince Albert II en faveur de la protection des mers.<\/p>\n<p>Une raquette et un livre<\/p>\n<p class=\"fig-paragraph\">Il lui a \u00e9galement offert une raquette de tennis \u00abRafa no5\u00bb produite \u00e0 seulement 92 exemplaires pour c\u00e9l\u00e9brer la carri\u00e8re du champion espagnol Rafael Nadal. Le chiffre 5 renvoie symboliquement \u00e0 l&rsquo;ann\u00e9e 2005, celle de l&rsquo;intronisation d&rsquo;<a href=\"http:\/\/www.lefigaro.fr\/decideurs\/prince-albert-ii-de-monaco-alain-ducasse-et-franka-holtmann-les-decideurs-s-engagent-20231218\" data-fig-type=\"Article\" data-gtm-custom-categorie=\"navigation\" data-gtm-custom-action=\"crossclick\" data-gtm-custom-label=\"Contextuel\" data-gtm-event=\"customEventSPE\" data-fig-domain=\"LEFIGARO\" target=\"_blank\" rel=\"noopener\">Albert II<\/a>, passionn\u00e9 de tennis, qui c\u00e9l\u00e9brera le 19 juillet ses 20 ans de r\u00e8gne. L&rsquo;ann\u00e9e 2005 marque aussi le tout premier sacre de Rafael Nadal \u00e0 Monte-Carlo, tournoi qu&rsquo;il remportera onze fois au cours de sa carri\u00e8re.<\/p>\n<p class=\"fig-paragraph\">C\u00f4t\u00e9 litt\u00e9rature, le chef de l&rsquo;\u00c9tat a \u00e9galement offert \u00e0 son h\u00f4te une \u00e9dition originale illustr\u00e9e de 1880 des \u00abVoyageurs du XIXe si\u00e8cle\u00bb de Jules Verne, un r\u00e9cit des grands voyages et grands voyageurs du si\u00e8cle de l&rsquo;auteur. Ce cadeau fait \u00e9cho au grand-p\u00e8re du prince, Albert Ier, \u00abexplorateur lui-m\u00eame, notamment par ses campagnes oc\u00e9anographiques, et passionn\u00e9 par les progr\u00e8s techniques, des th\u00e8mes chers \u00e0 Jules Verne\u00bb, pr\u00e9cise l&rsquo;\u00c9lys\u00e9e.<\/p>\n","protected":false},"excerpt":{"rendered":"Lors de la visite du pr\u00e9sident fran\u00e7ais dans la principaut\u00e9, Albert II s\u2019est vu offrir un \u00abrelief sous-marin&hellip;\n","protected":false},"author":2,"featured_media":159068,"comment_status":"","ping_status":"","sticky":false,"template":"","format":"standard","meta":{"footnotes":""},"categories":[4],"tags":[11,20429,426,427,422,423,1073,1011,27,418,424,425,420,421,12,419,316,429,25,428],"class_list":{"0":"post-159067","1":"post","2":"type-post","3":"status-publish","4":"format-standard","5":"has-post-thumbnail","7":"category-france","8":"tag-actualites","9":"tag-albert-ii-de-monaco","10":"tag-candidat","11":"tag-candidats","12":"tag-depute","13":"tag-deputes","14":"tag-emmanuel-macron","15":"tag-fr","16":"tag-france","17":"tag-gouvernement","18":"tag-institution","19":"tag-institutions","20":"tag-loi","21":"tag-lois","22":"tag-news","23":"tag-opposition","24":"tag-politique","25":"tag-ps","26":"tag-republique-francaise","27":"tag-ump"},"share_on_mastodon":{"url":"https:\/\/pubeurope.com\/@fr\/114643560266814569","error":""},"_links":{"self":[{"href":"https:\/\/www.europesays.com\/fr\/wp-json\/wp\/v2\/posts\/159067","targetHints":{"allow":["GET"]}}],"collection":[{"href":"https:\/\/www.europesays.com\/fr\/wp-json\/wp\/v2\/posts"}],"about":[{"href":"https:\/\/www.europesays.com\/fr\/wp-json\/wp\/v2\/types\/post"}],"author":[{"embeddable":true,"href":"https:\/\/www.europesays.com\/fr\/wp-json\/wp\/v2\/users\/2"}],"replies":[{"embeddable":true,"href":"https:\/\/www.europesays.com\/fr\/wp-json\/wp\/v2\/comments?post=159067"}],"version-history":[{"count":0,"href":"https:\/\/www.europesays.com\/fr\/wp-json\/wp\/v2\/posts\/159067\/revisions"}],"wp:featuredmedia":[{"embeddable":true,"href":"https:\/\/www.europesays.com\/fr\/wp-json\/wp\/v2\/media\/159068"}],"wp:attachment":[{"href":"https:\/\/www.europesays.com\/fr\/wp-json\/wp\/v2\/media?parent=159067"}],"wp:term":[{"taxonomy":"category","embeddable":true,"href":"https:\/\/www.europesays.com\/fr\/wp-json\/wp\/v2\/categories?post=159067"},{"taxonomy":"post_tag","embeddable":true,"href":"https:\/\/www.europesays.com\/fr\/wp-json\/wp\/v2\/tags?post=159067"}],"curies":[{"name":"wp","href":"https:\/\/api.w.org\/{rel}","templated":true}]}}