{"id":159071,"date":"2025-06-07T18:45:13","date_gmt":"2025-06-07T18:45:13","guid":{"rendered":"https:\/\/www.europesays.com\/fr\/159071\/"},"modified":"2025-06-07T18:45:13","modified_gmt":"2025-06-07T18:45:13","slug":"saint-heand-il-y-a-50-ans-le-college-joseph-collard-accueillait-ses-premiers-eleves","status":"publish","type":"post","link":"https:\/\/www.europesays.com\/fr\/159071\/","title":{"rendered":"Saint-H\u00e9and. Il y a 50 ans, le coll\u00e8ge Joseph-Collard accueillait ses premiers \u00e9l\u00e8ves"},"content":{"rendered":"<p>Il y a cinquante ans, des parents d\u2019\u00e9l\u00e8ves dont les enfants occupaient les bancs de l\u2019\u00e9cole \u00e9l\u00e9mentaire ont tout fait pour que leurs enfants ne s\u2019\u00e9loignent pas trop du village au moment de leur passage en 6e. C\u2019est ainsi qu\u2019est n\u00e9 le coll\u00e8ge Joseph-Collard, qui a vu passer depuis de nombreux \u00e9l\u00e8ves.<\/p>\n<p>Jusqu\u2019en 1974, les petits h\u00e9andais n\u2019avaient d\u2019autres solutions que de se rendre pour certains \u00e0 Saint-Galmier au coll\u00e8ge Sainte-St\u00e9phanie, ou d\u2019autres \u00e0 Saint-\u00c9tienne au lyc\u00e9e Saint-Louis.<\/p>\n<p>Le \u00ab\u00a0coll\u00e8ge priv\u00e9\u00a0\u00bb de Saint-H\u00e9and est donc n\u00e9 en septembre\u00a01974. Il s\u2019est install\u00e9 au premier \u00e9tage de l\u2019\u00e9cole priv\u00e9e des gar\u00e7ons, rue des Terreaux. Il accueillait alors seulement deux classes.\u00a0Une classe de 6e avec 34 \u00e9l\u00e8ves issus de l\u2019\u00e9cole priv\u00e9e du&#8230;<\/p>\n","protected":false},"excerpt":{"rendered":"Il y a cinquante ans, des parents d\u2019\u00e9l\u00e8ves dont les enfants occupaient les bancs de l\u2019\u00e9cole \u00e9l\u00e9mentaire ont&hellip;\n","protected":false},"author":2,"featured_media":159072,"comment_status":"","ping_status":"","sticky":false,"template":"","format":"standard","meta":{"footnotes":""},"categories":[9653],"tags":[1111,11,2430,6211,1687,7539,1777,674,1011,27,12,5486,25,4001,9664,22839],"class_list":{"0":"post-159071","1":"post","2":"type-post","3":"status-publish","4":"format-standard","5":"has-post-thumbnail","7":"category-saint-etienne","8":"tag-actu","9":"tag-actualites","10":"tag-auvergne-rhone-alpes","11":"tag-conference","12":"tag-culture-loisirs","13":"tag-edition-loire-sud","14":"tag-eu","15":"tag-europe","16":"tag-fr","17":"tag-france","18":"tag-news","19":"tag-rencontre","20":"tag-republique-francaise","21":"tag-saint-etienne","22":"tag-saint-etienne-bassin","23":"tag-saint-heand"},"share_on_mastodon":{"url":"https:\/\/pubeurope.com\/@fr\/114643568129423686","error":""},"_links":{"self":[{"href":"https:\/\/www.europesays.com\/fr\/wp-json\/wp\/v2\/posts\/159071","targetHints":{"allow":["GET"]}}],"collection":[{"href":"https:\/\/www.europesays.com\/fr\/wp-json\/wp\/v2\/posts"}],"about":[{"href":"https:\/\/www.europesays.com\/fr\/wp-json\/wp\/v2\/types\/post"}],"author":[{"embeddable":true,"href":"https:\/\/www.europesays.com\/fr\/wp-json\/wp\/v2\/users\/2"}],"replies":[{"embeddable":true,"href":"https:\/\/www.europesays.com\/fr\/wp-json\/wp\/v2\/comments?post=159071"}],"version-history":[{"count":0,"href":"https:\/\/www.europesays.com\/fr\/wp-json\/wp\/v2\/posts\/159071\/revisions"}],"wp:featuredmedia":[{"embeddable":true,"href":"https:\/\/www.europesays.com\/fr\/wp-json\/wp\/v2\/media\/159072"}],"wp:attachment":[{"href":"https:\/\/www.europesays.com\/fr\/wp-json\/wp\/v2\/media?parent=159071"}],"wp:term":[{"taxonomy":"category","embeddable":true,"href":"https:\/\/www.europesays.com\/fr\/wp-json\/wp\/v2\/categories?post=159071"},{"taxonomy":"post_tag","embeddable":true,"href":"https:\/\/www.europesays.com\/fr\/wp-json\/wp\/v2\/tags?post=159071"}],"curies":[{"name":"wp","href":"https:\/\/api.w.org\/{rel}","templated":true}]}}