{"id":159087,"date":"2025-06-07T18:53:07","date_gmt":"2025-06-07T18:53:07","guid":{"rendered":"https:\/\/www.europesays.com\/fr\/159087\/"},"modified":"2025-06-07T18:53:07","modified_gmt":"2025-06-07T18:53:07","slug":"letat-injecte-52-millions-deuros-pour-sauver-la-papeterie-de-la-chapelle-darblay-pres-de","status":"publish","type":"post","link":"https:\/\/www.europesays.com\/fr\/159087\/","title":{"rendered":"L\u2019\u00c9tat injecte 52\u00a0millions d\u2019euros pour sauver la papeterie de la Chapelle Darblay, pr\u00e8s de"},"content":{"rendered":"<p>L\u2019\u00c9tat s\u2019est engag\u00e9 \u00e0 soutenir financi\u00e8rement <a href=\"https:\/\/www.ouest-france.fr\/economie\/entreprises\/\" target=\"_blank\" rel=\"nofollow noopener\">le projet de reprise<\/a> de la papeterie Chapelle Darblay, \u00e0 Grand-Couronne pr\u00e8s de Rouen (Seine-Maritime). <a href=\"https:\/\/caen.maville.com\/actu\/actudet_-chapelle-darblay-pres-de-rouen-fibre-excellence-a-la-relance-de-la-papeterie-en-normandie-_53511-6085846_actu.Htm\" target=\"_blank\" rel=\"nofollow noopener\">Un projet men\u00e9 par le groupe Fibre excellence,<\/a> qui aurait capot\u00e9 sans soutien de l\u2019ex\u00e9cutif, apprend-on aupr\u00e8s de l\u2019AFP, qui cite le minist\u00e8re de l\u2019\u00c9conomie. Fibre Excellence est le premier producteur fran\u00e7ais de p\u00e2te \u00e0 papier marchande.<\/p>\n<p><strong>Lire aussi\u00a0:<\/strong>\u00a0<a href=\"https:\/\/caen.maville.com\/actu\/actudet_-81e-anniversaire-du-debarquement-en-normandie.-le-programme-complet-du-dimanche-8-juin-_4-6843490_actu.Htm\" target=\"_blank\" rel=\"nofollow noopener\">81e anniversaire du D\u00e9barquement en Normandie. Le programme complet du dimanche 8\u00a0juin<\/a><\/p>\n<p>185\u00a0emplois directs<\/p>\n<p>Ce dernier souligne que ce soutien financier, annonc\u00e9 \u00e0 hauteur de 52\u00a0millions d\u2019euros, <strong>\u00ab\u00a0sera conditionn\u00e9 \u00e0 la lev\u00e9e de fonds priv\u00e9s que doit d\u00e9sormais engager Fibre excellence\u00a0\u00bb.<\/strong><\/p>\n<p><a href=\"https:\/\/caen.maville.com\/actu\/actudet_-election-du-premier-secretaire-du-ps-je-veux-un-parti-vivant-dit-nicolas-mayer-rossignol-_54135-6839665_actu.Htm\" target=\"_blank\" rel=\"nofollow noopener\">Les maires socialistes de Rouen et de Grand-Couronne<\/a>, ainsi que la CGT, ont multipli\u00e9 les interventions aupr\u00e8s du gouvernement pour faire aboutir ce projet de r\u00e9industrialisation et la cr\u00e9ation de 185\u00a0emplois directs.<\/p>\n<p>Ils estimaient n\u00e9cessaire un pr\u00eat de l\u2019\u00c9tat de 27\u00a0millions d\u2019euros pour boucler le projet, port\u00e9 par Fibre excellence, qui a acquis le site en 2022 avec Veolia. Veolia, num\u00e9ro un mondial de l\u2019eau et des d\u00e9chets, s\u2019est engag\u00e9 de son c\u00f4t\u00e9 \u00e0 <strong>\u00ab\u00a0assurer le volet approvisionnement en papiers et cartons recycl\u00e9s du projet\u00a0\u00bb.<\/strong><\/p>\n<p><strong>Suivez notre direct\u00a0:<\/strong>\u00a0<a href=\"https:\/\/www.ouest-france.fr\/d-day\/direct-81e-anniversaire-du-debarquement-en-normandie-les-ceremonies-et-commemorations-de-ce-7-juin-1d582e94-4371-4c53-9002-c329941c86fa\" target=\"_blank\" rel=\"nofollow noopener\">81e anniversaire du D\u00e9barquement en Normandie\u00a0: apr\u00e8s les comm\u00e9morations, place \u00e0 la f\u00eate<\/a><\/p>\n<p>\u00ab\u00a0Fin d\u2019un combat de plus de six ans\u00a0\u00bb<\/p>\n<p><strong>\u00ab\u00a0Nous sommes extr\u00eamement fiers et soulag\u00e9s. \u00c7a s\u2019est jou\u00e9 \u00e0 tr\u00e8s peu puisque Fibre excellence devait sortir du projet mardi si l\u2019\u00c9tat n\u2019entrait pas au capital\u00a0\u00bb,<\/strong> a r\u00e9agi, ce samedi 7\u00a0juin 2025, Julien S\u00e9n\u00e9cal, syndicaliste de la CGT et ancien secr\u00e9taire du CSE de Chapelle Darblay.<\/p>\n<p><strong>\u00ab\u00a0Il manque d\u00e9sormais un financement priv\u00e9 \u00e0 hauteur de 160\u00a0millions d\u2019euros mais c\u2019est nettement plus facile \u00e0 obtenir aupr\u00e8s des banques lorsque l\u2019\u00c9tat est au capital. C\u2019est un \u00e9v\u00e9nement d\u00e9cisif et la fin d\u2019un combat de plus de six ans\u00a0\u00bb,<\/strong> s\u2019est-il r\u00e9joui.<\/p>\n<p>Selon Julien S\u00e9n\u00e9cal, la remise en activit\u00e9 du site est pr\u00e9vue <strong>\u00ab\u00a0\u00e0 l\u2019horizon 2028\u00a0\u00bb.<\/strong><\/p>\n<p>\u00a0<\/p>\n","protected":false},"excerpt":{"rendered":"L\u2019\u00c9tat s\u2019est engag\u00e9 \u00e0 soutenir financi\u00e8rement le projet de reprise de la papeterie Chapelle Darblay, \u00e0 Grand-Couronne pr\u00e8s&hellip;\n","protected":false},"author":2,"featured_media":159088,"comment_status":"","ping_status":"","sticky":false,"template":"","format":"standard","meta":{"footnotes":""},"categories":[9587],"tags":[29019,1111,11,10809,13980,29021,16309,1777,674,4658,1011,27,29018,4657,12,5161,29020,3762,25,9590,9874],"class_list":{"0":"post-159087","1":"post","2":"type-post","3":"status-publish","4":"format-standard","5":"has-post-thumbnail","7":"category-rouen","8":"tag-29019","9":"tag-actu","10":"tag-actualites","11":"tag-brignoles","12":"tag-chapelle","13":"tag-darblay","14":"tag-etat","15":"tag-eu","16":"tag-europe","17":"tag-euros","18":"tag-fr","19":"tag-france","20":"tag-injecte","21":"tag-millions","22":"tag-news","23":"tag-normandie","24":"tag-papeterie","25":"tag-pres","26":"tag-republique-francaise","27":"tag-rouen","28":"tag-sauver"},"share_on_mastodon":{"url":"https:\/\/pubeurope.com\/@fr\/114643599554175785","error":""},"_links":{"self":[{"href":"https:\/\/www.europesays.com\/fr\/wp-json\/wp\/v2\/posts\/159087","targetHints":{"allow":["GET"]}}],"collection":[{"href":"https:\/\/www.europesays.com\/fr\/wp-json\/wp\/v2\/posts"}],"about":[{"href":"https:\/\/www.europesays.com\/fr\/wp-json\/wp\/v2\/types\/post"}],"author":[{"embeddable":true,"href":"https:\/\/www.europesays.com\/fr\/wp-json\/wp\/v2\/users\/2"}],"replies":[{"embeddable":true,"href":"https:\/\/www.europesays.com\/fr\/wp-json\/wp\/v2\/comments?post=159087"}],"version-history":[{"count":0,"href":"https:\/\/www.europesays.com\/fr\/wp-json\/wp\/v2\/posts\/159087\/revisions"}],"wp:featuredmedia":[{"embeddable":true,"href":"https:\/\/www.europesays.com\/fr\/wp-json\/wp\/v2\/media\/159088"}],"wp:attachment":[{"href":"https:\/\/www.europesays.com\/fr\/wp-json\/wp\/v2\/media?parent=159087"}],"wp:term":[{"taxonomy":"category","embeddable":true,"href":"https:\/\/www.europesays.com\/fr\/wp-json\/wp\/v2\/categories?post=159087"},{"taxonomy":"post_tag","embeddable":true,"href":"https:\/\/www.europesays.com\/fr\/wp-json\/wp\/v2\/tags?post=159087"}],"curies":[{"name":"wp","href":"https:\/\/api.w.org\/{rel}","templated":true}]}}