{"id":159093,"date":"2025-06-07T18:58:35","date_gmt":"2025-06-07T18:58:35","guid":{"rendered":"https:\/\/www.europesays.com\/fr\/159093\/"},"modified":"2025-06-07T18:58:35","modified_gmt":"2025-06-07T18:58:35","slug":"votre-chat-sera-t-il-elu-le-plus-beau-de-lannee-2025-le-concours-est-lance","status":"publish","type":"post","link":"https:\/\/www.europesays.com\/fr\/159093\/","title":{"rendered":"votre chat sera-t-il \u00e9lu le plus beau de l&rsquo;ann\u00e9e 2025 ? Le concours est lanc\u00e9"},"content":{"rendered":"<p>            Par<br \/>\n        <strong><br \/>\n            <a href=\"https:\/\/actu.fr\/auteur\/laurene-fertin\" title=\"Consulter tous les articles de Laur\u00e8ne Fertin\" rel=\"nofollow noopener\" target=\"_blank\">Laur\u00e8ne Fertin<\/a><br \/>\n        <\/strong><\/p>\n<p>        Publi\u00e9 le<\/p>\n<p>            7 juin 2025 \u00e0 7h18        <\/p>\n<p>Votre chat est vraiment, vraiment mignon\u2009? Un <strong>concours<\/strong> est organis\u00e9, \u00e0 Rennes, pour \u00e9lire <strong>le plus beau chat<\/strong> de la capitale bretonne. Cette ann\u00e9e, <strong>trois<\/strong> <strong>cat\u00e9gories de chats<\/strong> seront repr\u00e9sent\u00e9es\u2009: chaton, chat de race et chat europ\u00e9en.<\/p>\n<p class=\" wall-content\">CatBnB, entreprise de garde de chats \u00e0 domicile, organise cette ann\u00e9e la <strong>7\u1d49 \u00e9dition<\/strong> du concours. Les <strong>inscriptions<\/strong> sont ouvertes <strong>jusqu\u2019au 19\u00a0juin<\/strong>.<\/p>\n<p>Ce qu\u2019il y a \u00e0 gagner<\/p>\n<p class=\" wall-content\">L\u2019\u00e9g\u00e9rie CatBnB 2025 remportera\u2009:<\/p>\n<ul class=\" wall-content\">\n<li>le titre officiel de plus beau chat de Rennes\u2009;<\/li>\n<li>un<strong> shooting photo<\/strong> professionnel \u00e0 domicile\u2009;<\/li>\n<li><strong>un an de garde<\/strong> CatBnB offerte\u2009;<\/li>\n<li><strong>une box personnalis\u00e9e<\/strong> par saison en tant qu\u2019ambassadeur\u00b7rice CatBnB.<\/li>\n<\/ul>\n<p class=\" wall-content\">Les deux autres chats sur le podium (2\u1d49 et 3\u1d49 place) recevront chacun\u2009:<\/p>\n<p>Vid\u00e9os : en ce moment sur Actu<\/p>\n<ul class=\" wall-content\">\n<li>un an de garde CatBnB en formule Essentielle (30\u00a0jours en formule Essentielle)\u2009;<\/li>\n<li>une box personnalis\u00e9e.<\/li>\n<\/ul>\n<p>Ulysse, \u00e9g\u00e9rie 2024<\/p>\n<p class=\" wall-content\">L\u2019an dernier, c\u2019est <strong>Ulysse<\/strong> qui a remport\u00e9 le concours (voir photo ci-dessus). Trois-cents chats avaient concouru.<\/p>\n<p class=\" wall-content\">Pour participer, c\u2019est <a href=\"https:\/\/cat-bnb.fr\/concours-du-plus-beau-chat-2025\/\" rel=\"nofollow noopener\" target=\"_blank\">ici<\/a>. Vous avez donc jusqu\u2019au 19\u00a0juin, <strong>midi<\/strong>, dernier d\u00e9lai.<\/p>\n<p class=\" wall-content\">Suivez toute l\u2019actualit\u00e9 de vos villes et m\u00e9dias favoris en vous inscrivant \u00e0 <a href=\"https:\/\/moncompte.actu.fr\" title=\"D\u00e9couvez Mon Actu\" rel=\"nofollow noopener\" data-trk=\"{&quot;cta&quot;:{&quot;action&quot;:&quot;https:\\\/\\\/moncompte.actu.fr&quot;,&quot;category&quot;:&quot;mon compte&quot;,&quot;from&quot;:&quot;article footer&quot;,&quot;name&quot;:&quot;Mon actu&quot;,&quot;type&quot;:&quot;cta&quot;}}\" target=\"_blank\">Mon Actu<\/a>.<\/p>\n","protected":false},"excerpt":{"rendered":"Par Laur\u00e8ne Fertin Publi\u00e9 le 7 juin 2025 \u00e0 7h18 Votre chat est vraiment, vraiment mignon\u2009? Un concours&hellip;\n","protected":false},"author":2,"featured_media":159094,"comment_status":"","ping_status":"","sticky":false,"template":"","format":"standard","meta":{"footnotes":""},"categories":[2821],"tags":[1111,11,1867,829,7654,1777,674,1011,27,1757,12,584,25],"class_list":{"0":"post-159093","1":"post","2":"type-post","3":"status-publish","4":"format-standard","5":"has-post-thumbnail","7":"category-rennes","8":"tag-actu","9":"tag-actualites","10":"tag-animaux","11":"tag-bretagne","12":"tag-chat","13":"tag-eu","14":"tag-europe","15":"tag-fr","16":"tag-france","17":"tag-insolite","18":"tag-news","19":"tag-rennes","20":"tag-republique-francaise"},"share_on_mastodon":{"url":"https:\/\/pubeurope.com\/@fr\/114643619234900516","error":""},"_links":{"self":[{"href":"https:\/\/www.europesays.com\/fr\/wp-json\/wp\/v2\/posts\/159093","targetHints":{"allow":["GET"]}}],"collection":[{"href":"https:\/\/www.europesays.com\/fr\/wp-json\/wp\/v2\/posts"}],"about":[{"href":"https:\/\/www.europesays.com\/fr\/wp-json\/wp\/v2\/types\/post"}],"author":[{"embeddable":true,"href":"https:\/\/www.europesays.com\/fr\/wp-json\/wp\/v2\/users\/2"}],"replies":[{"embeddable":true,"href":"https:\/\/www.europesays.com\/fr\/wp-json\/wp\/v2\/comments?post=159093"}],"version-history":[{"count":0,"href":"https:\/\/www.europesays.com\/fr\/wp-json\/wp\/v2\/posts\/159093\/revisions"}],"wp:featuredmedia":[{"embeddable":true,"href":"https:\/\/www.europesays.com\/fr\/wp-json\/wp\/v2\/media\/159094"}],"wp:attachment":[{"href":"https:\/\/www.europesays.com\/fr\/wp-json\/wp\/v2\/media?parent=159093"}],"wp:term":[{"taxonomy":"category","embeddable":true,"href":"https:\/\/www.europesays.com\/fr\/wp-json\/wp\/v2\/categories?post=159093"},{"taxonomy":"post_tag","embeddable":true,"href":"https:\/\/www.europesays.com\/fr\/wp-json\/wp\/v2\/tags?post=159093"}],"curies":[{"name":"wp","href":"https:\/\/api.w.org\/{rel}","templated":true}]}}