{"id":159105,"date":"2025-06-07T19:04:13","date_gmt":"2025-06-07T19:04:13","guid":{"rendered":"https:\/\/www.europesays.com\/fr\/159105\/"},"modified":"2025-06-07T19:04:13","modified_gmt":"2025-06-07T19:04:13","slug":"en-images-proteger-les-oceans-un-concert-a-nantes-pour-eveiller-les-consciences-sur-2","status":"publish","type":"post","link":"https:\/\/www.europesays.com\/fr\/159105\/","title":{"rendered":"EN IMAGES. Prot\u00e9ger les oc\u00e9ans : un concert \u00e0 Nantes pour \u00ab\u00a0\u00e9veiller les consciences\u00a0\u00bb sur"},"content":{"rendered":"<p>Faire dialoguer culture et science et sensibiliser \u00e0 la protection des\u00a0oc\u00e9ans par l\u2019\u00e9motion. Tel \u00e9tait le pari du concert-conf\u00e9rence qui se tenait hier au conservatoire.\u00a0\u00c0 l\u2019occasion de <a href=\"https:\/\/rennes.maville.com\/actu\/actudet_-la-france-espere-qu-un-cap-sera-franchi-pour-les-oceans-a-nice-_8-6842192_actu.Htm\" target=\"_blank\" rel=\"noopener\">la Journ\u00e9e Mondiale des Oc\u00e9ans<\/a>, le Conservatoire de Nantes, Oc\u00e9ans Connect\u00e9s, le Mus\u00e9um d\u2019Histoire\u00a0Naturelle de Nantes et Presse Oc\u00e9an se sont joints pour une cr\u00e9ation in\u00e9dite permettant au public de traverser l\u2019histoire des oc\u00e9ans, de d\u00e9couvrir les <a href=\"https:\/\/nice.maville.com\/actu\/actudet_-un-congres-scientifique-a-nice-pour-inciter-et-aider-les-decideurs-a-agir-_53018-6796844_actu.Htm\" target=\"_blank\" rel=\"noopener\">connaissances scientifiques<\/a> et d\u2019entendre des \u0153uvres du r\u00e9pertoire de\u00a0musique classique \u00e9voquant la mer.\u00a0L\u2019Orchestre de Chambre des \u00c9tudiants et Amateurs Nantais (OCEAN) du conservatoire, dirig\u00e9 par Denis Lap\u00f4tre, a interpr\u00e9t\u00e9 plusieurs \u0153uvres phares de\u00a0l\u2019histoire de la musique.<\/p>\n<p>\t<img decoding=\"async\" src=\"https:\/\/www.europesays.com\/fr\/wp-content\/uploads\/2025\/06\/P35276680D6843544G_px_640_.jpg\" alt=\"photo l\u2019\u00e9v\u00e9nement \u00e9tait labellis\u00e9 \u00ab la mer en commun \u00bb dans le cadre de l\u2019ann\u00e9e de la mer 2025.  \u00a9  photo presse oc\u00e9an - nathalie bourreau\" width=\"640\" title=\" L\u2019\u00e9v\u00e9nement \u00e9tait labellis\u00e9 \u00ab La mer en commun \u00bb dans le cadre de l\u2019Ann\u00e9e de la mer 2025.   Photo Presse Oc\u00e9an - Nathalie Bourreau \"\/><\/p>\n<p class=\"elmt-legende\"> L\u2019\u00e9v\u00e9nement \u00e9tait labellis\u00e9 \u00ab La mer en commun \u00bb dans le cadre de l\u2019Ann\u00e9e de la mer 2025.   Photo Presse Oc\u00e9an &#8211; Nathalie Bourreau <\/p>\n<p>Entre chacune, des interventions scientifiques ont explicit\u00e9 le r\u00f4le de l\u2019oc\u00e9an pour le climat et la biodiversit\u00e9.\u00a0Des propos pr\u00e9par\u00e9s et pr\u00e9sent\u00e9s par <a href=\"https:\/\/nantes.maville.com\/actu\/actudet_-entretien.-l-oceanologue-carole-saout-grit-met-les-sciences-de-la-mer-a-portee-de-tous-_8-5588423_actu.Htm\" target=\"_blank\" rel=\"noopener\">Carole Saout-Grit, oc\u00e9anographe physicienne<\/a>.<\/p>\n<p>\t<img decoding=\"async\" src=\"https:\/\/www.europesays.com\/fr\/wp-content\/uploads\/2025\/06\/P35276681D6843544G_px_640_.jpg\" alt=\"photo sur sc\u00e8ne, l\u2019orchestre de chambre des \u00e9tudiants et amateurs nantais (ocean).  \u00a9  photo presse oc\u00e9an - nathalie bourreau\" width=\"640\" title=\" Sur sc\u00e8ne, l\u2019Orchestre de Chambre des \u00c9tudiants et Amateurs Nantais (OCEAN).   Photo Presse Oc\u00e9an - Nathalie Bourreau \"\/><\/p>\n<p class=\"elmt-legende\"> Sur sc\u00e8ne, l\u2019Orchestre de Chambre des \u00c9tudiants et Amateurs Nantais (OCEAN).   Photo Presse Oc\u00e9an &#8211; Nathalie Bourreau <\/p>\n<p>\u00a0<\/p>\n","protected":false},"excerpt":{"rendered":"Faire dialoguer culture et science et sensibiliser \u00e0 la protection des\u00a0oc\u00e9ans par l\u2019\u00e9motion. Tel \u00e9tait le pari du&hellip;\n","protected":false},"author":2,"featured_media":158979,"comment_status":"","ping_status":"","sticky":false,"template":"","format":"standard","meta":{"footnotes":""},"categories":[2818],"tags":[1111,11,1697,29008,1777,674,29007,1011,27,4430,6127,766,12,12687,2636,4741,25],"class_list":{"0":"post-159105","1":"post","2":"type-post","3":"status-publish","4":"format-standard","5":"has-post-thumbnail","7":"category-nantes","8":"tag-actu","9":"tag-actualites","10":"tag-concert","11":"tag-consciences","12":"tag-eu","13":"tag-europe","14":"tag-eveiller","15":"tag-fr","16":"tag-france","17":"tag-images","18":"tag-mer","19":"tag-nantes","20":"tag-news","21":"tag-oceans","22":"tag-pays-de-la-loire","23":"tag-proteger","24":"tag-republique-francaise"},"share_on_mastodon":{"url":"https:\/\/pubeurope.com\/@fr\/114643643257364550","error":""},"_links":{"self":[{"href":"https:\/\/www.europesays.com\/fr\/wp-json\/wp\/v2\/posts\/159105","targetHints":{"allow":["GET"]}}],"collection":[{"href":"https:\/\/www.europesays.com\/fr\/wp-json\/wp\/v2\/posts"}],"about":[{"href":"https:\/\/www.europesays.com\/fr\/wp-json\/wp\/v2\/types\/post"}],"author":[{"embeddable":true,"href":"https:\/\/www.europesays.com\/fr\/wp-json\/wp\/v2\/users\/2"}],"replies":[{"embeddable":true,"href":"https:\/\/www.europesays.com\/fr\/wp-json\/wp\/v2\/comments?post=159105"}],"version-history":[{"count":0,"href":"https:\/\/www.europesays.com\/fr\/wp-json\/wp\/v2\/posts\/159105\/revisions"}],"wp:featuredmedia":[{"embeddable":true,"href":"https:\/\/www.europesays.com\/fr\/wp-json\/wp\/v2\/media\/158979"}],"wp:attachment":[{"href":"https:\/\/www.europesays.com\/fr\/wp-json\/wp\/v2\/media?parent=159105"}],"wp:term":[{"taxonomy":"category","embeddable":true,"href":"https:\/\/www.europesays.com\/fr\/wp-json\/wp\/v2\/categories?post=159105"},{"taxonomy":"post_tag","embeddable":true,"href":"https:\/\/www.europesays.com\/fr\/wp-json\/wp\/v2\/tags?post=159105"}],"curies":[{"name":"wp","href":"https:\/\/api.w.org\/{rel}","templated":true}]}}