{"id":159108,"date":"2025-06-07T19:06:22","date_gmt":"2025-06-07T19:06:22","guid":{"rendered":"https:\/\/www.europesays.com\/fr\/159108\/"},"modified":"2025-06-07T19:06:22","modified_gmt":"2025-06-07T19:06:22","slug":"le-ministere-de-lagriculture-revele-des-chiffres-alarmants-sur-le-recul-des-surfaces-de-vigne","status":"publish","type":"post","link":"https:\/\/www.europesays.com\/fr\/159108\/","title":{"rendered":"le minist\u00e8re de l\u2019Agriculture r\u00e9v\u00e8le des chiffres alarmants sur le recul des surfaces de vigne"},"content":{"rendered":"<p>Dans un contexte de crise, le vignoble bordelais a perdu 15 % de ses surfaces de vigne en six ans, selon des chiffres du minist\u00e8re de l\u2019Agriculture r\u00e9v\u00e9l\u00e9s ce 5 juin.<\/p>\n<p class=\"fig-paragraph\">Le service statistiques du minist\u00e8re de l\u2019Agriculture, l\u2019Agreste, a publi\u00e9 ce jeudi 5 juin son dernier rapport, attestant \u00e0 travers des chiffres l\u2019importante crise travers\u00e9e par le\u00a0<a href=\"https:\/\/avis-vin.lefigaro.fr\/connaitre-deguster\/tout-savoir-sur-le-vin\/guide-des-regions-et-des-appellations\/bordeaux\" target=\"_blank\" rel=\"noopener\" data-gtm-custom-categorie=\"navigation\" data-gtm-custom-action=\"crossclick\" data-gtm-custom-label=\"Contextuel\" data-gtm-event=\"customEventSPE\">vignoble bordelais<\/a>. Principale occupation des sols agricoles en Gironde, les surfaces allou\u00e9es \u00e0 la vigne s\u2019\u00e9rodent drastiquement, avec 15 % de surfaces en moins depuis 2019. Elles sont ainsi pass\u00e9es de 119.000 hectares \u00e0 moins de 92.000, selon les pr\u00e9visions de l\u2019Agreste pour la prochaine r\u00e9colte qui sera r\u00e9alis\u00e9e \u00e0 l\u2019automne 2025.<\/p>\n<p class=\"fig-paragraph\">Sur la p\u00e9riode 2023-2025, ce sont 18.000 hectares de vignes qui ont \u00e9t\u00e9 arrach\u00e9s, dans le cadre de campagnes d\u2019arrachage financ\u00e9es en partie par l\u2019\u00c9tat. Le minist\u00e8re de l\u2019Agriculture a ouvert depuis octobre 2024 un plan d\u2019arrachage afin de garantir une aide de 4000 euros par hectare dans la limite d\u2019une enveloppe de 120 millions d\u2019euros. Cette r\u00e9duction des surfaces de vigne occasionne des r\u00e9percussions sur les emplois de la fili\u00e8re, selon l\u2019Agreste. \u00abEntre 2019 et 2023, le nombre de travailleurs viticoles girondins d\u00e9cro\u00eet de 15 %, soit une baisse totale de 7404 salari\u00e9s et non-salari\u00e9s\u00bb, pr\u00e9cise le bulletin.<\/p>\n<p>Une loi pour encourager l\u2019arrachage<\/p>\n<p class=\"fig-paragraph\">Ces chiffres ont \u00e9t\u00e9 publi\u00e9s alors que le Parlement a d\u00e9finitivement adopt\u00e9, ce jeudi, un\u00a0<a href=\"http:\/\/www.lefigaro.fr\/flash-eco\/le-parlement-vote-pour-encourager-l-arrachage-de-vignes-abandonnees-foyers-de-maladies-20250605\" target=\"_blank\" data-fig-type=\"NewsFlash\" rel=\"noopener\" data-gtm-custom-categorie=\"navigation\" data-gtm-custom-action=\"crossclick\" data-gtm-custom-label=\"Contextuel\" data-gtm-event=\"customEventSPE\" data-fig-domain=\"LEFIGARO\">texte encourageant les viticulteurs de toute la France \u00e0 arracher leurs vignes laiss\u00e9es \u00e0 l\u2019abandon<\/a>. Ces derni\u00e8res constituent d\u2019importants foyers de d\u00e9veloppement de maladies, \u00e0 l\u2019instar de la flavescence dor\u00e9e, qui risquent de contaminer les vignes voisines exploit\u00e9es.<\/p>\n<p class=\"fig-body-link\">\n            \u00c0 lire aussi<br \/>\n        <a class=\"fig-body-link__link\" href=\"http:\/\/www.lefigaro.fr\/bordeaux\/en-gironde-un-medecin-urgentiste-a-la-retraite-sauve-des-vignes-de-l-arrachage-20240428\" target=\"_blank\" data-fig-type=\"NewsFlash\" rel=\"noopener\" data-gtm-custom-categorie=\"navigation\" data-gtm-custom-action=\"crossclick\" data-gtm-custom-label=\"Contextuel\" data-gtm-event=\"customEventSPE\" data-fig-domain=\"LEFIGARO\">En Gironde, un m\u00e9decin urgentiste \u00e0 la retraite sauve des vignes de l\u2019arrachage<br \/>\n    <\/a>\n<\/p>\n<p class=\"fig-paragraph\">Cette loi pr\u00e9voit aussi un r\u00e9gime plus gradu\u00e9 de sanctions destin\u00e9es aux viticulteurs qui ne respectent pas les obligations d\u2019arrachages de vignes non exploit\u00e9es. \u00abCette \u00e9volution permettra une mise en \u0153uvre plus rapide, plus lisible et plus efficace des obligations sanitaires, sans stigmatiser les viticulteurs\u00bb, d\u00e9j\u00e0 en prise \u00e0 des difficult\u00e9s li\u00e9es au changement climatique, a d\u00e9clar\u00e9 la porte-parole du gouvernement Sophie Primas. Au lieu des six mois d\u2019emprisonnement et des 150.000 euros d\u2019amende pr\u00e9vus actuellement, le texte pr\u00e9voit une \u00abcontravention\u00bb passible de 1500 euros d\u2019amende et 3000 euros en cas de r\u00e9cidive.<\/p>\n","protected":false},"excerpt":{"rendered":"Dans un contexte de crise, le vignoble bordelais a perdu 15 % de ses surfaces de vigne en&hellip;\n","protected":false},"author":2,"featured_media":159109,"comment_status":"","ping_status":"","sticky":false,"template":"","format":"standard","meta":{"footnotes":""},"categories":[2817],"tags":[1111,11,1997,11197,1777,674,4464,1011,27,4463,12,2219,25,1662],"class_list":{"0":"post-159108","1":"post","2":"type-post","3":"status-publish","4":"format-standard","5":"has-post-thumbnail","7":"category-bordeaux","8":"tag-actu","9":"tag-actualites","10":"tag-bordeaux","11":"tag-economie-du-vin","12":"tag-eu","13":"tag-europe","14":"tag-figaro-vin","15":"tag-fr","16":"tag-france","17":"tag-guide","18":"tag-news","19":"tag-nouvelle-aquitaine","20":"tag-republique-francaise","21":"tag-vin"},"share_on_mastodon":{"url":"https:\/\/pubeurope.com\/@fr\/114643650745857447","error":""},"_links":{"self":[{"href":"https:\/\/www.europesays.com\/fr\/wp-json\/wp\/v2\/posts\/159108","targetHints":{"allow":["GET"]}}],"collection":[{"href":"https:\/\/www.europesays.com\/fr\/wp-json\/wp\/v2\/posts"}],"about":[{"href":"https:\/\/www.europesays.com\/fr\/wp-json\/wp\/v2\/types\/post"}],"author":[{"embeddable":true,"href":"https:\/\/www.europesays.com\/fr\/wp-json\/wp\/v2\/users\/2"}],"replies":[{"embeddable":true,"href":"https:\/\/www.europesays.com\/fr\/wp-json\/wp\/v2\/comments?post=159108"}],"version-history":[{"count":0,"href":"https:\/\/www.europesays.com\/fr\/wp-json\/wp\/v2\/posts\/159108\/revisions"}],"wp:featuredmedia":[{"embeddable":true,"href":"https:\/\/www.europesays.com\/fr\/wp-json\/wp\/v2\/media\/159109"}],"wp:attachment":[{"href":"https:\/\/www.europesays.com\/fr\/wp-json\/wp\/v2\/media?parent=159108"}],"wp:term":[{"taxonomy":"category","embeddable":true,"href":"https:\/\/www.europesays.com\/fr\/wp-json\/wp\/v2\/categories?post=159108"},{"taxonomy":"post_tag","embeddable":true,"href":"https:\/\/www.europesays.com\/fr\/wp-json\/wp\/v2\/tags?post=159108"}],"curies":[{"name":"wp","href":"https:\/\/api.w.org\/{rel}","templated":true}]}}