{"id":159118,"date":"2025-06-07T19:11:45","date_gmt":"2025-06-07T19:11:45","guid":{"rendered":"https:\/\/www.europesays.com\/fr\/159118\/"},"modified":"2025-06-07T19:11:45","modified_gmt":"2025-06-07T19:11:45","slug":"la-fiesta-lille-oujda-concert-snitra-x-orchestre-lalo-evenements","status":"publish","type":"post","link":"https:\/\/www.europesays.com\/fr\/159118\/","title":{"rendered":"La Fiesta Lille Oujda &#8211; Concert Snitra x Orchestre Lalo \/ \u00c9v\u00e9nements"},"content":{"rendered":"<p>\n                                                                        Le 14 juin 2025<br \/>\n\t\t\t\t\t\t\t\t\t\t\tde 20h00 \u00e0 22h00\n\t\t\t\t\t                                        <\/p>\n<p class=\"subtitle\">\u00e0 <strong><br \/>\nLe Grand Sud<\/strong><\/p>\n<p>            <img loading=\"lazy\" decoding=\"async\" src=\"\/var\/www\/storage\/images\/mediatheque\/mairie-de-lille\/images-openagenda\/la-fiesta-lille-oujda-concert-snitra-x-orchestre-lalo\/3782501-1-fre-FR\/La-Fiesta-Lille-Oujda-Concert-Snitra-x-Orchestre-Lalo_news_image_top.jpg\" width=\"779\" height=\"438\" alt=\"La Fiesta Lille Oujda - Concert Snitra x Orchestre Lalo\"\/><\/p>\n<p>Dans le cadre du 20\u1d49 anniversaire de la coop\u00e9ration entre Lille et Oujda (Maroc), venez c\u00e9l\u00e9brer cet \u00e9v\u00e9nement exceptionnel avec un concert festif de rock symphonique, en collaboration avec le service relations internationales de la Ville de Lille et l&rsquo;association culturelle Attacafa !<\/p>\n<p>Sous la direction d\u2019\u00c9ric Deltour, l\u2019Orchestre Lalo du Conservatoire de Lille s\u2019associe au groupe Snitra pour une soir\u00e9e in\u00e9dite o\u00f9 se m\u00ealent m\u00e9lodies populaires, musique traditionnelle et instruments \u00e9lectrifi\u00e9s. Une fusion audacieuse entre sonorit\u00e9s classiques et \u00e9nergies rock, port\u00e9e par des musiciens d\u2019exception.<\/p>\n<p>Pr\u00e9parez-vous \u00e0 vibrer debout : ce concert se vit en mouvement ! Un espace sera toutefois am\u00e9nag\u00e9 pour les personnes \u00e0 mobilit\u00e9 r\u00e9duite, afin que tout le monde puisse en profiter dans les meilleures conditions.<\/p>\n<p>Une invitation au voyage, \u00e0 la rencontre des cultures et au partage musical !<\/p>\n<p>Direction \u00c9ric Deltour<\/p>\n<p><strong>PR\u00c9SENTATIONS<\/strong><\/p>\n<p>\n<strong>Orchestre Lalo<\/strong><br \/>Fond\u00e9 en septembre 2005, l\u2019Orchestre des \u00c9tudiants et Amateurs du Conservatoire de Lille est devenu l\u2019Orchestre Lalo, en hommage au compositeur \u00c9douard Lalo, natif de Lille. En une d\u00e9cennie, il a su rassembler un grand nombre d\u2019instrumentistes autour d\u2019une programmation \u00e0 la fois ambitieuse et accessible.<\/p>\n<p>\n<strong>Snitra<\/strong><br \/>Fond\u00e9 en 2015. Snitra (qui signifie guitare ou instrument \u00e0 cordes en darija) est un groupe de fusion marocain profond\u00e9ment ancr\u00e9 dans la culture musicale de la r\u00e9gion orientale, dont viennent ses huit membres. La musique envol\u00e9e parfois joyeuse et parfois sombre de ce big band Oujdi est une ode \u00e0 l\u2019identit\u00e9 musicale nord-africaine o\u00f9 gnawa, reggada, gharnati et issawa fusionn\u00e9e avec du rock, reggae et jazz \u00e0 travers trompette, guitares satur\u00e9es, percussions, ghayta, zamer, mandole et saxo.<\/p>\n<p><strong>Informations :<\/strong><\/p>\n<ul class=\"listPuce\">\n<li><strong>Samedi 14 juin 2025 \u2013 20h00<\/strong><\/li>\n<li><strong>Le Grand Sud, 50 rue de l\u2019Europe, Lille<\/strong><\/li>\n<li><strong>Entr\u00e9e gratuite sur r\u00e9servation<\/strong><\/li>\n<\/ul>\n<p>Pour en savoir plus sur l&rsquo;association Attacafa c&rsquo;est <a href=\"http:\/\/attacafa.com\/\" target=\"_self\" class=\"lien_interne\" rel=\"nofollow noopener\">ici<\/a> !<\/p>\n<p>        \t\t                                                    Infos pratiques<\/p>\n<p>                    Adresse<\/p>\n<p>\n50 rue de l\u2019Europe<br \/>59000 Lille<\/p>\n<p>                                                            Voir le plan<\/p>\n<p>                        Contact<\/p>\n<p>resagrandsud@mairie-lille.fr<\/p>\n<p>            Acc\u00e8s<\/p>\n<p>M\u00e9tro : Porte des Postes (M1\/M2) Bus : Place de la Garonne (L7\/CITL) V&rsquo;Lille : H\u00f4tel de Police (78) ; Fbg d&rsquo;Arras (147) Parking : 190 places<\/p>\n<p>\n                    PublicsDe  \u00e0  ans<\/p>\n","protected":false},"excerpt":{"rendered":"Le 14 juin 2025 de 20h00 \u00e0 22h00 \u00e0 Le Grand Sud Dans le cadre du 20\u1d49 anniversaire&hellip;\n","protected":false},"author":2,"featured_media":159119,"comment_status":"","ping_status":"","sticky":false,"template":"","format":"standard","meta":{"footnotes":""},"categories":[2815],"tags":[1111,11,4763,1777,674,1011,27,811,1307,5415,12,25],"class_list":{"0":"post-159118","1":"post","2":"type-post","3":"status-publish","4":"format-standard","5":"has-post-thumbnail","7":"category-lille","8":"tag-actu","9":"tag-actualites","10":"tag-agenda","11":"tag-eu","12":"tag-europe","13":"tag-fr","14":"tag-france","15":"tag-hauts-de-france","16":"tag-lille","17":"tag-mairie","18":"tag-news","19":"tag-republique-francaise"},"share_on_mastodon":{"url":"https:\/\/pubeurope.com\/@fr\/114643670486498631","error":""},"_links":{"self":[{"href":"https:\/\/www.europesays.com\/fr\/wp-json\/wp\/v2\/posts\/159118","targetHints":{"allow":["GET"]}}],"collection":[{"href":"https:\/\/www.europesays.com\/fr\/wp-json\/wp\/v2\/posts"}],"about":[{"href":"https:\/\/www.europesays.com\/fr\/wp-json\/wp\/v2\/types\/post"}],"author":[{"embeddable":true,"href":"https:\/\/www.europesays.com\/fr\/wp-json\/wp\/v2\/users\/2"}],"replies":[{"embeddable":true,"href":"https:\/\/www.europesays.com\/fr\/wp-json\/wp\/v2\/comments?post=159118"}],"version-history":[{"count":0,"href":"https:\/\/www.europesays.com\/fr\/wp-json\/wp\/v2\/posts\/159118\/revisions"}],"wp:featuredmedia":[{"embeddable":true,"href":"https:\/\/www.europesays.com\/fr\/wp-json\/wp\/v2\/media\/159119"}],"wp:attachment":[{"href":"https:\/\/www.europesays.com\/fr\/wp-json\/wp\/v2\/media?parent=159118"}],"wp:term":[{"taxonomy":"category","embeddable":true,"href":"https:\/\/www.europesays.com\/fr\/wp-json\/wp\/v2\/categories?post=159118"},{"taxonomy":"post_tag","embeddable":true,"href":"https:\/\/www.europesays.com\/fr\/wp-json\/wp\/v2\/tags?post=159118"}],"curies":[{"name":"wp","href":"https:\/\/api.w.org\/{rel}","templated":true}]}}