{"id":159120,"date":"2025-06-07T19:12:10","date_gmt":"2025-06-07T19:12:10","guid":{"rendered":"https:\/\/www.europesays.com\/fr\/159120\/"},"modified":"2025-06-07T19:12:10","modified_gmt":"2025-06-07T19:12:10","slug":"les-moutons-marseillais-font-leur-transhumance-urbaine-a-travers-la-busserine","status":"publish","type":"post","link":"https:\/\/www.europesays.com\/fr\/159120\/","title":{"rendered":"Les moutons marseillais font leur transhumance urbaine \u00e0 travers la Busserine"},"content":{"rendered":"<p>Les brebis du troupeau itin\u00e9rant des <a href=\"https:\/\/www.laprovence.com\/article\/societe\/6540694175937314\/sous-la-garde-de-bergers-urbains-seize-brebis-et-deux-agneaux-paturent-en-pleine-ville-a-marseille\" target=\"_blank\" rel=\"noopener\">Moutons marseillais<\/a> ont l\u2019habitude de brouter partout dans la ville. Pour le d\u00e9jeuner, c\u2019est l\u2019herbe entre les tours de la cit\u00e9 la <a href=\"https:\/\/www.laprovence.com\/article\/region\/1430916324402514\/marseille-city-stade-parcours-velo-le-quartier-de-la-busserine-a-desormais-son-poumon-vert-et-sportif\" target=\"_blank\" rel=\"noopener\">Busserine<\/a>, dans le <a href=\"https:\/\/www.laprovence.com\/article\/region\/2711276390255814\/quartiers-de-marseille-sainte-marthe-par-celles-et-ceux-qui-y-vivent-et-y-travaillent\" target=\"_blank\" rel=\"noopener\">14e arrondissement<\/a>, que les b\u00eates ont d\u00e9gust\u00e9. \u00ab\u00a0J\u2019ai ouvert la fen\u00eatre de mon balcon et je les ai vus, j\u2019ai hallucin\u00e9. C\u2019est g\u00e9nial de voir des moutons juste en bas de chez nous\u00a0\u00bb, sourit Hanane en filmant son tout jeune fils qui gambade entre les b\u00eates. Pour leur dixi\u00e8me transhumance urbaine depuis mars, et la fin de la p\u00e9riode d\u2019agnelage du troupeau, les berg\u00e8res Ma\u00eft\u00e9 et Laura ont choisi les quartiers Nord pour faire d\u00e9couvrir leur activit\u00e9 pastorale \u00e0 une trentaine d\u2019enfants.<\/p>\n<p>\u00ab\u00a0\u00c7a me touche de voir la nature reprendre ses droits\u00a0\u00bb<\/p>\n<p>\u00ab\u00a0Traverser des zones urbaines, avec des routes et des voitures qui roulent vite, en encadrant calmement nos b\u00eates est toujours un d\u00e9fi pour nous, m\u00eame si c\u2019est devenu une habitude. Pour les b\u00e9n\u00e9voles, surtout les plus jeunes, c\u2019est \u00e0 chaque fois une grande d\u00e9couverte et un sacr\u00e9 \u00e9merveillement\u00a0\u00bb, constate Ma\u00eft\u00e9, qui a repris la gestion de l\u2019association cet l\u2019hiver. Tommaso, 25\u00a0ans, est n\u00e9 en Italie et, souvent, Marseille lui rappelle son pays.<\/p>\n","protected":false},"excerpt":{"rendered":"Les brebis du troupeau itin\u00e9rant des Moutons marseillais ont l\u2019habitude de brouter partout dans la ville. Pour le&hellip;\n","protected":false},"author":2,"featured_media":159121,"comment_status":"","ping_status":"","sticky":false,"template":"","format":"standard","meta":{"footnotes":""},"categories":[2814],"tags":[17,1111,11,1777,674,7234,1011,27,151,3289,761,884,24001,12,882,16,25,29022,15650],"class_list":{"0":"post-159120","1":"post","2":"type-post","3":"status-publish","4":"format-standard","5":"has-post-thumbnail","7":"category-marseille","8":"tag-17","9":"tag-actu","10":"tag-actualites","11":"tag-eu","12":"tag-europe","13":"tag-font","14":"tag-fr","15":"tag-france","16":"tag-les","17":"tag-leur","18":"tag-marseillais","19":"tag-marseille","20":"tag-moutons","21":"tag-news","22":"tag-provence-alpes-cote-dazur","23":"tag-region","24":"tag-republique-francaise","25":"tag-transhumance","26":"tag-urbaine"},"share_on_mastodon":{"url":"https:\/\/pubeurope.com\/@fr\/114643674345391406","error":""},"_links":{"self":[{"href":"https:\/\/www.europesays.com\/fr\/wp-json\/wp\/v2\/posts\/159120","targetHints":{"allow":["GET"]}}],"collection":[{"href":"https:\/\/www.europesays.com\/fr\/wp-json\/wp\/v2\/posts"}],"about":[{"href":"https:\/\/www.europesays.com\/fr\/wp-json\/wp\/v2\/types\/post"}],"author":[{"embeddable":true,"href":"https:\/\/www.europesays.com\/fr\/wp-json\/wp\/v2\/users\/2"}],"replies":[{"embeddable":true,"href":"https:\/\/www.europesays.com\/fr\/wp-json\/wp\/v2\/comments?post=159120"}],"version-history":[{"count":0,"href":"https:\/\/www.europesays.com\/fr\/wp-json\/wp\/v2\/posts\/159120\/revisions"}],"wp:featuredmedia":[{"embeddable":true,"href":"https:\/\/www.europesays.com\/fr\/wp-json\/wp\/v2\/media\/159121"}],"wp:attachment":[{"href":"https:\/\/www.europesays.com\/fr\/wp-json\/wp\/v2\/media?parent=159120"}],"wp:term":[{"taxonomy":"category","embeddable":true,"href":"https:\/\/www.europesays.com\/fr\/wp-json\/wp\/v2\/categories?post=159120"},{"taxonomy":"post_tag","embeddable":true,"href":"https:\/\/www.europesays.com\/fr\/wp-json\/wp\/v2\/tags?post=159120"}],"curies":[{"name":"wp","href":"https:\/\/api.w.org\/{rel}","templated":true}]}}