{"id":159122,"date":"2025-06-07T19:13:10","date_gmt":"2025-06-07T19:13:10","guid":{"rendered":"https:\/\/www.europesays.com\/fr\/159122\/"},"modified":"2025-06-07T19:13:10","modified_gmt":"2025-06-07T19:13:10","slug":"nage-en-eau-libre-qui-est-marc-stettler-lironman-du-defi","status":"publish","type":"post","link":"https:\/\/www.europesays.com\/fr\/159122\/","title":{"rendered":"Nage en eau libre : qui est Marc Stettler, \u00ab\u00a0l&rsquo;Ironman du D\u00e9fi\u00a0\u00bb ?"},"content":{"rendered":"<p>C&rsquo;est un d\u00e9fi hors-norme que Marc Stettler a relev\u00e9 ce week-end. En encha\u00eenant les formats les plus exigeants <a href=\"https:\/\/www.laprovence.com\/article\/sortie-loisirs\/1607470010697914\/le-mythe-de-monte-cristo-domine-le-chateau-d-if-a-marseille\" target=\"_blank\" rel=\"noopener\">du Monte-Cristo<\/a>, les 5 km, 3,5 km, 2 km sans palmes le vendredi ; 2,5 km avec palmes hier ; puis 6 km et 1 km aujourd&rsquo;hui le Suisse de 47 ans a coch\u00e9 toutes les \u00e9preuves phares de l&rsquo;\u00e9v\u00e9nement &#8211; le tout sans combinaison.<\/p>\n<p>\u00ab\u00a0La combinaison te fait flotter. Mais moi, je veux sentir l&rsquo;eau, la vraie difficult\u00e9. C&rsquo;est comme \u00e7a qu&rsquo;on apprend.\u00a0\u00bb Pratiquant le triathlon depuis\u00a01999, il cumule plus de 200 comp\u00e9titions, de la courte distance <a href=\"https:\/\/www.laprovence.com\/article\/sports\/4451100027428514\/ironman-les-rois-du-triple-effort-entrent-en-scene-a-aix\" target=\"_blank\" rel=\"noopener\">jusqu&rsquo;\u00e0 l&rsquo;Ironman<\/a>. \u00ab\u00a0Je nage entre 20 et 25\u00a0km par semaine en piscine. Mon objectif, c&rsquo;est une course de 20 \u00e0 35\u00a0km. Mais pour ce type d&rsquo;effort, il faut dix ans d&rsquo;exp\u00e9rience. J&rsquo;en ai cinq. Je suis encore en apprentissage.\u00a0\u00bb<\/p>\n<p>Quand la l\u00e9gende devient un d\u00e9fi personnel<\/p>\n<p>Le Monte-Cristo s&rsquo;est impos\u00e9 comme une \u00e9vidence. <a href=\"https:\/\/www.laprovence.com\/article\/region\/170495771454414\/le-4-juin-1989-200-marseillais-nageaient-dans-les-eaux-du-frioul-pour-le-challenge-edmond-dantes\" target=\"_blank\" rel=\"noopener\">Comme Edmond Dant\u00e8s trouvait une \u00e9chappatoire<\/a>, le nageur y voit un d\u00e9fi \u00e0 relever. \u00ab\u00a0Un ami m&rsquo;a dit\u00a0: &lsquo;Si tu ne dois faire qu&rsquo;une course dans ta vie, fais celle-l\u00e0.'\u00a0\u00bb Pour le Suisse, \u00ab\u00a0ce n&rsquo;est pas juste une course, c&rsquo;est un symbole qu&rsquo;on traverse \u00e0 la nage\u00a0!\u00a0\u00bb<\/p>\n<p>\u00c0 ses c\u00f4t\u00e9s tout le week-end, sa compagne Katarzyna Jendrusinska, 47\u00a0ans, ancienne kayakiste \u00e9lite, \u00e9galement engag\u00e9e sur plusieurs formats.<\/p>\n<p>\u00a0\u00ab\u00a0On voulait absolument vivre \u00e7a ensemble.\u00a0\u00bb En mer, Marc nage avec la t\u00eate. Il scrute les groupes, acc\u00e9l\u00e8re pour s&rsquo;y glisser.\u00a0\u00ab\u00a0Comme dans un peloton de v\u00e9lo\u00a0: si tu es dans le bon, tu vas plus vite et tu t&rsquo;\u00e9conomises.\u00a0\u00bb<\/p>\n<p>Hier, c&rsquo;\u00e9tait le 3,5 km en pleine mer (agit\u00e9e) qui a mis le colosse \u00e0 rude \u00e9preuve. Parti depuis le village du Monte-Cristo, le vent, la houle et la foule rendaient chaque mouvement plus p\u00e9nible.<\/p>\n<p>\u00ab\u00a0\u00c0 la fin, mon \u00e9paule tirait, et j&rsquo;ai m\u00eame perdu mon bonnet en pleine eau, ce qui n&rsquo;a rien arrang\u00e9\u00a0\u00bb, explique celui qui a boucl\u00e9 cette \u00e9preuve en 50 minutes. Mais aujourd&rsquo;hui, son plus grand d\u00e9fi est la course de 6 km, dont la tenue reste incertaine en raison des conditions m\u00e9t\u00e9orologiques.\u00a0<\/p>\n<p>Les \u00e9preuves de ce dimanche ont \u00e9t\u00e9 annul\u00e9es hier soir par les organisateurs en raison de fortes rafales de vents annonc\u00e9es.<\/p>\n","protected":false},"excerpt":{"rendered":"C&rsquo;est un d\u00e9fi hors-norme que Marc Stettler a relev\u00e9 ce week-end. En encha\u00eenant les formats les plus exigeants&hellip;\n","protected":false},"author":2,"featured_media":159123,"comment_status":"","ping_status":"","sticky":false,"template":"","format":"standard","meta":{"footnotes":""},"categories":[2814],"tags":[17,1111,11,4858,932,1777,674,1011,27,29023,13393,884,12,882,3583,25,60,29024],"class_list":{"0":"post-159122","1":"post","2":"type-post","3":"status-publish","4":"format-standard","5":"has-post-thumbnail","7":"category-marseille","8":"tag-17","9":"tag-actu","10":"tag-actualites","11":"tag-eau","12":"tag-est","13":"tag-eu","14":"tag-europe","15":"tag-fr","16":"tag-france","17":"tag-libre","18":"tag-marc","19":"tag-marseille","20":"tag-news","21":"tag-provence-alpes-cote-dazur","22":"tag-qui","23":"tag-republique-francaise","24":"tag-sports","25":"tag-stettler"},"share_on_mastodon":{"url":"https:\/\/pubeurope.com\/@fr\/114643678238465454","error":""},"_links":{"self":[{"href":"https:\/\/www.europesays.com\/fr\/wp-json\/wp\/v2\/posts\/159122","targetHints":{"allow":["GET"]}}],"collection":[{"href":"https:\/\/www.europesays.com\/fr\/wp-json\/wp\/v2\/posts"}],"about":[{"href":"https:\/\/www.europesays.com\/fr\/wp-json\/wp\/v2\/types\/post"}],"author":[{"embeddable":true,"href":"https:\/\/www.europesays.com\/fr\/wp-json\/wp\/v2\/users\/2"}],"replies":[{"embeddable":true,"href":"https:\/\/www.europesays.com\/fr\/wp-json\/wp\/v2\/comments?post=159122"}],"version-history":[{"count":0,"href":"https:\/\/www.europesays.com\/fr\/wp-json\/wp\/v2\/posts\/159122\/revisions"}],"wp:featuredmedia":[{"embeddable":true,"href":"https:\/\/www.europesays.com\/fr\/wp-json\/wp\/v2\/media\/159123"}],"wp:attachment":[{"href":"https:\/\/www.europesays.com\/fr\/wp-json\/wp\/v2\/media?parent=159122"}],"wp:term":[{"taxonomy":"category","embeddable":true,"href":"https:\/\/www.europesays.com\/fr\/wp-json\/wp\/v2\/categories?post=159122"},{"taxonomy":"post_tag","embeddable":true,"href":"https:\/\/www.europesays.com\/fr\/wp-json\/wp\/v2\/tags?post=159122"}],"curies":[{"name":"wp","href":"https:\/\/api.w.org\/{rel}","templated":true}]}}