{"id":159128,"date":"2025-06-07T19:18:18","date_gmt":"2025-06-07T19:18:18","guid":{"rendered":"https:\/\/www.europesays.com\/fr\/159128\/"},"modified":"2025-06-07T19:18:18","modified_gmt":"2025-06-07T19:18:18","slug":"les-obseques-de-ce-genie-touche-a-tout-auront-lieu-a-paris-voici-ou-et-quand","status":"publish","type":"post","link":"https:\/\/www.europesays.com\/fr\/159128\/","title":{"rendered":"les obs\u00e8ques de ce g\u00e9nie touche-\u00e0-tout auront lieu \u00e0 Paris, voici o\u00f9 et quand"},"content":{"rendered":"<p>            Par<br \/>\n        <strong><br \/>\n            <a href=\"https:\/\/actu.fr\/auteur\/thomas-martin\" title=\"Consulter tous les articles de Thomas Martin\" target=\"_blank\" rel=\"noopener\">Thomas Martin<\/a><br \/>\n        <\/strong><\/p>\n<p>        Publi\u00e9 le<\/p>\n<p>            7 juin 2025 \u00e0 8h34        <\/p>\n<p>Journaliste de presse \u00e9crite, ancien patron de la radio fran\u00e7aise RTL, auteur de romans \u00e0 succ\u00e8s, cin\u00e9aste et parolier de chansons, <a href=\"https:\/\/actu.fr\/loisirs-culture\/le-journaliste-et-ecrivain-philippe-labro-est-mort-a-l-age-de-88-ans_62725681.html\" target=\"_blank\" rel=\"noopener\">Philippe Labro est d\u00e9c\u00e9d\u00e9<\/a> mercredi 4 juin \u00e0 88 ans. Il a consacr\u00e9 sa vie \u00e0 sa passion des m\u00e9dias et de l\u2019\u00e9criture. Dans le carnet du <a href=\"https:\/\/carnetdujour.lefigaro.fr\/deces\/annonces\/573354499\/\" target=\"_blank\" rel=\"noopener\">Figaro<\/a> de ce samedi 7 juin, sa famille annonce que ses obs\u00e8ques auront lieu le vendredi 13 juin, \u00e0 10 h 30, en l\u2019\u00e9glise Saint-Germain-des-Pr\u00e9s dans le 6e arrondissement de Paris. L\u2019inhumation, elle, aura lieu dans l\u2019intimit\u00e9 familiale.<\/p>\n<p class=\" wall-content\">Les hommages ont d\u00e9j\u00e0 \u00e9t\u00e9 nombreux depuis son d\u00e9c\u00e8s.<\/p>\n<p class=\" wall-content\">Nicolas Sarkozy a tenu \u00e0 saluer la m\u00e9moire de Philippe Labro dans un message sur X (ex-Twitter). \u00ab\u00a0Journaliste, \u00e9crivain, parolier, Philippe Labro ma\u00eetrisait l\u2019art des mots avec une gr\u00e2ce et une \u00e9l\u00e9gance rares\u00a0\u00bb, a soulign\u00e9 l\u2019ancien pr\u00e9sident de la R\u00e9publique. \u00ab\u00a0Il fut pour moi un ami fid\u00e8le, un homme de c\u0153ur avec lequel j\u2019ai tant partag\u00e9. Mes pens\u00e9es vont \u00e0 sa famille, ainsi qu\u2019\u00e0 tous ceux qui l\u2019aimaient et qui, je le sais, sont nombreux\u00a0\u00bb, a-t-il poursuivi.\u00a0<\/p>\n<p class=\" wall-content\">L\u2019ancien patron de Canal+, Pierre Lescure, a \u00e9crit sur son compte X : \u00ab\u00a0j\u2019ai appris le journalisme avec lui, il m\u2019a fait aim\u00e9 beaucoup d\u2019\u00e9crivains am\u00e9ricains. J\u2019ai rencontr\u00e9 peu de regards si justes sur l\u2019actualit\u00e9 et ses acteurs. J\u2019aimais cet homme\u00a0\u00bb.\u00a0<\/p>\n<p class=\" wall-content\">\n<p class=\" wall-content\">Figure incontournable de RTL, Philippe Bouvard lui a \u00e9galement rendu hommage :\u00a0 \u00ab\u00a0il aurait pu \u00eatre un patron un peu jaloux de certaines de ses vedettes et ce n\u2019\u00e9tait pas le cas. Il \u00e9tait fier d\u2019avoir certains copains qui par la destin\u00e9e de tous les journalistes, d\u2019\u00eatre salu\u00e9 comme une vedette et comme un patron \u00e0 la fois\u00a0\u00bb. \u00ab\u00a0C\u2019\u00e9tait un grand homme de radio. Il laissera une trace, un nom et une voix\u00a0\u00bb, a-t-il d\u00e9clar\u00e9.\u00a0<\/p>\n<p>Vid\u00e9os : en ce moment sur Actu<\/p>\n<p class=\" wall-content\">Suivez toute l\u2019actualit\u00e9 de vos villes et m\u00e9dias favoris en vous inscrivant \u00e0 <a href=\"https:\/\/moncompte.actu.fr\" title=\"D\u00e9couvez Mon Actu\" rel=\"nofollow noopener\" data-trk=\"{&quot;cta&quot;:{&quot;action&quot;:&quot;https:\\\/\\\/moncompte.actu.fr&quot;,&quot;category&quot;:&quot;mon compte&quot;,&quot;from&quot;:&quot;article footer&quot;,&quot;name&quot;:&quot;Mon actu&quot;,&quot;type&quot;:&quot;cta&quot;}}\" target=\"_blank\">Mon Actu<\/a>.<\/p>\n","protected":false},"excerpt":{"rendered":"Par Thomas Martin Publi\u00e9 le 7 juin 2025 \u00e0 8h34 Journaliste de presse \u00e9crite, ancien patron de la&hellip;\n","protected":false},"author":2,"featured_media":159129,"comment_status":"","ping_status":"","sticky":false,"template":"","format":"standard","meta":{"footnotes":""},"categories":[1888],"tags":[1111,1928,11,1927,1777,674,1011,27,1391,12,1926,626,1925,25,104],"class_list":{"0":"post-159128","1":"post","2":"type-post","3":"status-publish","4":"format-standard","5":"has-post-thumbnail","7":"category-paris","8":"tag-actu","9":"tag-actu-paris","10":"tag-actualites","11":"tag-actualites-paris","12":"tag-eu","13":"tag-europe","14":"tag-fr","15":"tag-france","16":"tag-necrologie","17":"tag-news","18":"tag-news-paris","19":"tag-paris","20":"tag-paris-news","21":"tag-republique-francaise","22":"tag-societe"},"share_on_mastodon":{"url":"https:\/\/pubeurope.com\/@fr\/114643697855308040","error":""},"_links":{"self":[{"href":"https:\/\/www.europesays.com\/fr\/wp-json\/wp\/v2\/posts\/159128","targetHints":{"allow":["GET"]}}],"collection":[{"href":"https:\/\/www.europesays.com\/fr\/wp-json\/wp\/v2\/posts"}],"about":[{"href":"https:\/\/www.europesays.com\/fr\/wp-json\/wp\/v2\/types\/post"}],"author":[{"embeddable":true,"href":"https:\/\/www.europesays.com\/fr\/wp-json\/wp\/v2\/users\/2"}],"replies":[{"embeddable":true,"href":"https:\/\/www.europesays.com\/fr\/wp-json\/wp\/v2\/comments?post=159128"}],"version-history":[{"count":0,"href":"https:\/\/www.europesays.com\/fr\/wp-json\/wp\/v2\/posts\/159128\/revisions"}],"wp:featuredmedia":[{"embeddable":true,"href":"https:\/\/www.europesays.com\/fr\/wp-json\/wp\/v2\/media\/159129"}],"wp:attachment":[{"href":"https:\/\/www.europesays.com\/fr\/wp-json\/wp\/v2\/media?parent=159128"}],"wp:term":[{"taxonomy":"category","embeddable":true,"href":"https:\/\/www.europesays.com\/fr\/wp-json\/wp\/v2\/categories?post=159128"},{"taxonomy":"post_tag","embeddable":true,"href":"https:\/\/www.europesays.com\/fr\/wp-json\/wp\/v2\/tags?post=159128"}],"curies":[{"name":"wp","href":"https:\/\/api.w.org\/{rel}","templated":true}]}}