{"id":159130,"date":"2025-06-07T19:19:25","date_gmt":"2025-06-07T19:19:25","guid":{"rendered":"https:\/\/www.europesays.com\/fr\/159130\/"},"modified":"2025-06-07T19:19:25","modified_gmt":"2025-06-07T19:19:25","slug":"le-stade-francais-refuse-denvisager-le-pire","status":"publish","type":"post","link":"https:\/\/www.europesays.com\/fr\/159130\/","title":{"rendered":"le Stade Fran\u00e7ais refuse d\u2019envisager le pire"},"content":{"rendered":"<p>Les Parisiens, qui re\u00e7oivent Castres pour le compte de la derni\u00e8re journ\u00e9e de la phase r\u00e9guli\u00e8re, sont sous la menace d\u2019une 13e place synonyme d\u2019access match contre le finaliste malheuruex de Pro D2.<\/p>\n<p class=\"fig-paragraph\">Peur sur la capitale. Ce samedi soir,\u00a0<a href=\"http:\/\/www.lefigaro.fr\/sports\/rugby\/top-14\/top-14-sauver-les-meubles-lors-de-la-derniere-journee-martele-leo-barre-stade-francais-20250531\" data-fig-type=\"NewsFlash\" data-gtm-custom-categorie=\"navigation\" data-gtm-custom-action=\"crossclick\" data-gtm-custom-label=\"Contextuel\" data-gtm-event=\"customEventSPE\" data-fig-domain=\"LEFIGARO\" rel=\"nofollow noopener\" target=\"_blank\">le Stade Fran\u00e7ais joue son avenir en 80 minutes<\/a>. Une victoire face \u00e0 Castres et le club parisien terminera \u00e0 la 12e place, juste au-dessus de la ligne de flottaison. \u00c0 dire vrai, les Parisiens peuvent perdre et se maintenir si le Stade Toulousain s\u2019impose \u00e0 Perpignan, le rival pour le maintien. Mais si les Catalans s\u2019imposent et que Paris ne bat pas Castres, ce sera la frousse qui noue le ventre. Une place dans l\u2019\u00e9lite qui se jouera sur un match sec face au finaliste malheureux de Pro D2, samedi prochain, sur la pelouse de ce dernier. Vertigineux.<\/p>\n<p class=\"fig-paragraph\">Pour \u00e9viter cette perspective, pour \u00e9viter aussi de regarder ce qui se passe du c\u00f4t\u00e9 d\u2019Aim\u00e9-Giral, le plus simple reste donc de battre des Tarnais qui ne sont plus impos\u00e9s \u00e0 Paris depuis le 14 avril 2001, il y a 24 ans. Autant dire une \u00e9ternit\u00e9. Et selon la loi math\u00e9matique selon laquelle chaque s\u00e9rie se rapproche \u00e0 chaque fois un peu plus de sa fin\u2026<\/p>\n<p>Le Stade Fran\u00e7ais affiche la 13e attaque et la 13e d\u00e9fense de la saison&#8230;<\/p>\n<p class=\"fig-paragraph\">Les Parisiens n\u2019ont aucune raison de faire les fiers avant d\u2019accueillir une \u00e9quipe de CO en lice, elle, pour une qualification en phase finale. Les Soldats roses n\u2019ont remport\u00e9 qu\u2019une seule de leurs six derni\u00e8res rencontres de Top 14 (5 d\u00e9faites mais, il est vrai, quatre en d\u00e9placement). Son seul succ\u00e8s\u00a0? Un miracle, 31-30, face au LOU, qui n\u2019a tenu qu\u2019\u00e0 quelques centim\u00e8tres, ce drop du Lyonnais L\u00e9o Berdeu qui tutoie le poteau \u00e0 30 secondes du coup de sifflet final\u2026<\/p>\n<p class=\"fig-paragraph\">Plus inqui\u00e9tant encore, Paris joue mal depuis le d\u00e9but de la saison. Pas d\u2019allant, pas de fil conducteur pour un jeu toujours en jach\u00e8res. Le Stade Fran\u00e7ais se pr\u00e9sentera samedi soir avec la 13e plus mauvaise attaque de l\u2019\u00e9lite, la 12e en nombre de franchissements ou de m\u00e8tres parcourus. Heureusement, la d\u00e9fense\u2026 M\u00eame pas. 13e dans ce classement, seul le promu vannetais faisant pire. Vraiment pas de quoi pavoiser donc. D\u2019autant plus que\u00a0<a href=\"http:\/\/www.lefigaro.fr\/sports\/rugby\/top-14\/top-14-le-stade-francais-peut-finalement-compter-sur-macalou-pour-le-match-de-la-peur-20250606\" data-fig-type=\"NewsFlash\" data-gtm-custom-categorie=\"navigation\" data-gtm-custom-action=\"crossclick\" data-gtm-custom-label=\"Contextuel\" data-gtm-event=\"customEventSPE\" data-fig-domain=\"LEFIGARO\" rel=\"nofollow noopener\" target=\"_blank\">Paris devrait faire sans son d\u00e9tonateur, Sekou Macalou<\/a>\u00a0(9 essais inscrits, meilleur marqueur du SFP cette saison en Top 14), bless\u00e9 \u00e0 la cheville et forfait.<\/p>\n<blockquote class=\"fig-quote&#10;    \">\n<p class=\"fig-quote__text\">\u00ab On vit une saison tr\u00e8s compliqu\u00e9e. Une saison de merde, on peut dire. On s\u2019est ennuy\u00e9 toute l\u2019ann\u00e9e.\u00a0\u00bb<\/p>\n<p>            Romain Briatte\n    <\/p><\/blockquote>\n<p class=\"fig-paragraph\">\u00abOn vit une saison tr\u00e8s compliqu\u00e9e. Une saison de merde, on peut dire, l\u00e2che Romain Briatte. On s\u2019est ennuy\u00e9 toute l\u2019ann\u00e9e. Si, sur ce dernier match, on peut se retrouver sur l\u2019\u00e9tat d\u2019esprit et faire plaisir \u00e0 nos supporters qui, eux aussi, ont pass\u00e9 une ann\u00e9e compliqu\u00e9e\u2026\u00bb On lui demande les raisons de cette d\u00e9liquescence, moins d\u2019un an apr\u00e8s avoir \u00e9t\u00e9 tout proche de disputer la finale du Top 14. Le troisi\u00e8me-ligne soupire. \u00abCe qui p\u00eache depuis le d\u00e9but de saison\u00a0? Nos deuxi\u00e8mes mi-temps. Mais on ne sait pas comment l\u2019expliquer. Au niveau du caract\u00e8re, de l\u2019\u00e9tat d\u2019esprit sans doute. D\u00e8s qu\u2019on est un peu dans le dur, il y a ce manque de confiance r\u00e9current\u2026\u00bb<\/p>\n<p class=\"fig-paragraph\">\u00c9galement pr\u00e9pos\u00e9 \u00e0 la conf\u00e9rence de presse hebdomadaire, le talonneur Lucas Peyresblanques n\u2019est pas plus disert. \u00abNotre gros d\u00e9faut, toute la saison, c\u2019est d\u2019avoir trop peu r\u00e9ussi \u00e0 jouer 80 minutes. Mais il ne reste qu\u2019un match, il faut trouver du positif pour se remobiliser. On compte sur le soutien de nos supporters pour garder intensit\u00e9 et concentration pendant 80 minutes.\u00bb L\u2019heure n\u2019est plus aux analyses. \u00abOn n\u2019a pas beaucoup parl\u00e9 cette semaine. On veut se retrouver sur les actes. On n\u2019a pas le choix. C\u2019est le match de la survie\u00bb, r\u00e9sum\u00e9 Briatte. Avant d\u2019indiquer la marche \u00e0 suivre. \u00abMalgr\u00e9 la pression sur nos \u00e9paules, il va falloir rester lucide, unis et solidaires. Vraiment jusqu\u2019\u00e0 la 80e minute.\u00bb<\/p>\n<blockquote class=\"fig-quote&#10;    \">\n<p class=\"fig-quote__text\">Pour nous, c\u2019est une finale. Rien ne va se passer apr\u00e8s, il n\u2019y a pas d\u2019autre match, notre saison se termine samedi. On n\u2019a pas besoin regarder le multiplex. On est en vacances \u00e0 23 heures\u2026\u00a0\u00bb<\/p>\n<p>            Lucas Peyresblanques\n    <\/p><\/blockquote>\n<p class=\"fig-paragraph\">Le Basque est r\u00e9put\u00e9 t\u00eatu. Peyresblanques n\u2019\u00e9chappe pas \u00e0 la r\u00e8gle. Interrog\u00e9 et relanc\u00e9, il refuse d\u2019imaginer le pire. \u00abPour nous, c\u2019est une finale. Rien ne va se passer apr\u00e8s, il n\u2019y a pas d\u2019autre match, notre saison se termine samedi. Si on gagne, on est sauv\u00e9. On ne cherche rien d\u2019autre, on n\u2019a pas besoin regarder le multiplex. On gagne et on est en vacances \u00e0 23 heures\u2026\u00bb<\/p>\n<p class=\"fig-paragraph\">Le talonneur s\u2019efforce de trouver des signaux positifs. \u00abIl y a forc\u00e9ment de la tension. Quand on perd, \u00e7a remet beaucoup de choses en question. Mais, depuis quelques semaines, on a avanc\u00e9 sur l\u2019\u00e9tat d\u2019esprit du groupe, On a retrouv\u00e9 une coh\u00e9sion en travaillant avec un pr\u00e9parateur mental. On fait des bonnes semaines \u00e0 l\u2019entra\u00eenement depuis un mois et demi. J\u2019esp\u00e8re qu\u2019on va le monter face \u00e0 Castres. Faire en sorte que \u00e7a paye enfin\u2026\u00bb<\/p>\n<p>\u00abOn se retrouve mi-juillet&#8230;\u00bb<\/p>\n<p class=\"fig-paragraph\">Les Soldats roses, gu\u00e8re habitu\u00e9s \u00e0 \u00eatre dos au mur, vont-ils r\u00e9sister \u00e0 la pression\u00a0? \u00abOn bosse la gestion de nos \u00e9motions avec un pr\u00e9pa mental, confirme le troisi\u00e8me-ligne Romain Briatte. C\u2019est compliqu\u00e9 quand tu passes d\u2019une saison o\u00f9 tu disputes les demi-finales, o\u00f9 des joueurs d\u00e9cochent des s\u00e9lections en \u00e9quipe de France, \u00e0 cette saison gal\u00e8re. On n\u2019arrive pas tous les matins avec le sourire. Il y a eu des moments compliqu\u00e9s. On est pass\u00e9 \u00e0 c\u00f4t\u00e9 de certains matchs, on en a l\u00e2ch\u00e9 d\u2019autres. Mais \u00e7a forge dans une carri\u00e8re. Heureusement, il r\u00e8gne toujours une tr\u00e8s bonne ambiance entre nous. Pas de souci.\u00bb Vraiment\u00a0? \u00abOn n\u2019a pas le choix. Samedi , \u00e0 23 heures, on passe \u00e0 autre chose et on se retrouve mi-juillet pour repartir sur de bonnes bases\u2026\u00bb<\/p>\n","protected":false},"excerpt":{"rendered":"Les Parisiens, qui re\u00e7oivent Castres pour le compte de la derni\u00e8re journ\u00e9e de la phase r\u00e9guli\u00e8re, sont sous&hellip;\n","protected":false},"author":2,"featured_media":159131,"comment_status":"","ping_status":"","sticky":false,"template":"","format":"standard","meta":{"footnotes":""},"categories":[1888],"tags":[1111,1928,11,1927,525,4590,1981,2313,814,1777,674,1011,27,955,12,1926,626,1925,4589,2311,25,1980,479,2259,19814,2558,478,2310,2312],"class_list":{"0":"post-159130","1":"post","2":"type-post","3":"status-publish","4":"format-standard","5":"has-post-thumbnail","7":"category-paris","8":"tag-actu","9":"tag-actu-paris","10":"tag-actualites","11":"tag-actualites-paris","12":"tag-calendrier","13":"tag-championnat-france","14":"tag-classement","15":"tag-clermont","16":"tag-direct","17":"tag-eu","18":"tag-europe","19":"tag-fr","20":"tag-france","21":"tag-match","22":"tag-news","23":"tag-news-paris","24":"tag-paris","25":"tag-paris-news","26":"tag-phase-finale","27":"tag-racing","28":"tag-republique-francaise","29":"tag-resultats","30":"tag-rugby","31":"tag-score","32":"tag-sekou-macalou","33":"tag-stade-francais","34":"tag-top-14","35":"tag-toulon","36":"tag-toulouse"},"share_on_mastodon":{"url":"https:\/\/pubeurope.com\/@fr\/114643701864542868","error":""},"_links":{"self":[{"href":"https:\/\/www.europesays.com\/fr\/wp-json\/wp\/v2\/posts\/159130","targetHints":{"allow":["GET"]}}],"collection":[{"href":"https:\/\/www.europesays.com\/fr\/wp-json\/wp\/v2\/posts"}],"about":[{"href":"https:\/\/www.europesays.com\/fr\/wp-json\/wp\/v2\/types\/post"}],"author":[{"embeddable":true,"href":"https:\/\/www.europesays.com\/fr\/wp-json\/wp\/v2\/users\/2"}],"replies":[{"embeddable":true,"href":"https:\/\/www.europesays.com\/fr\/wp-json\/wp\/v2\/comments?post=159130"}],"version-history":[{"count":0,"href":"https:\/\/www.europesays.com\/fr\/wp-json\/wp\/v2\/posts\/159130\/revisions"}],"wp:featuredmedia":[{"embeddable":true,"href":"https:\/\/www.europesays.com\/fr\/wp-json\/wp\/v2\/media\/159131"}],"wp:attachment":[{"href":"https:\/\/www.europesays.com\/fr\/wp-json\/wp\/v2\/media?parent=159130"}],"wp:term":[{"taxonomy":"category","embeddable":true,"href":"https:\/\/www.europesays.com\/fr\/wp-json\/wp\/v2\/categories?post=159130"},{"taxonomy":"post_tag","embeddable":true,"href":"https:\/\/www.europesays.com\/fr\/wp-json\/wp\/v2\/tags?post=159130"}],"curies":[{"name":"wp","href":"https:\/\/api.w.org\/{rel}","templated":true}]}}