{"id":159158,"date":"2025-06-07T19:34:11","date_gmt":"2025-06-07T19:34:11","guid":{"rendered":"https:\/\/www.europesays.com\/fr\/159158\/"},"modified":"2025-06-07T19:34:11","modified_gmt":"2025-06-07T19:34:11","slug":"heroique-montauban-retrouve-le-top-14-apres-sa-folle-victoire-face-a-grenoble","status":"publish","type":"post","link":"https:\/\/www.europesays.com\/fr\/159158\/","title":{"rendered":"h\u00e9ro\u00efque, Montauban retrouve le Top 14 apr\u00e8s sa folle victoire face \u00e0 Grenoble"},"content":{"rendered":"<p>Les Montalbanais, 6e de la phase r\u00e9guli\u00e8re de Pro D2 et donc nouveaux champions de France, n\u2019avaient plus connu l\u2019\u00e9lite du rugby fran\u00e7ais depuis 2010.<\/p>\n<p class=\"fig-paragraph\">Immense US Montauban\u00a0! Avec un nouvel exploit monumental,\u00a0<a href=\"https:\/\/www.lefigaro.fr\/sports\/rugby\/live\/pro-d2\/2025\/943172\/grenoble-montauban\" data-fig-type=\"Live\" data-gtm-custom-categorie=\"navigation\" data-gtm-custom-action=\"crossclick\" data-gtm-custom-label=\"Contextuel\" data-gtm-event=\"customEventSPE\" data-fig-domain=\"LEFIGARO\" rel=\"nofollow noopener\" target=\"_blank\">Montauban a remport\u00e9 la finale de Pro D2 samedi contre Grenoble (24-19)<\/a>\u00a0et \u00e9voluera \u00e0 la surprise g\u00e9n\u00e9rale en Top 14 la saison prochaine, 15 ans apr\u00e8s l\u2019avoir quitt\u00e9.<\/p>\n<p class=\"fig-paragraph\">Sauv\u00e9s de la rel\u00e9gation en barrage d\u2019accession il y a un an, seulement sixi\u00e8mes \u00e0 la fin de la saison r\u00e9guli\u00e8re cette saison, les Montalbanais ont fait tomber au bout du suspense le leader du championnat. L\u2019USM a une nouvelle fois confirm\u00e9 qu\u2019elle \u00e9tait irr\u00e9sistible en ce printemps 2025\u00a0: apr\u00e8s \u00eatre all\u00e9e s\u2019imposer sur la pelouse de Colomiers, troisi\u00e8me, en barrage, puis avoir \u00e9cart\u00e9 en demi-finale le deuxi\u00e8me, Brive, en Corr\u00e8ze, elle s\u2019est offert le scalp du leader dans une finale haletante.<\/p>\n<p class=\"fig-paragraph\">Les Grenoblois, eux, ont une nouvelle fois \u00e9t\u00e9 les victimes d\u2019un cruel signe indien, ou plut\u00f4t toulousain, apr\u00e8s s\u2019\u00eatre inclin\u00e9s \u00e0 Ernest-Wallon en finale de Pro D2 ces deux derni\u00e8res saisons. Pire, les Is\u00e9rois avaient \u00e9galement chut\u00e9 lors des matches d\u2019accession, domin\u00e9s par Perpignan en 2023 puis par Montpellier l\u2019ann\u00e9e derni\u00e8re. L\u2019occasion semblait pourtant belle pour Grenoble, ultra-favori de la finale face \u00e0 une \u00e9quipe qui avait sauv\u00e9 sa peau en Pro D2 en match d\u2019accession contre Narbonne un an plus t\u00f4t.<\/p>\n<p>Bosviel imp\u00e9rial<\/p>\n<p class=\"fig-paragraph\">Dominateur dans le premier acte, le FCG n\u2019a cependant pas su prendre le large, et est rest\u00e9 \u00e0 la merci du pied diabolique de J\u00e9r\u00f4me Bosviel, l\u2019ouvreur sapiacais, meilleur r\u00e9alisateur de l\u2019histoire de la Pro D2 (6-6, 31e). Les joueurs du manager S\u00e9bastien Tillous-Borde ont alors pris la mesure de l\u2019\u00e9v\u00e9nement, et sont pass\u00e9s devant apr\u00e8s une superbe s\u00e9quence collective qui les a vus balayer la largeur du terrain \u00e0 deux reprises avant que le troisi\u00e8me ligne sud-africain Sikhumbuzo Notshe (11-6, 37e) n\u2019aille marquer.<\/p>\n<p class=\"fig-paragraph\">Preuve de leur confiance, les Montalbanais ont renforc\u00e9 leur mainmise avec leur arme pr\u00e9f\u00e9r\u00e9e: apr\u00e8s la fin du temps r\u00e9glementaire de la premi\u00e8re p\u00e9riode, Bosviel a envoy\u00e9 un drop entre les perches, le 14e de la saison pour sa formation, permettant aux siens de compter huit points d\u2019avance \u00e0 la mi-temps (14-6).<\/p>\n<p class=\"fig-paragraph\">La t\u00eate basse, les Is\u00e9rois ont vu le spectre des ann\u00e9es pass\u00e9es appara\u00eetre face \u00e0 eux. Et la pression s\u2019est accentu\u00e9e au retour des vestiaires, apr\u00e8s un contre terrible de 80 m qui a vu le capitaine de l\u2019USM, Fred Quercy, aller aplatir dans l\u2019en-but du FCG et donner 15 points d\u2019avance \u00e0 son \u00e9quipe (21-6, 48e). Les Grenoblois ont su r\u00e9agir, r\u00e9pondant vite avec un essai de leur ailier Wilfried Hulleu. L\u2019ouvreur gallois Sam Davies a ensuite permis au FCG de r\u00e9duire son retard, avec deux p\u00e9nalit\u00e9s sanctionnant l\u2019indiscipline de Montalbanais en souffrance sur le plan physique (21-19, 62e). Mais les Rouge et Bleu n\u2019ont pas r\u00e9ussi \u00e0 maintenir la pression, \u00e9garant neuf points au pied et se perdant dans des choix peu judicieux.<\/p>\n<p class=\"fig-paragraph\">\u00c0 l\u2019inverse, les Tarn-et-Garonnais ont fait preuve d\u2019un r\u00e9alisme froid surprenant pour une \u00e9quipe pas destin\u00e9e \u00e0 jouer les premiers r\u00f4les. Soutenus par une impressionnante cohorte verte et noire, qui avait fait les 50 kilom\u00e8tres s\u00e9parant Montauban de la Ville Rose, les Montalbanais ont profit\u00e9 de la premi\u00e8re faute grenobloise du deuxi\u00e8me acte \u00e0 la 74e. Thomas Fortunel, l\u2019ouvreur rempla\u00e7ant, a envoy\u00e9 une p\u00e9nalit\u00e9 de 50 m entre les poteaux, redonnant cinq points d\u2019avance \u00e0 l\u2019USM. Un avantage suffisant pour tenir bon, et aller voir \u00e0 l\u2019\u00e9tage sup\u00e9rieur si la magie montalbanaise peut op\u00e9rer, l\u2019ann\u00e9e prochaine.<\/p>\n","protected":false},"excerpt":{"rendered":"Les Montalbanais, 6e de la phase r\u00e9guli\u00e8re de Pro D2 et donc nouveaux champions de France, n\u2019avaient plus&hellip;\n","protected":false},"author":2,"featured_media":159159,"comment_status":"","ping_status":"","sticky":false,"template":"","format":"standard","meta":{"footnotes":""},"categories":[1416],"tags":[525,4590,1981,2313,814,1011,27,2731,955,19054,4589,2311,1980,479,1468,2259,60,478,2310,2312],"class_list":{"0":"post-159158","1":"post","2":"type-post","3":"status-publish","4":"format-standard","5":"has-post-thumbnail","7":"category-rugby","8":"tag-calendrier","9":"tag-championnat-france","10":"tag-classement","11":"tag-clermont","12":"tag-direct","13":"tag-fr","14":"tag-france","15":"tag-grenoble","16":"tag-match","17":"tag-montauban","18":"tag-phase-finale","19":"tag-racing","20":"tag-resultats","21":"tag-rugby","22":"tag-rugby-football","23":"tag-score","24":"tag-sports","25":"tag-top-14","26":"tag-toulon","27":"tag-toulouse"},"share_on_mastodon":{"url":"https:\/\/pubeurope.com\/@fr\/114643760867307771","error":""},"_links":{"self":[{"href":"https:\/\/www.europesays.com\/fr\/wp-json\/wp\/v2\/posts\/159158","targetHints":{"allow":["GET"]}}],"collection":[{"href":"https:\/\/www.europesays.com\/fr\/wp-json\/wp\/v2\/posts"}],"about":[{"href":"https:\/\/www.europesays.com\/fr\/wp-json\/wp\/v2\/types\/post"}],"author":[{"embeddable":true,"href":"https:\/\/www.europesays.com\/fr\/wp-json\/wp\/v2\/users\/2"}],"replies":[{"embeddable":true,"href":"https:\/\/www.europesays.com\/fr\/wp-json\/wp\/v2\/comments?post=159158"}],"version-history":[{"count":0,"href":"https:\/\/www.europesays.com\/fr\/wp-json\/wp\/v2\/posts\/159158\/revisions"}],"wp:featuredmedia":[{"embeddable":true,"href":"https:\/\/www.europesays.com\/fr\/wp-json\/wp\/v2\/media\/159159"}],"wp:attachment":[{"href":"https:\/\/www.europesays.com\/fr\/wp-json\/wp\/v2\/media?parent=159158"}],"wp:term":[{"taxonomy":"category","embeddable":true,"href":"https:\/\/www.europesays.com\/fr\/wp-json\/wp\/v2\/categories?post=159158"},{"taxonomy":"post_tag","embeddable":true,"href":"https:\/\/www.europesays.com\/fr\/wp-json\/wp\/v2\/tags?post=159158"}],"curies":[{"name":"wp","href":"https:\/\/api.w.org\/{rel}","templated":true}]}}