{"id":159160,"date":"2025-06-07T19:35:10","date_gmt":"2025-06-07T19:35:10","guid":{"rendered":"https:\/\/www.europesays.com\/fr\/159160\/"},"modified":"2025-06-07T19:35:10","modified_gmt":"2025-06-07T19:35:10","slug":"mykonos-alcool-et-sucre-aryna-sabalenka-veut-oublier-la-pire-finale-quelle-ait-jouee","status":"publish","type":"post","link":"https:\/\/www.europesays.com\/fr\/159160\/","title":{"rendered":"\u00ab\u00a0Mykonos, alcool et sucre\u00a0\u00bb, Aryna Sabalenka veut oublier \u00ab\u00a0la pire finale\u00a0\u00bb qu\u2019elle ait jou\u00e9e"},"content":{"rendered":"<p>De notre envoy\u00e9 sp\u00e9cial \u00e0 Roland-Garros,<\/p>\n<p>Le temps a d\u00fb \u00eatre long. Tr\u00e8s long. Des minutes qui paraissent des heures \u00e0 attendre que le c\u00e9r\u00e9monial se mette en place pour la remise des troph\u00e9es, assise, seule sur sa chaise, face <a href=\"https:\/\/www.20minutes.fr\/sport\/tennis\/roland-garros\/4157404-20250606-roland-garros-2025-ovation-emotion-novak-djokovic-peut-etre-joue-dernier-match-carriere-roland\" target=\"_blank\" class=\"color-ultramarine c-link\" rel=\"noopener\">aux 15.000 personnes<\/a> qui vous regardent avec compassion. <a href=\"https:\/\/www.20minutes.fr\/sport\/tennis\/roland-garros\/4157350-20250607-direct-roland-garros-aryna-sabalenka-coco-gauff-choc-ultime-entre-deux-meilleures-joueuses-monde-suivez-finale-roland\" target=\"_blank\" class=\"color-ultramarine c-link\" rel=\"noopener\">Battue par Coco Gauff en finale de Roland-Garros, ce dimanche<\/a>, Aryna Sabalenka a eu le temps de se repasser en long, en large et en travers ce match qui lui a \u00e9chapp\u00e9 apr\u00e8s avoir pourtant remport\u00e9 le premier set.<\/p>\n<p>En montant sur la sc\u00e8ne pour recevoir son troph\u00e9e, <a href=\"https:\/\/www.20minutes.fr\/sport\/tennis\/roland-garros\/4156886-20250607-roland-garros-humour-vie-meilleure-chose-sabalenka-1-fait-bien-tennis-feminin\" target=\"_blank\" class=\"color-ultramarine c-link\" rel=\"noopener\">la Bi\u00e9lorusse a fini par craquer<\/a>, accabl\u00e9e par la tristesse apr\u00e8s cette d\u00e9faite. Accabl\u00e9e, surtout, par le niveau de jeu qu\u2019elle a propos\u00e9 durant cette finale, o\u00f9 elle a encha\u00een\u00e9 les erreurs, avec 70 fautes directes, dont un dernier revers qui a fil\u00e9 dans le couloir. \u00ab\u00a0J\u2019ai jou\u00e9 mon pire tennis depuis des mois, j\u2019ai disput\u00e9 la pire finale de ma carri\u00e8re\u00a0\u00bb, a-t-elle conc\u00e9d\u00e9 quelques minutes plus tard en conf\u00e9rence de presse.<\/p>\n<\/p>\n<p>Jamais titr\u00e9e aux Internationaux de France, la num\u00e9ro 1 mondiale a \u00e9t\u00e9 compl\u00e8tement d\u00e9pass\u00e9e par des conditions de jeu qu\u2019elle a jug\u00e9es \u00ab\u00a0difficiles\u00a0\u00bb, avec un vent qui faisait voler la balle n\u2019importe comment\u00a0: \u00ab\u00a0J\u2019\u00e9tais en train de me battre et j\u2019\u00e9tais en train de faire de mon mieux pour comprendre comment jouer dans ces conditions, a d\u00e9plor\u00e9 celle qui a trois titres du <a href=\"https:\/\/www.20minutes.fr\/sport\/grand_chelem\/\" target=\"_blank\" class=\"color-ultramarine c-link\" rel=\"noopener\">Grand Chelem<\/a> \u00e0 son actif. Mais je suppose qu\u2019aujourd\u2019hui, ce n\u2019\u00e9tait pas le bon jour.\u00a0\u00bb<\/p>\n<p>\u00ab\u00a0\u00c7a fait mal\u00a0\u00bb<\/p>\n<p>Autrice d\u2019une quinzaine remarquable, Aryna Sabalenka a craqu\u00e9 sur la derni\u00e8re marche. Et avant de filer du c\u00f4t\u00e9 de <a href=\"https:\/\/www.20minutes.fr\/sport\/wimbledon\/\" target=\"_blank\" class=\"color-ultramarine c-link\" rel=\"noopener\">Wimbledon<\/a>, o\u00f9 elle n\u2019a jamais \u00e9t\u00e9 titr\u00e9e, la prot\u00e9g\u00e9e d\u2019Anton Dubrov va passer quelques jours loin d\u2019un court de tennis, pour oublier ce qu\u2019il a pu se passer sur le Philippe-Chatrier ce dimanche\u00a0:<\/p>\n<blockquote class=\"mx-m@xs mx-xxl@md color-ultramarine c-citation\">\n<p class=\"font-weight-regular@xs text-italic font-source-serif-pro text-l@xs c-citation__content\">\u00ab\u00a0\u00ab\u00a0J\u2019ai d\u00e9j\u00e0 un vol pour Mykonos, de l\u2019alcool, du sucre, a-t-elle expliqu\u00e9 avec, quand m\u00eame, un petit sourire. J\u2019ai quelques jours pour oublier cette chose qui s\u2019est pass\u00e9e aujourd\u2019hui, et je reste polie. Il n\u2019y a pas d\u2019autre mot qui pourrait d\u00e9crire ce qui s\u2019est pass\u00e9 aujourd\u2019hui. Mais oui, tequila, des bonbons, et nager avec des touristes pendant quelques jours.\u00a0\u00bb\u00a0\u00bb<\/p>\n<\/blockquote>\n<p><a href=\"https:\/\/www.20minutes.fr\/sport\/roland-garros\/\" target=\"_blank\" class=\"c-link c-btn c-btn--primary\" rel=\"noopener\">Toute l&rsquo;actu de Roland-Garros<\/a><\/p>\n<p>Avant de partir pour les \u00eeles grecques, Sabalenka en a quand m\u00eame remis une couche sur son niveau affich\u00e9 durant cette finale\u00a0: \u00ab\u00a0Je ne vois pas comment je peux \u00eatre plus gentille envers moi-m\u00eame. Honn\u00eatement, c\u2019est le pire match que j\u2019ai jou\u00e9 ces derniers mois. C\u2019\u00e9tait juste une blague. Je ne peux plus faire \u00e7a, dans les finales. \u00c7a fait mal, \u00e7a fait tr\u00e8s mal.\u00a0\u00bb<\/p>\n","protected":false},"excerpt":{"rendered":"De notre envoy\u00e9 sp\u00e9cial \u00e0 Roland-Garros, Le temps a d\u00fb \u00eatre long. Tr\u00e8s long. Des minutes qui paraissent&hellip;\n","protected":false},"author":2,"featured_media":159161,"comment_status":"","ping_status":"","sticky":false,"template":"","format":"standard","meta":{"footnotes":""},"categories":[1415],"tags":[7615,20863,1011,27,4171,517,60,1467,27008],"class_list":{"0":"post-159160","1":"post","2":"type-post","3":"status-publish","4":"format-standard","5":"has-post-thumbnail","7":"category-tennis","8":"tag-aryna-sabalenka","9":"tag-coco-gauff","10":"tag-fr","11":"tag-france","12":"tag-roland-garros","13":"tag-sport","14":"tag-sports","15":"tag-tennis","16":"tag-tennis-feminin"},"share_on_mastodon":{"url":"https:\/\/pubeurope.com\/@fr\/114643764907391271","error":""},"_links":{"self":[{"href":"https:\/\/www.europesays.com\/fr\/wp-json\/wp\/v2\/posts\/159160","targetHints":{"allow":["GET"]}}],"collection":[{"href":"https:\/\/www.europesays.com\/fr\/wp-json\/wp\/v2\/posts"}],"about":[{"href":"https:\/\/www.europesays.com\/fr\/wp-json\/wp\/v2\/types\/post"}],"author":[{"embeddable":true,"href":"https:\/\/www.europesays.com\/fr\/wp-json\/wp\/v2\/users\/2"}],"replies":[{"embeddable":true,"href":"https:\/\/www.europesays.com\/fr\/wp-json\/wp\/v2\/comments?post=159160"}],"version-history":[{"count":0,"href":"https:\/\/www.europesays.com\/fr\/wp-json\/wp\/v2\/posts\/159160\/revisions"}],"wp:featuredmedia":[{"embeddable":true,"href":"https:\/\/www.europesays.com\/fr\/wp-json\/wp\/v2\/media\/159161"}],"wp:attachment":[{"href":"https:\/\/www.europesays.com\/fr\/wp-json\/wp\/v2\/media?parent=159160"}],"wp:term":[{"taxonomy":"category","embeddable":true,"href":"https:\/\/www.europesays.com\/fr\/wp-json\/wp\/v2\/categories?post=159160"},{"taxonomy":"post_tag","embeddable":true,"href":"https:\/\/www.europesays.com\/fr\/wp-json\/wp\/v2\/tags?post=159160"}],"curies":[{"name":"wp","href":"https:\/\/api.w.org\/{rel}","templated":true}]}}