{"id":159164,"date":"2025-06-07T19:38:15","date_gmt":"2025-06-07T19:38:15","guid":{"rendered":"https:\/\/www.europesays.com\/fr\/159164\/"},"modified":"2025-06-07T19:38:15","modified_gmt":"2025-06-07T19:38:15","slug":"ogier-mene-le-rallye-dune-courte-tete-en-sardaigne","status":"publish","type":"post","link":"https:\/\/www.europesays.com\/fr\/159164\/","title":{"rendered":"Ogier m\u00e8ne le rallye d\u2019une courte t\u00eate en Sardaigne"},"content":{"rendered":"<p>Ce samedi, S\u00e9bastien Ogier est toujours aux commandes de la course du week-end, devant l\u2019Estonien Ott T\u00e4nak et le Finlandais K\u00e4lle Rovanper\u00e4.<\/p>\n<p class=\"fig-paragraph\">Avec seulement 11,1 secondes d&rsquo;avance, le Fran\u00e7ais\u00a0<a href=\"http:\/\/www.lefigaro.fr\/sports\/rallye\/wrc-ogier-aux-commandes-du-rallye-de-sardaigne-apres-la-premiere-journee-20250606\" target=\"_blank\" data-fig-type=\"NewsFlash\" rel=\"noopener\" data-gtm-custom-categorie=\"navigation\" data-gtm-custom-action=\"crossclick\" data-gtm-custom-label=\"Contextuel\" data-gtm-event=\"customEventSPE\" data-fig-domain=\"LEFIGARO\">S\u00e9bastien Ogier<\/a>\u00a0(Toyota) occupe toujours samedi soir la t\u00eate du rallye WRC de Sardaigne \u00e0 l&rsquo;issue d&rsquo;une qui a vu l&rsquo;Estonien Ott T\u00e4nak (Hyundai) et le Finlandais K\u00e4lle Rovanper\u00e4 (Toyota) s&#8217;emparer des deuxi\u00e8me et troisi\u00e8me places avant la journ\u00e9e de dimanche.<\/p>\n<p class=\"fig-paragraph\">Adrien Fourmaux (Hyundai), deuxi\u00e8me \u00e0 seulement deux secondes de l&rsquo;octuple champion du monde des rallyes vendredi soir, a connu une journ\u00e9e cauchemardesque: crevaison dans la 8e sp\u00e9ciale, tonneau dans l&rsquo;ES11. Le Fran\u00e7ais a d\u00fb rendre les armes pour la journ\u00e9e et pourrait abandonner d\u00e9finitivement dimanche, si la voiture sud-cor\u00e9enne s&rsquo;av\u00e9rait irr\u00e9parable.<\/p>\n<p>Le Belge Neuville abandonne<\/p>\n<p class=\"fig-paragraph\">De leur c\u00f4t\u00e9, en s&rsquo;imposant chacun \u00e0 trois reprises samedi, Ogier et T\u00e4nak ont poursuivi leur duel initi\u00e9 la veille, portant leurs victoires sur les routes sardes \u00e9troites et rapides \u00e0 cinq sp\u00e9ciales chacun. Le pilote fran\u00e7ais, qui a d\u00e9j\u00e0 remport\u00e9 quatre fois ce rallye (2013, 2014, 2015 et 2021), ne participe qu&rsquo;\u00e0 quelques \u00e9preuves du championnat, mais a d\u00e9j\u00e0 remport\u00e9 le Monte-Carlo en janvier et le rallye du Portugal en mai.<\/p>\n<p class=\"fig-paragraph\">\u00c0 41 ans, et avant l&rsquo;issue de la 6e des 14 \u00e9preuves de la saison, il figure \u00e0 la 3e place du championnat du monde, deux petits points devant Rovanper\u00e4, champion du monde en 2022 et 2023. Si Ogier ne joue pas le championnat pilotes, il entend marquer des points pour Toyota au championnat du monde des constructeurs, o\u00f9 la marque japonaise est actuellement en t\u00eate avec 55 points d&rsquo;avance sur sa rivale sud-cor\u00e9enne Hyundai.<\/p>\n<p class=\"fig-paragraph\">Apr\u00e8s deux journ\u00e9es, et avant un dimanche qui s&rsquo;annonce tr\u00e8s disput\u00e9, le leader du championnat du monde, Elfyn Evans (Toyota), qui comptait avant cette \u00e9preuve 30 points d&rsquo;avance sur son co\u00e9quipier Kalle Rovanper\u00e4, est quatri\u00e8me \u00e0 plus de 4 minutes 30s, alors que le Belge Thierry Neuville (Hyundai), champion du monde en titre, a abandonn\u00e9. Dimanche, quatre sp\u00e9ciales sont au menu pour un total de 77,78 km.<\/p>\n<p class=\"fig-paragraph\"><strong>Classement provisoire du rallye de Sardaigne, 6e manche sur 14 du Championnat du monde des rallyes (WRC), \u00e0 l&rsquo;issue de la journ\u00e9e de samedi:<\/strong><\/p>\n<p class=\"fig-paragraph\">1. S\u00e9bastien Ogier\/Vincent Landais (FRA\/Toyota) 2:32:38.9<\/p>\n<p class=\"fig-paragraph\">2. Ott T\u00e4nak\/Martin J\u00e4rveoja (EST\/Hyundai) \u00e0 11.1<\/p>\n<p class=\"fig-paragraph\">3. Kalle Rovanper\u00e4\/Jonne Halttunen (FIN\/Toyota) 55.5<\/p>\n<p class=\"fig-paragraph\">4. Elfyn Evans\/Scott Martin (GBR\/Toyota) 4:33.3<\/p>\n<p class=\"fig-paragraph\">5. Sami Pajari\/Marko Salminen (FIN\/Toyota) 4:56.3<\/p>\n<p class=\"fig-paragraph\">6. Nikolay Gryazin\/Konstantin Aleksandrov (BUL\/Skoda) 5:59.6<\/p>\n<p class=\"fig-paragraph\">7. Takamoto Katsuta\/Aaron Johnston (JAP\/Toyota) 6:11.4<\/p>\n<p class=\"fig-paragraph\">&#8230;<\/p>\n<p class=\"fig-paragraph\">Vainqueurs des \u00e9preuves sp\u00e9ciales du samedi: S\u00e9bastien Ogier (ES7, ES9, ES12), Ott T\u00e4nak (ES8, ES10, ES11).<\/p>\n","protected":false},"excerpt":{"rendered":"Ce samedi, S\u00e9bastien Ogier est toujours aux commandes de la course du week-end, devant l\u2019Estonien Ott T\u00e4nak et&hellip;\n","protected":false},"author":2,"featured_media":159165,"comment_status":"","ping_status":"","sticky":false,"template":"","format":"standard","meta":{"footnotes":""},"categories":[1412],"tags":[1977,1976,525,8570,7527,1981,14078,1451,20722,1452,1453,1454,1455,1011,27,7526,1978,28785,1980,28787,28786,954,60,28788,16405],"class_list":{"0":"post-159164","1":"post","2":"type-post","3":"status-publish","4":"format-standard","5":"has-post-thumbnail","7":"category-f1","8":"tag-auto","9":"tag-auto-moto","10":"tag-calendrier","11":"tag-chrono","12":"tag-citroen","13":"tag-classement","14":"tag-equipes","15":"tag-f1","16":"tag-ford","17":"tag-formula-1","18":"tag-formula1","19":"tag-formule-1","20":"tag-formule1","21":"tag-fr","22":"tag-france","23":"tag-peugeot","24":"tag-pilotes","25":"tag-rallye","26":"tag-resultats","27":"tag-scratch","28":"tag-sebastien-ogier","29":"tag-speciale","30":"tag-sports","31":"tag-subaru","32":"tag-wrc"},"share_on_mastodon":{"url":"https:\/\/pubeurope.com\/@fr\/114643776531792667","error":""},"_links":{"self":[{"href":"https:\/\/www.europesays.com\/fr\/wp-json\/wp\/v2\/posts\/159164","targetHints":{"allow":["GET"]}}],"collection":[{"href":"https:\/\/www.europesays.com\/fr\/wp-json\/wp\/v2\/posts"}],"about":[{"href":"https:\/\/www.europesays.com\/fr\/wp-json\/wp\/v2\/types\/post"}],"author":[{"embeddable":true,"href":"https:\/\/www.europesays.com\/fr\/wp-json\/wp\/v2\/users\/2"}],"replies":[{"embeddable":true,"href":"https:\/\/www.europesays.com\/fr\/wp-json\/wp\/v2\/comments?post=159164"}],"version-history":[{"count":0,"href":"https:\/\/www.europesays.com\/fr\/wp-json\/wp\/v2\/posts\/159164\/revisions"}],"wp:featuredmedia":[{"embeddable":true,"href":"https:\/\/www.europesays.com\/fr\/wp-json\/wp\/v2\/media\/159165"}],"wp:attachment":[{"href":"https:\/\/www.europesays.com\/fr\/wp-json\/wp\/v2\/media?parent=159164"}],"wp:term":[{"taxonomy":"category","embeddable":true,"href":"https:\/\/www.europesays.com\/fr\/wp-json\/wp\/v2\/categories?post=159164"},{"taxonomy":"post_tag","embeddable":true,"href":"https:\/\/www.europesays.com\/fr\/wp-json\/wp\/v2\/tags?post=159164"}],"curies":[{"name":"wp","href":"https:\/\/api.w.org\/{rel}","templated":true}]}}