{"id":159176,"date":"2025-06-07T19:44:20","date_gmt":"2025-06-07T19:44:20","guid":{"rendered":"https:\/\/www.europesays.com\/fr\/159176\/"},"modified":"2025-06-07T19:44:20","modified_gmt":"2025-06-07T19:44:20","slug":"les-fans-sont-heureux-detre-debarrasses-de-ce-personnage-pour-la-saison-2","status":"publish","type":"post","link":"https:\/\/www.europesays.com\/fr\/159176\/","title":{"rendered":"Les fans sont heureux d&rsquo;\u00eatre d\u00e9barrass\u00e9s de ce personnage pour la saison 2"},"content":{"rendered":"<p>\u00c0 quelques semaines de la mise en ligne de la saison 2 de Mercredi, les fans ont manifest\u00e9 leur joie de ne plus voir ce personnage. Pour eux, il n\u2019apportait rien \u00e0 la s\u00e9rie.<\/p>\n<p>C&rsquo;est en novembre 2022 que les abonn\u00e9s Netflix ont d\u00e9couvert la saison 1 de Mercredi, la fille de Morticia et Gomez Addams, qui int\u00e8gre la Nevermore Academy. Tr\u00e8s vite, la nouvelle s\u00e9rie de la plateforme de streaming a rencontr\u00e9 un \u00e9norme succ\u00e8s, se hissant tr\u00e8s vite \u00e0 la premi\u00e8re place du top. En plus d&rsquo;avoir appr\u00e9ci\u00e9 l&rsquo;histoire, les fans ont particuli\u00e8rement aim\u00e9 la prestation de Jenna Ortega. Apr\u00e8s deux ans et demi d&rsquo;attente, <a href=\"https:\/\/www.programme-tv.net\/news\/series-tv\/318475-mercredi-saison-2-netflix-date-de-sortie-casting-intrigue-premieres-informations-sur-la-nouvelle-saison\/\" data-api-deeplink=\"teleloisirs:\/\/news\/318475\" target=\"_blank\" rel=\"noopener\">les abonn\u00e9s Netflix ont enfin une date de sortie pour d\u00e9couvrir la saison 2<\/a>, dont le tournage a \u00e9t\u00e9 retard\u00e9 \u00e0 cause de la gr\u00e8ve qui a touch\u00e9 Hollywood.<\/p>\n<p>La saison 2 de Mercredi sera diff\u00e9rente de la premi\u00e8re<\/p>\n<p>Cette saison 2 de Mercredi sera bien diff\u00e9rente de la premi\u00e8re, comme l&rsquo;a annonc\u00e9 l&rsquo;un des cr\u00e9ateurs, Alfred Gough. \u00ab\u00a0Le myst\u00e8re est un peu plus complexe que dans la saison 1, mais j&rsquo;ai aussi l&rsquo;impression que l&rsquo;univers est plus vaste et qu&rsquo;on peut vraiment explorer d&rsquo;autres personnages. Mercredi n&rsquo;est pas pr\u00e9sente dans toutes les sc\u00e8nes, ce qui permet d&rsquo;en apprendre davantage sur Enid et Bianca\u00a0\u00bb, a-t-il d\u00e9clar\u00e9 au cours d&rsquo;une interview avec Entertainment Weekly.<\/p>\n<p>                        Les fans de Mercredi sont ravis de ne plus voir Xavier Thorpe dans la s\u00e9rie<\/p>\n<p>De leur c\u00f4t\u00e9, les fans sont assez contents de ne plus voir Xavier Thorpe, interpr\u00e9t\u00e9 par<a href=\"https:\/\/www.programme-tv.net\/news\/people\/329188-mercredi-netflix-accuse-dagressions-sexuelles-percy-hynes-white-xavier-reagit-apres-6-mois-de-silence\/\" data-api-deeplink=\"teleloisirs:\/\/news\/329188\" target=\"_blank\" rel=\"noopener\"> Percy Hynes White, et qui a \u00e9t\u00e9 vir\u00e9 de la s\u00e9rie apr\u00e8s avoir \u00e9t\u00e9 accus\u00e9 d&rsquo;agressions sexuelles. <\/a>Sur le forum Reddit, les internautes ont notamment r\u00e9agi : \u00ab\u00a0Je ne sais pas si c&rsquo;est l&rsquo;acteur ou la fa\u00e7on dont il joue le personnage, mais Xavier a l&rsquo;air flippant\u00a0\u00bb, \u00ab\u00a0Je ne sais pas mais pour moi, son personnage n&rsquo;a rien ajout\u00e9 \u00e0 la s\u00e9rie\u00a0\u00bb, \u00ab\u00a0Xavier \u00e9tait un personnage ennuyeux dans la s\u00e9rie\u00a0\u00bb ou encore \u00ab\u00a0Je suis content qu&rsquo;il soit parti. \u00c7a donnera le temps \u00e0 d&rsquo;autres personnages int\u00e9ressants de briller. De plus, la performance de l&rsquo;acteur \u00e9tait la plus faible de la distribution principale selon moi\u00a0\u00bb. De son c\u00f4t\u00e9,<a href=\"https:\/\/www.programme-tv.net\/news\/series-tv\/352664-mercredi-percy-hynes-white-xavier-reagit-a-son-renvoi-de-la-serie-netflix\/\" data-api-deeplink=\"teleloisirs:\/\/news\/352664\" target=\"_blank\" rel=\"noopener\"> Percy Hynes White a r\u00e9agi \u00e0 son renvoi de l&rsquo;une des s\u00e9ries les plus populaires du g\u00e9ant de la SVOD.<\/a><\/p>\n<p>Article \u00e9crit avec la collaboration de 6m\u00e9dias.<\/p>\n","protected":false},"excerpt":{"rendered":"\u00c0 quelques semaines de la mise en ligne de la saison 2 de Mercredi, les fans ont manifest\u00e9&hellip;\n","protected":false},"author":2,"featured_media":159177,"comment_status":"","ping_status":"","sticky":false,"template":"","format":"standard","meta":{"footnotes":""},"categories":[1356],"tags":[244,58,59,1011,27,5878,127,29026,1722,1721,129,252,1364],"class_list":{"0":"post-159176","1":"post","2":"type-post","3":"status-publish","4":"format-standard","5":"has-post-thumbnail","7":"category-television","8":"tag-commentaire","9":"tag-divertissement","10":"tag-entertainment","11":"tag-fr","12":"tag-france","13":"tag-jenna-ortega","14":"tag-netflix","15":"tag-percy-hynes-white","16":"tag-pub-streaming-netflix","17":"tag-su00e9rie-netflix","18":"tag-svod","19":"tag-television","20":"tag-tv"},"share_on_mastodon":{"url":"https:\/\/pubeurope.com\/@fr\/114643800147592022","error":""},"_links":{"self":[{"href":"https:\/\/www.europesays.com\/fr\/wp-json\/wp\/v2\/posts\/159176","targetHints":{"allow":["GET"]}}],"collection":[{"href":"https:\/\/www.europesays.com\/fr\/wp-json\/wp\/v2\/posts"}],"about":[{"href":"https:\/\/www.europesays.com\/fr\/wp-json\/wp\/v2\/types\/post"}],"author":[{"embeddable":true,"href":"https:\/\/www.europesays.com\/fr\/wp-json\/wp\/v2\/users\/2"}],"replies":[{"embeddable":true,"href":"https:\/\/www.europesays.com\/fr\/wp-json\/wp\/v2\/comments?post=159176"}],"version-history":[{"count":0,"href":"https:\/\/www.europesays.com\/fr\/wp-json\/wp\/v2\/posts\/159176\/revisions"}],"wp:featuredmedia":[{"embeddable":true,"href":"https:\/\/www.europesays.com\/fr\/wp-json\/wp\/v2\/media\/159177"}],"wp:attachment":[{"href":"https:\/\/www.europesays.com\/fr\/wp-json\/wp\/v2\/media?parent=159176"}],"wp:term":[{"taxonomy":"category","embeddable":true,"href":"https:\/\/www.europesays.com\/fr\/wp-json\/wp\/v2\/categories?post=159176"},{"taxonomy":"post_tag","embeddable":true,"href":"https:\/\/www.europesays.com\/fr\/wp-json\/wp\/v2\/tags?post=159176"}],"curies":[{"name":"wp","href":"https:\/\/api.w.org\/{rel}","templated":true}]}}