{"id":159180,"date":"2025-06-07T19:46:21","date_gmt":"2025-06-07T19:46:21","guid":{"rendered":"https:\/\/www.europesays.com\/fr\/159180\/"},"modified":"2025-06-07T19:46:21","modified_gmt":"2025-06-07T19:46:21","slug":"deconseille-aux-moins-de-16-ans-ce-film-francais-met-la-concurrence-ko","status":"publish","type":"post","link":"https:\/\/www.europesays.com\/fr\/159180\/","title":{"rendered":"D\u00e9conseill\u00e9 aux moins de 16 ans, ce film fran\u00e7ais met la concurrence KO"},"content":{"rendered":"<p>\u00c0 peine 24 heures apr\u00e8s sa sortie sur Netflix, ce thriller fran\u00e7ais haletant pulv\u00e9rise la concurrence et devient num\u00e9ro 1 du classement des films les plus vus sur la plateforme.<\/p>\n<p>Cocorico ! Une production fran\u00e7aise vient de se glisser en haut du<a href=\"https:\/\/www.programme-tv.net\/news\/series-tv\/314930-netflix-toutes-les-dates-de-sortie-de-vos-series-preferees-de-2023\/\" data-api-deeplink=\"teleloisirs:\/\/news\/314930\" target=\"_blank\" rel=\"noopener\"> top films de Netflix France<\/a> et ce n\u2019est pas un hasard. Sorti ce vendredi 6 juin sur la plateforme de streaming, le film K.O. rencontre d\u00e9j\u00e0 un succ\u00e8s retentissant, et se classe num\u00e9ro 1 24 h seulement apr\u00e8s sa mise en ligne. Ce podium confirme l\u2019engouement des t\u00e9l\u00e9spectateurs pour les longs-m\u00e9trages d\u2019action. En m\u00eame temps, il faut dire qu\u2019Antoine Blossier, le r\u00e9alisateur, avait pris toutes les pr\u00e9cautions en confiant le r\u00f4le de son ancien champion de MMA \u00e0 un v\u00e9ritable athl\u00e8te, nul autre que Ciryl Gane ! Reconnu comme l\u2019un des trois meilleurs combattants mondiaux en cat\u00e9gorie poids lourd, celui que l\u2019on surnomme le \u00ab\u00a0Bon Gamin\u00a0\u00bb est une ic\u00f4ne des art-martiaux. Il donne la r\u00e9plique \u00e0 <a href=\"https:\/\/www.programme-tv.net\/biographie\/174346-belaidi-alice\/\" data-link-people=\"5feadfbf-1ee5-4872-87a1-a3b46ea67697\" target=\"_blank\" rel=\"noopener\">Alice Bela\u00efdi<\/a>, une actrice qui a r\u00e9cemment brill\u00e9 dans le film Un p&rsquo;tit truc en plus, mais aussi dans d\u2019autres productions loin d\u2019\u00eatre pass\u00e9es inaper\u00e7ues comme Le fil, le dernier film de <a href=\"https:\/\/www.programme-tv.net\/biographie\/426-auteuil-daniel\/\" data-link-people=\"2436dbed-4be7-4981-8da4-7eaa0366ca84\" target=\"_blank\" rel=\"noopener\">Daniel Auteuil<\/a>. Mais K.O, ce n\u2019est pas seulement un bon casting, c\u2019est aussi un sc\u00e9nario qui nous tient en haleine.<\/p>\n<p>                        K.O., ce film d\u2019action fran\u00e7ais au sc\u00e9nario haletant qui cartonne sur Netflix<\/p>\n<p>La recette de ce succ\u00e8s imm\u00e9diat, c\u2019est bien s\u00fbr un casting d\u00e9tonnant, mais aussi une intrigue bien ficel\u00e9e avec du suspense. Dans K.O., Ciryl Gane tient le r\u00f4le de Bastien, un ancien combattant de MMA qui s\u2019est retir\u00e9 de la comp\u00e9tition apr\u00e8s avoir involontairement caus\u00e9 la mort de son adversaire. Un jour, la veuve de son adversaire lui propose de se racheter en retrouvant son fils disparu \u00e0 Marseille. Dans la cit\u00e9 phoc\u00e9enne, il fera la connaissance de Kenza, une polici\u00e8re mise \u00e0 pied. Bien que tout les oppose, les deux personnages s\u2019unissent pour partir \u00e0 la recherche de L\u00e9o. Le film encha\u00eene les sc\u00e8nes d\u2019action intenses et ultra-violentes, ce qui lui a valu une interdiction aux moins de 16 ans. Si vous aimez le suspense et n\u2019avez pas peur des bagarres sanglantes, vous allez \u00eatre servis !<\/p>\n<p>Apr\u00e8s K.O., quel film ou s\u00e9rie d\u2019action regarder sur Netflix ?<\/p>\n<p>Voil\u00e0 quelque temps que <a href=\"https:\/\/www.programme-tv.net\/news\/cinema\/380587-a-bout-le-nouveau-thriller-de-netflix-qui-est-autant-poignant-qu-exaltant\/\" data-api-deeplink=\"teleloisirs:\/\/news\/380587\" target=\"_blank\" rel=\"noopener\">les thrillers cartonnent sur Netflix<\/a> et une fois que la plateforme de streaming d\u00e9niche une recette qui fonctionne, elle n\u2019h\u00e9site pas \u00e0 l\u2019exploiter sous toutes ses formes. Si vous avez ador\u00e9 la production fran\u00e7aise K.O., vous allez \u00e0 coup s\u00fbr vous faire un plaisir de d\u00e9vorer <a href=\"https:\/\/www.programme-tv.net\/news\/series-tv\/364524-la-cage-netflix-la-serie-aura-t-elle-une-saison-2-franck-gastambide-repond\/\" data-api-deeplink=\"teleloisirs:\/\/news\/364524\" target=\"_blank\" rel=\"noopener\">La Cage, une minis\u00e9rie r\u00e9alis\u00e9e par Franck Gastambide<\/a> qui raconte l\u2019ascension d\u2019un jeune combattant d\u2019arts martiaux mixte. Dans la m\u00eame lign\u00e9e, The Fighter est \u00e9galement une proposition qui risque de vous plaire. Ce film raconte l\u2019histoire d\u2019un combattant de MMA en disgr\u00e2ce qui doit remonter sur le ring pour un ultime combat. Laissez-vous \u00e9galement tenter par Soixante minutes, un ancien combattant d\u2019arts martiaux qui se bat pour conserver la garde de sa fille.<\/p>\n","protected":false},"excerpt":{"rendered":"\u00c0 peine 24 heures apr\u00e8s sa sortie sur Netflix, ce thriller fran\u00e7ais haletant pulv\u00e9rise la concurrence et devient&hellip;\n","protected":false},"author":2,"featured_media":159181,"comment_status":"","ping_status":"","sticky":false,"template":"","format":"standard","meta":{"footnotes":""},"categories":[1354],"tags":[2083,23879,244,58,59,6214,1346,1011,27,29028,29027,1360,127,129],"class_list":{"0":"post-159180","1":"post","2":"type-post","3":"status-publish","4":"format-standard","5":"has-post-thumbnail","7":"category-films","8":"tag-bandes-annonces","9":"tag-ciryl-gane","10":"tag-commentaire","11":"tag-divertissement","12":"tag-entertainment","13":"tag-film-netflix","14":"tag-films","15":"tag-fr","16":"tag-france","17":"tag-k-o","18":"tag-k-o-1565289929","19":"tag-movies","20":"tag-netflix","21":"tag-svod"},"share_on_mastodon":{"url":"https:\/\/pubeurope.com\/@fr\/114643808184396031","error":""},"_links":{"self":[{"href":"https:\/\/www.europesays.com\/fr\/wp-json\/wp\/v2\/posts\/159180","targetHints":{"allow":["GET"]}}],"collection":[{"href":"https:\/\/www.europesays.com\/fr\/wp-json\/wp\/v2\/posts"}],"about":[{"href":"https:\/\/www.europesays.com\/fr\/wp-json\/wp\/v2\/types\/post"}],"author":[{"embeddable":true,"href":"https:\/\/www.europesays.com\/fr\/wp-json\/wp\/v2\/users\/2"}],"replies":[{"embeddable":true,"href":"https:\/\/www.europesays.com\/fr\/wp-json\/wp\/v2\/comments?post=159180"}],"version-history":[{"count":0,"href":"https:\/\/www.europesays.com\/fr\/wp-json\/wp\/v2\/posts\/159180\/revisions"}],"wp:featuredmedia":[{"embeddable":true,"href":"https:\/\/www.europesays.com\/fr\/wp-json\/wp\/v2\/media\/159181"}],"wp:attachment":[{"href":"https:\/\/www.europesays.com\/fr\/wp-json\/wp\/v2\/media?parent=159180"}],"wp:term":[{"taxonomy":"category","embeddable":true,"href":"https:\/\/www.europesays.com\/fr\/wp-json\/wp\/v2\/categories?post=159180"},{"taxonomy":"post_tag","embeddable":true,"href":"https:\/\/www.europesays.com\/fr\/wp-json\/wp\/v2\/tags?post=159180"}],"curies":[{"name":"wp","href":"https:\/\/api.w.org\/{rel}","templated":true}]}}