{"id":159182,"date":"2025-06-07T19:47:11","date_gmt":"2025-06-07T19:47:11","guid":{"rendered":"https:\/\/www.europesays.com\/fr\/159182\/"},"modified":"2025-06-07T19:47:11","modified_gmt":"2025-06-07T19:47:11","slug":"jignorais-quil-sagissait-dun-symptome-du-cancer-du-poumon-et-jetais-medecin-generaliste","status":"publish","type":"post","link":"https:\/\/www.europesays.com\/fr\/159182\/","title":{"rendered":"J&rsquo;ignorais qu&rsquo;il s&rsquo;agissait d&rsquo;un sympt\u00f4me du cancer du poumon, et j&rsquo;\u00e9tais m\u00e9decin g\u00e9n\u00e9raliste"},"content":{"rendered":"<p>Pr\u00e8s de 53 000 personnes ont re\u00e7u un diagnostic de cancer du poumon en 2023 en France. Ce cancer se situe au deuxi\u00e8me rang chez les hommes, et au troisi\u00e8me chez les femmes, d\u2019apr\u00e8s les donn\u00e9es de l\u2019Institut national du cancer. Et si le tabac reste le premier facteur de risque, responsable de huit cancers sur dix, d\u2019autres facteurs environnementaux ou professionnels reconnus comme canc\u00e9rog\u00e8nes pour les poumons, peuvent jouer sur son d\u00e9veloppement. D\u2019autre part, les sympt\u00f4mes fr\u00e9quents sont connus du public, comme les probl\u00e8mes respiratoires et une alt\u00e9ration de l\u2019\u00e9tat de sant\u00e9 g\u00e9n\u00e9ral, mais certains signes moins courants peuvent surprendre les sp\u00e9cialistes. C\u2019est le cas pour une ancienne m\u00e9decin g\u00e9n\u00e9raliste britannique, Sally Hall. Lorsqu\u2019elle a commenc\u00e9 \u00e0 ressentir des douleurs au dos, l\u2019id\u00e9e qu\u2019elle puisse souffrir d\u2019un cancer du poumon ne lui a m\u00eame pas effleur\u00e9 l\u2019esprit.<\/p>\n<p>\u00ab\u00a0Mon dos a commenc\u00e9 \u00e0 me faire mal\u00a0\u00bb<\/p>\n<p>\u00ab J\u2019\u00e9tais en train de vider le garage \u00bb, raconte la retrait\u00e9e au quotidien local de la ville de Oldham. \u00ab Je me souviens avoir sorti des caisses de vieux carreaux de c\u00e9ramique, il n\u2019\u00e9tait donc pas surprenant que mon dos ait commenc\u00e9 \u00e0 me faire mal ! La douleur persistait cependant, alors apr\u00e8s quelques mois, j\u2019ai consult\u00e9 mon m\u00e9decin g\u00e9n\u00e9raliste, ainsi qu\u2019un physioth\u00e9rapeute. \u00bb<\/p>\n<p>\u00ab\u00a0N\u2019ayant jamais fum\u00e9, je ne pensais pas que je souffrirais d\u2019un cancer du poumon\u00a0\u00bb<\/p>\n<p>\u00ab Ce qui s\u2019est pass\u00e9 ensuite (&#8230;)<a href=\"https:\/\/www.topsante.com\/medecine\/cancers\/cancer_du_poumon\/jignorais-quil-sagissait-dun-symptome-du-cancer-du-poumon-et-jetais-medecin-generaliste-897351?utm_campaign=partenariat&amp;utm_source=yahoo-articles&amp;utm_medium=flux\" rel=\"nofollow noopener\" target=\"_blank\" data-ylk=\"slk:Lire la suite sur Top Sant\u00e9;elm:context_link;itc:0;sec:content-canvas\" class=\"link \">Lire la suite sur Top Sant\u00e9<\/a><a href=\"https:\/\/www.topsante.com\/medecine\/votre_sante_vous\/si-cette-couleur-est-votre-couleur-preferee-il-se-pourrait-que-vous-ayez-un-qi-eleve-917412?utm_campaign=partenariat&amp;utm_source=yahoo-articles&amp;utm_medium=flux\" rel=\"nofollow noopener\" target=\"_blank\" data-ylk=\"slk:Si cette couleur est votre couleur pr\u00e9f\u00e9r\u00e9e, il se pourrait que vous ayez un QI \u00e9lev\u00e9;elm:context_link;itc:0;sec:content-canvas\" class=\"link \">Si cette couleur est votre couleur pr\u00e9f\u00e9r\u00e9e, il se pourrait que vous ayez un QI \u00e9lev\u00e9<\/a><br \/><a href=\"https:\/\/www.topsante.com\/minceur\/perdre_du_poids\/les_bons_reflexes_minceur\/une-infirmiere-de-21-ans-a-perdu-la-moitie-de-son-poids-grace-a-ce-petit-dejeuner-quelle-a-pris-chaque-matin-pendant-un-an-917499?utm_campaign=partenariat&amp;utm_source=yahoo-articles&amp;utm_medium=flux\" rel=\"nofollow noopener\" target=\"_blank\" data-ylk=\"slk:Une infirmi\u00e8re de 21 ans a perdu la moiti\u00e9 de son poids gr\u00e2ce \u00e0 ce petit-d\u00e9jeuner qu&#039;elle a pris chaque matin pendant un an;elm:context_link;itc:0;sec:content-canvas\" class=\"link \">Une infirmi\u00e8re de 21 ans a perdu la moiti\u00e9 de son poids gr\u00e2ce \u00e0 ce petit-d\u00e9jeuner qu&rsquo;elle a pris chaque matin pendant un an<\/a><br \/><a href=\"https:\/\/www.topsante.com\/nutrition_et_recettes\/bien_choisir_ses_aliments\/decrypter_les_etiquettes\/10-de-vie-en-moins-lerreur-nutritionnelle-que-nous-faisons-tous-917451?utm_campaign=partenariat&amp;utm_source=yahoo-articles&amp;utm_medium=flux\" rel=\"nofollow noopener\" target=\"_blank\" data-ylk=\"slk:10 % de vie en moins : l&#039;erreur nutritionnelle que nous faisons tous;elm:context_link;itc:0;sec:content-canvas\" class=\"link \">10 % de vie en moins : l&rsquo;erreur nutritionnelle que nous faisons tous<\/a><br \/><a href=\"https:\/\/www.topsante.com\/minceur\/perdre_du_poids\/les_bons_reflexes_minceur\/des-scientifiques-de-stanford-decouvrent-une-astuce-interessante-pour-le-dejeuner-qui-peut-vous-aider-a-rester-mince-917445?utm_campaign=partenariat&amp;utm_source=yahoo-articles&amp;utm_medium=flux\" rel=\"nofollow noopener\" target=\"_blank\" data-ylk=\"slk:Des scientifiques de Stanford d\u00e9couvrent une astuce int\u00e9ressante pour le d\u00e9jeuner qui peut vous aider \u00e0 rester mince;elm:context_link;itc:0;sec:content-canvas\" class=\"link \">Des scientifiques de Stanford d\u00e9couvrent une astuce int\u00e9ressante pour le d\u00e9jeuner qui peut vous aider \u00e0 rester mince<\/a><br \/><a href=\"https:\/\/www.topsante.com\/nutrition_et_recettes\/bien_choisir_ses_aliments\/laliment-n1-qui-fait-grimper-le-cholesterol-a-eviter-au-petit-dejeuner-selon-une-cardiologue-891574?utm_campaign=partenariat&amp;utm_source=yahoo-articles&amp;utm_medium=flux\" rel=\"nofollow noopener\" target=\"_blank\" data-ylk=\"slk:L&#039;aliment n\u00b01 -qui fait grimper le cholest\u00e9rol- \u00e0 \u00e9viter au petit-d\u00e9jeuner selon une cardiologue;elm:context_link;itc:0;sec:content-canvas\" class=\"link \">L&rsquo;aliment n\u00b01 -qui fait grimper le cholest\u00e9rol- \u00e0 \u00e9viter au petit-d\u00e9jeuner selon une cardiologue<\/a><\/p>\n","protected":false},"excerpt":{"rendered":"Pr\u00e8s de 53 000 personnes ont re\u00e7u un diagnostic de cancer du poumon en 2023 en France. Ce&hellip;\n","protected":false},"author":2,"featured_media":159183,"comment_status":"","ping_status":"","sticky":false,"template":"","format":"standard","meta":{"footnotes":""},"categories":[10],"tags":[101,8203,29029,1011,27,72,29030,71],"class_list":{"0":"post-159182","1":"post","2":"type-post","3":"status-publish","4":"format-standard","5":"has-post-thumbnail","7":"category-sante","8":"tag-cancer","9":"tag-cancer-du-poumon","10":"tag-facteurs-environnementaux","11":"tag-fr","12":"tag-france","13":"tag-health","14":"tag-sally-hall","15":"tag-sante"},"share_on_mastodon":{"url":"https:\/\/pubeurope.com\/@fr\/114643811913743270","error":""},"_links":{"self":[{"href":"https:\/\/www.europesays.com\/fr\/wp-json\/wp\/v2\/posts\/159182","targetHints":{"allow":["GET"]}}],"collection":[{"href":"https:\/\/www.europesays.com\/fr\/wp-json\/wp\/v2\/posts"}],"about":[{"href":"https:\/\/www.europesays.com\/fr\/wp-json\/wp\/v2\/types\/post"}],"author":[{"embeddable":true,"href":"https:\/\/www.europesays.com\/fr\/wp-json\/wp\/v2\/users\/2"}],"replies":[{"embeddable":true,"href":"https:\/\/www.europesays.com\/fr\/wp-json\/wp\/v2\/comments?post=159182"}],"version-history":[{"count":0,"href":"https:\/\/www.europesays.com\/fr\/wp-json\/wp\/v2\/posts\/159182\/revisions"}],"wp:featuredmedia":[{"embeddable":true,"href":"https:\/\/www.europesays.com\/fr\/wp-json\/wp\/v2\/media\/159183"}],"wp:attachment":[{"href":"https:\/\/www.europesays.com\/fr\/wp-json\/wp\/v2\/media?parent=159182"}],"wp:term":[{"taxonomy":"category","embeddable":true,"href":"https:\/\/www.europesays.com\/fr\/wp-json\/wp\/v2\/categories?post=159182"},{"taxonomy":"post_tag","embeddable":true,"href":"https:\/\/www.europesays.com\/fr\/wp-json\/wp\/v2\/tags?post=159182"}],"curies":[{"name":"wp","href":"https:\/\/api.w.org\/{rel}","templated":true}]}}