{"id":159190,"date":"2025-06-07T19:51:11","date_gmt":"2025-06-07T19:51:11","guid":{"rendered":"https:\/\/www.europesays.com\/fr\/159190\/"},"modified":"2025-06-07T19:51:11","modified_gmt":"2025-06-07T19:51:11","slug":"ces-grands-vins-dexception-que-les-amateurs-francais-ignorent","status":"publish","type":"post","link":"https:\/\/www.europesays.com\/fr\/159190\/","title":{"rendered":"ces grands vins d\u2019exception que les amateurs fran\u00e7ais ignorent"},"content":{"rendered":"<p><strong>D\u00c9CRYPTAGE <\/strong>\u2013 Apr\u00e8s avoir connu leur \u00e2ge d\u2019or au sein des plus grandes cours royales europ\u00e9ennes, dot\u00e9s d\u2019un potentiel de garde de plusieurs si\u00e8cles, les vins fortifi\u00e9s connaissent une cote de popularit\u00e9 croissante sur les march\u00e9s \u00e9trangers, dans la plus grande indiff\u00e9rence du public fran\u00e7ais. Voici pourquoi.<\/p>\n<p class=\"fig-paragraph\"><a href=\"https:\/\/avis-vin.lefigaro.fr\/connaitre-deguster\/o156861-qu-est-ce-que-le-xeres-ce-grand-vin-si-sous-cote\" target=\"_blank\" data-fig-type=\"Article\" rel=\"noopener\" data-gtm-custom-categorie=\"navigation\" data-gtm-custom-action=\"crossclick\" data-gtm-custom-label=\"Contextuel\" data-gtm-event=\"customEventSPE\" data-fig-domain=\"AVIS_VIN\">X\u00e9r\u00e8s<\/a>,\u00a0<a href=\"https:\/\/avis-vin.lefigaro.fr\/economie-du-vin\/au-portugal-le-porto-en-plein-desarroi-face-a-une-consommation-qui-n-en-finit-plus-de-baisser-20241015\" target=\"_blank\" data-fig-type=\"Article\" rel=\"noopener\" data-gtm-custom-categorie=\"navigation\" data-gtm-custom-action=\"crossclick\" data-gtm-custom-label=\"Contextuel\" data-gtm-event=\"customEventSPE\" data-fig-domain=\"AVIS_VIN\">portos<\/a>,\u00a0<a href=\"https:\/\/avis-vin.lefigaro.fr\/connaitre-deguster\/o156886-qu-est-ce-que-le-madere-et-pourquoi-est-il-injustement-meconnu\" target=\"_blank\" data-fig-type=\"Article\" rel=\"noopener\" data-gtm-custom-categorie=\"navigation\" data-gtm-custom-action=\"crossclick\" data-gtm-custom-label=\"Contextuel\" data-gtm-event=\"customEventSPE\" data-fig-domain=\"AVIS_VIN\">mad\u00e8res<\/a>\u2026 Il faut imaginer des vins issus de terroirs parmi les plus nobles d\u2019Europe, dont l\u2019\u00e9laboration requiert un savoir-faire exceptionnel, d\u2019une grande profondeur aromatique, capables d\u2019\u00eatre bus jusqu\u2019\u00e0 plusieurs semaines apr\u00e8s ouverture, conserv\u00e9s des d\u00e9cennies en cave\u2026 et disponibles en ligne, en cave ou en supermarch\u00e9s, parfois \u00e0 moins de 20 euros. Une aubaine pour les collectionneurs fran\u00e7ais bien renseign\u00e9s, qui se gardent bien d\u2019en faire la publicit\u00e9. Mais comme souvent en mati\u00e8re de tendances, la France ne figure pas dans les rangs de l\u2019avant-garde. \u00c0 l\u2019inverse, les pays anglo-saxons et l\u2019Asie apparaissent aux analystes comme de v\u00e9ritables boules de cristal, afin d\u2019anticiper celles qui atteindront nos contr\u00e9es dans un futur plus ou moins proche.<\/p>\n<p class=\"fig-premium-paywall__infos\">\n        Cet article est r\u00e9serv\u00e9 aux abonn\u00e9s.        Il vous reste 86% \u00e0 d\u00e9couvrir.\n    <\/p>\n<p>                <img  data- alt=\"Le Figaro\" class=\"fig-img--complete fig-img\"\/><\/p>\n<p class=\"fig-premium-paywall__title\">Vente Flash<\/p>\n<p class=\"fig-premium-paywall__subtitle\">3,99\u20ac par mois pendant 12 mois. Sans engagement.<\/p>\n<p class=\"fig-premium-paywall__connect\">\n                D\u00e9j\u00e0 abonn\u00e9\u00a0?                <a class=\"fig-premium-paywall__connect-link\" href=\"https:\/\/connect.lefigaro.fr\/login?client=vin_web&amp;type=main&amp;redirect_uri=https%3A%2F%2Favis-vin.lefigaro.fr%2Fconnaitre-deguster%2Fa-l-etranger-leur-cote-explose-ces-grands-vins-d-exception-que-les-amateurs-francais-ignorent-20250607\" data-js-gtm=\"{&quot;customCategorie&quot;: &quot;conversion&quot;, &quot;customAction&quot;: &quot;before_Landing_Connexion_paywall_manuel&quot;, &quot;customLabel&quot;: &quot;YXZpcy12aW4ubGVmaWdhcm8uZnJfXzFmMDQzMGRkLWUxYTQtNjA3YS05ODYxLWFmNTU5ZTE3YTYxOV9fQXJ0aWNsZQ==_\u00ab\u00c0 l\u2019\u00e9tranger, leur cote explose\u00bb\u00a0: ces grands vins d\u2019exception que les amateurs fran\u00e7ais ignorent_1867&quot;, &quot;customIDSPE&quot;: &quot;YXZpcy12aW4ubGVmaWdhcm8uZnJfXzFmMDQzMGRkLWUxYTQtNjA3YS05ODYxLWFmNTU5ZTE3YTYxOV9fQXJ0aWNsZQ==&quot;, &quot;event&quot;: &quot;customEventSPE&quot;}\" target=\"_blank\" rel=\"noopener\"><br \/>\n                    Connectez-vous<br \/>\n                <\/a>\n            <\/p>\n","protected":false},"excerpt":{"rendered":"D\u00c9CRYPTAGE \u2013 Apr\u00e8s avoir connu leur \u00e2ge d\u2019or au sein des plus grandes cours royales europ\u00e9ennes, dot\u00e9s d\u2019un&hellip;\n","protected":false},"author":2,"featured_media":159191,"comment_status":"","ping_status":"","sticky":false,"template":"","format":"standard","meta":{"footnotes":""},"categories":[6],"tags":[35,12635,25373,29031,33,34,4464,1011,27,4463,18830,1662],"class_list":{"0":"post-159190","1":"post","2":"type-post","3":"status-publish","4":"format-standard","5":"has-post-thumbnail","7":"category-economie","8":"tag-business","9":"tag-comprendre","10":"tag-connaitre","11":"tag-deguster","12":"tag-economie","13":"tag-economy","14":"tag-figaro-vin","15":"tag-fr","16":"tag-france","17":"tag-guide","18":"tag-tendances","19":"tag-vin"},"share_on_mastodon":{"url":"https:\/\/pubeurope.com\/@fr\/114643827653087842","error":""},"_links":{"self":[{"href":"https:\/\/www.europesays.com\/fr\/wp-json\/wp\/v2\/posts\/159190","targetHints":{"allow":["GET"]}}],"collection":[{"href":"https:\/\/www.europesays.com\/fr\/wp-json\/wp\/v2\/posts"}],"about":[{"href":"https:\/\/www.europesays.com\/fr\/wp-json\/wp\/v2\/types\/post"}],"author":[{"embeddable":true,"href":"https:\/\/www.europesays.com\/fr\/wp-json\/wp\/v2\/users\/2"}],"replies":[{"embeddable":true,"href":"https:\/\/www.europesays.com\/fr\/wp-json\/wp\/v2\/comments?post=159190"}],"version-history":[{"count":0,"href":"https:\/\/www.europesays.com\/fr\/wp-json\/wp\/v2\/posts\/159190\/revisions"}],"wp:featuredmedia":[{"embeddable":true,"href":"https:\/\/www.europesays.com\/fr\/wp-json\/wp\/v2\/media\/159191"}],"wp:attachment":[{"href":"https:\/\/www.europesays.com\/fr\/wp-json\/wp\/v2\/media?parent=159190"}],"wp:term":[{"taxonomy":"category","embeddable":true,"href":"https:\/\/www.europesays.com\/fr\/wp-json\/wp\/v2\/categories?post=159190"},{"taxonomy":"post_tag","embeddable":true,"href":"https:\/\/www.europesays.com\/fr\/wp-json\/wp\/v2\/tags?post=159190"}],"curies":[{"name":"wp","href":"https:\/\/api.w.org\/{rel}","templated":true}]}}