{"id":159194,"date":"2025-06-07T19:53:11","date_gmt":"2025-06-07T19:53:11","guid":{"rendered":"https:\/\/www.europesays.com\/fr\/159194\/"},"modified":"2025-06-07T19:53:11","modified_gmt":"2025-06-07T19:53:11","slug":"face-aux-abattages-clandestins-la-traque-des-bouchers-de-lombre","status":"publish","type":"post","link":"https:\/\/www.europesays.com\/fr\/159194\/","title":{"rendered":"face aux abattages clandestins, la traque des bouchers de l\u2019ombre"},"content":{"rendered":"<p><strong>REPORTAGE &#8211;<\/strong> L\u2019\u00c9tat lutte chaque ann\u00e9e contre la d\u00e9tention et l\u2019abattage ill\u00e9gaux de moutons en marge de la f\u00eate \u00abdu sacrifice\u00bb. Le Figaro a pu assister en exclusivit\u00e9 \u00e0 ces interventions discr\u00e8tes, souvent sous tension.<\/p>\n<p class=\"fig-paragraph\">Le v\u00e9hicule de police patiente au milieu des vignes, gyrophares allum\u00e9s. \u00c0 l\u2019arriv\u00e9e de la b\u00e9taill\u00e8re blanche, sigl\u00e9e de la Fondation Brigitte Bardot (FBB), les agents empruntent le sentier pour la guider jusqu\u2019\u00e0 l\u2019enclos. \u00abUn flagrant d\u00e9lit. Une soixantaine de moutons dont la moiti\u00e9 encore vivants\u00bb, a simplement indiqu\u00e9 au t\u00e9l\u00e9phone la v\u00e9t\u00e9rinaire de la Direction d\u00e9partementale de la Protection des populations (DDPP). La remorque cahote jusqu\u2019\u00e0 un grand terrain vague. Dans ce coin de Provence, au milieu des d\u00e9tritus, entre une baignoire vautr\u00e9e et de vieilles machines d\u00e9membr\u00e9es, de gros moutons blancs se pressent derri\u00e8re un grillage sous le regard blas\u00e9 d\u2019un malinois encha\u00een\u00e9. Sous un arbre, deux agneaux \u00e0 la laine \u00e9paisse b\u00ealent \u00e0 c\u00f4t\u00e9 d\u2019un adulte couch\u00e9 au sol, d\u00e9shydrat\u00e9. Un autre g\u00eet, inerte, au pied d\u2019une potence.<\/p>\n<p class=\"fig-paragraph\">Les agents de police municipale et de gendarmerie ont pris ce couple de Marocains en flagrant d\u00e9lit d\u2019\u00e9levage clandestin, avec soup\u00e7on d\u2019abattage ill\u00e9gal. Des infractions\u2026<\/p>\n<p class=\"fig-premium-paywall__infos\">\n        Cet article est r\u00e9serv\u00e9 aux abonn\u00e9s.        Il vous reste 91% \u00e0 d\u00e9couvrir.\n    <\/p>\n<p>                <img  data- alt=\"Le Figaro\" class=\"fig-img--complete fig-img\"\/><\/p>\n<p class=\"fig-premium-paywall__title\">Vente Flash<\/p>\n<p class=\"fig-premium-paywall__subtitle\">3,99\u20ac par mois pendant 12 mois. Sans engagement.<\/p>\n<p class=\"fig-premium-paywall__connect\">\n                D\u00e9j\u00e0 abonn\u00e9\u00a0?                <a class=\"fig-premium-paywall__connect-link\" href=\"https:\/\/connect.lefigaro.fr\/login?client=horizon_web&amp;type=main&amp;redirect_uri=https%3A%2F%2Fwww.lefigaro.fr%2Factualite-france%2Faid-el-kebir-face-aux-abattages-clandestins-la-traque-des-bouchers-de-l-ombre-20250607\" data-js-gtm=\"{&quot;customCategorie&quot;: &quot;conversion&quot;, &quot;customAction&quot;: &quot;before_Landing_Connexion_paywall_auto&quot;, &quot;customLabel&quot;: &quot;bGVmaWdhcm8uZnJfXzFmMDQzODQ4LWE5NjMtNmMzNC1iOTllLWY3NDU0OGIxOTc2N19fQXJ0aWNsZQ==_A\u00efd-el-K\u00e9bir\u00a0: face aux abattages clandestins, la traque des bouchers de l\u2019ombre_167&quot;, &quot;customIDSPE&quot;: &quot;bGVmaWdhcm8uZnJfXzFmMDQzODQ4LWE5NjMtNmMzNC1iOTllLWY3NDU0OGIxOTc2N19fQXJ0aWNsZQ==&quot;, &quot;event&quot;: &quot;customEventSPE&quot;}\" target=\"_blank\" rel=\"noopener\"><br \/>\n                    Connectez-vous<br \/>\n                <\/a>\n            <\/p>\n","protected":false},"excerpt":{"rendered":"REPORTAGE &#8211; L\u2019\u00c9tat lutte chaque ann\u00e9e contre la d\u00e9tention et l\u2019abattage ill\u00e9gaux de moutons en marge de la&hellip;\n","protected":false},"author":2,"featured_media":159195,"comment_status":"","ping_status":"","sticky":false,"template":"","format":"standard","meta":{"footnotes":""},"categories":[4],"tags":[47,1058,1054,1059,1060,1055,11,1057,118,1011,27,1061,5318,303,12,1062,10595,25,656,104,1056,809],"class_list":{"0":"post-159194","1":"post","2":"type-post","3":"status-publish","4":"format-standard","5":"has-post-thumbnail","7":"category-france","8":"tag-actualite","9":"tag-actualite-education","10":"tag-actualite-france","11":"tag-actualite-justice","12":"tag-actualite-securite","13":"tag-actualite-societe","14":"tag-actualites","15":"tag-education","16":"tag-faits-divers","17":"tag-fr","18":"tag-france","19":"tag-immigration","20":"tag-islam","21":"tag-justice","22":"tag-news","23":"tag-polemique","24":"tag-protection-animale","25":"tag-republique-francaise","26":"tag-securite","27":"tag-societe","28":"tag-societe-francaise","29":"tag-violence"},"share_on_mastodon":{"url":"https:\/\/pubeurope.com\/@fr\/114643835576829809","error":""},"_links":{"self":[{"href":"https:\/\/www.europesays.com\/fr\/wp-json\/wp\/v2\/posts\/159194","targetHints":{"allow":["GET"]}}],"collection":[{"href":"https:\/\/www.europesays.com\/fr\/wp-json\/wp\/v2\/posts"}],"about":[{"href":"https:\/\/www.europesays.com\/fr\/wp-json\/wp\/v2\/types\/post"}],"author":[{"embeddable":true,"href":"https:\/\/www.europesays.com\/fr\/wp-json\/wp\/v2\/users\/2"}],"replies":[{"embeddable":true,"href":"https:\/\/www.europesays.com\/fr\/wp-json\/wp\/v2\/comments?post=159194"}],"version-history":[{"count":0,"href":"https:\/\/www.europesays.com\/fr\/wp-json\/wp\/v2\/posts\/159194\/revisions"}],"wp:featuredmedia":[{"embeddable":true,"href":"https:\/\/www.europesays.com\/fr\/wp-json\/wp\/v2\/media\/159195"}],"wp:attachment":[{"href":"https:\/\/www.europesays.com\/fr\/wp-json\/wp\/v2\/media?parent=159194"}],"wp:term":[{"taxonomy":"category","embeddable":true,"href":"https:\/\/www.europesays.com\/fr\/wp-json\/wp\/v2\/categories?post=159194"},{"taxonomy":"post_tag","embeddable":true,"href":"https:\/\/www.europesays.com\/fr\/wp-json\/wp\/v2\/tags?post=159194"}],"curies":[{"name":"wp","href":"https:\/\/api.w.org\/{rel}","templated":true}]}}