{"id":159202,"date":"2025-06-07T19:57:28","date_gmt":"2025-06-07T19:57:28","guid":{"rendered":"https:\/\/www.europesays.com\/fr\/159202\/"},"modified":"2025-06-07T19:57:28","modified_gmt":"2025-06-07T19:57:28","slug":"nancy-plus-de-2000-personnes-dans-le-cortege-de-la-marche-des-fiertes","status":"publish","type":"post","link":"https:\/\/www.europesays.com\/fr\/159202\/","title":{"rendered":"Nancy. Plus de 2000 personnes dans le cort\u00e8ge de la marche des fiert\u00e9s"},"content":{"rendered":"<p>Depuis la place carri\u00e8re o\u00f9 se sont encha\u00een\u00e9es les paroles militantes et politis\u00e9s s\u2019est \u00e9lanc\u00e9e la marche des fiert\u00e9s 2025, riche des plusieurs milliers de personnes.\u00a0Direction le centre ville par la rue Saint-Dizier avant de revenir vers la rue Stanislas.<\/p>\n<p>Environ\u00a02\u00a0000 personnes selon la Police mais sans doute plus sur l&rsquo;apr\u00e8s-midi, ont chant\u00e9, scand\u00e9 et dans\u00e9 dans le cort\u00e8ge et place de la Carri\u00e8re ce samedi \u00e0 Nancy.<\/p>\n","protected":false},"excerpt":{"rendered":"Depuis la place carri\u00e8re o\u00f9 se sont encha\u00een\u00e9es les paroles militantes et politis\u00e9s s\u2019est \u00e9lanc\u00e9e la marche des&hellip;\n","protected":false},"author":2,"featured_media":159203,"comment_status":"","ping_status":"","sticky":false,"template":"","format":"standard","meta":{"footnotes":""},"categories":[9635],"tags":[1111,11,1687,1704,1777,674,3326,1011,27,775,1702,1703,12,25],"class_list":{"0":"post-159202","1":"post","2":"type-post","3":"status-publish","4":"format-standard","5":"has-post-thumbnail","7":"category-nancy","8":"tag-actu","9":"tag-actualites","10":"tag-culture-loisirs","11":"tag-edition-nancy-et-agglomeration","12":"tag-eu","13":"tag-europe","14":"tag-fete-locale","15":"tag-fr","16":"tag-france","17":"tag-grand-est","18":"tag-nancy","19":"tag-nancy-ville-54b","20":"tag-news","21":"tag-republique-francaise"},"share_on_mastodon":{"url":"","error":""},"_links":{"self":[{"href":"https:\/\/www.europesays.com\/fr\/wp-json\/wp\/v2\/posts\/159202","targetHints":{"allow":["GET"]}}],"collection":[{"href":"https:\/\/www.europesays.com\/fr\/wp-json\/wp\/v2\/posts"}],"about":[{"href":"https:\/\/www.europesays.com\/fr\/wp-json\/wp\/v2\/types\/post"}],"author":[{"embeddable":true,"href":"https:\/\/www.europesays.com\/fr\/wp-json\/wp\/v2\/users\/2"}],"replies":[{"embeddable":true,"href":"https:\/\/www.europesays.com\/fr\/wp-json\/wp\/v2\/comments?post=159202"}],"version-history":[{"count":0,"href":"https:\/\/www.europesays.com\/fr\/wp-json\/wp\/v2\/posts\/159202\/revisions"}],"wp:featuredmedia":[{"embeddable":true,"href":"https:\/\/www.europesays.com\/fr\/wp-json\/wp\/v2\/media\/159203"}],"wp:attachment":[{"href":"https:\/\/www.europesays.com\/fr\/wp-json\/wp\/v2\/media?parent=159202"}],"wp:term":[{"taxonomy":"category","embeddable":true,"href":"https:\/\/www.europesays.com\/fr\/wp-json\/wp\/v2\/categories?post=159202"},{"taxonomy":"post_tag","embeddable":true,"href":"https:\/\/www.europesays.com\/fr\/wp-json\/wp\/v2\/tags?post=159202"}],"curies":[{"name":"wp","href":"https:\/\/api.w.org\/{rel}","templated":true}]}}