{"id":159206,"date":"2025-06-07T19:59:10","date_gmt":"2025-06-07T19:59:10","guid":{"rendered":"https:\/\/www.europesays.com\/fr\/159206\/"},"modified":"2025-06-07T19:59:10","modified_gmt":"2025-06-07T19:59:10","slug":"on-na-plus-quun-seul-medecin-et-il-a-plus-de-80-ans-les-habitants-de-ce-quartier-de-toulon-agaces-par-le-status-quo-du-pole-sante","status":"publish","type":"post","link":"https:\/\/www.europesays.com\/fr\/159206\/","title":{"rendered":"\u00ab\u00a0On n\u2019a plus qu\u2019un seul m\u00e9decin et il a plus de 80 ans\u00a0\u00bb: les habitants de ce quartier de Toulon agac\u00e9s par le status quo du p\u00f4le sant\u00e9"},"content":{"rendered":"<p>La cr\u00e9ation du p\u00f4le sant\u00e9 a concentr\u00e9 les d\u00e9bats \u00e0 l\u2019assembl\u00e9e g\u00e9n\u00e9rale du comit\u00e9 d\u2019int\u00e9r\u00eat local (CIL) Claret, Les Lices, Mont\u00e9ty, Sainte-Anne Val Fleuri (300 adh\u00e9rents environ). Genevi\u00e8ve Levy, adjointe \u00e0 la politique de la ville, \u00e9tait particuli\u00e8rement attendue. D\u00e8s son arriv\u00e9e, les questions ont fus\u00e9: \u00ab\u00a0O\u00f9 en est-on de ce projet qui n\u2019avance pas?\u00a0\u00bb, \u00ab\u00a0Va-t-il exister un jour?\u00a0\u00bb<\/p>\n<p>\u00ab\u00a0Les plans propos\u00e9s ne correspondent pas \u00e0 la topographie du terrain\u00a0\u00bb, a r\u00e9pondu l\u2019adjointe. \u00ab\u00a0Cela fait trois mois qu\u2019on attend une r\u00e9ponse de vos services\u00a0\u00bb, a r\u00e9pliqu\u00e9 la pr\u00e9sidente, Vanessa Hanna. \u00ab\u00a0On vous avait envoy\u00e9 les projets de l\u2019architecte. Cela fait quatre ans qu\u2019on travaille dessus. Force est de constater que pour la fourri\u00e8re, \u00e7a va plus vite que pour le p\u00f4le sant\u00e9!\u00a0\u00bb (applaudissements dans la salle). \u00ab\u00a0On fait le maximum pour que le dossier avance. Mais votre architecte ne nous aime pas en mairie. Il dit qu\u2019on le fait travailler pour rien!\u00a0\u00bb, s\u2019est d\u00e9fendue Mme Levy.<\/p>\n<p><strong>\u00ab\u00a0Il y a des docteurs qui ne demandent qu\u2019\u00e0 venir\u00a0\u00bb<\/strong><\/p>\n<p>\u00a0\u00bb Toujours est-il que tout \u00e7a co\u00fbte de l\u2019argent. Heureusement, la maire, Mme Massi, fait tout pour nous aider\u00a0\u00bb, a pr\u00e9cis\u00e9 la pr\u00e9sidente du CIL. \u00ab\u00a0Et moi non?\u00a0\u00bb \u00a0\u00bb Vous avez le terrain. Nous, \u00e0 Claret, on veut des m\u00e9decins!\u00a0\u00bb, s\u2019est emport\u00e9e une habitante. \u00ab\u00a0Le sujet est trop grave. Dans le quartier, on n\u2019a plus qu\u2019un seul m\u00e9decin et il a plus de 80 ans.\u00a0\u00bb Laurent Bonnet, adjoint charg\u00e9 de la sant\u00e9, a tent\u00e9 d\u2019apaiser les d\u00e9bats, <a href=\"https:\/\/www.varmatin.com\/vie-locale\/sos-pour-un-medecin-a-claret-valbourdin-945507\" rel=\"nofollow noopener\" target=\"_blank\">reconnaissant \u00ab\u00a0un point bloquant\u00a0\u00bb<\/a> Et une membre du bureau du CIL de conclure: \u00ab\u00a0Il y a des docteurs qui ne demandent qu\u2019\u00e0 venir travailler ici. Et on ne fait rien&#8230; Aujourd\u2019hui, on dit quoi aux gens?\u00a0\u00bb<\/p>\n<p><strong>Le projet de fourri\u00e8re ne fait pas l\u2019unanimit\u00e9<\/strong><\/p>\n<p>Quelle \u00e9volution pour le site du Parc auto? C\u2019\u00e9tait la question pos\u00e9e par le CIL aux \u00e9lus toulonnais, venus r\u00e9pondre aux pr\u00e9occupations des habitants de Claret. Marcelle Gherardi, adjointe en charge des structures municipales de quartier, a apport\u00e9 quelques infos. \u00ab\u00a0La fourri\u00e8re va se faire et elle va profiter \u00e0 votre quartier, aux commer\u00e7ants&#8230; Le site sera s\u00e9curis\u00e9. On esp\u00e8re d\u00e9buter en fin d\u2019ann\u00e9e.\u00a0\u00bb<\/p>\n<p>\u00a0\u00bb On n\u2019a d\u00e9j\u00e0 pas de places pour se garer. Est-ce que cette fourri\u00e8re va changer quelque chose? Pas s\u00fbr\u00a0\u00bb, a lanc\u00e9 un habitant au micro. \u00ab\u00a0Les gens qui travaillent au tribunal se garent ici. Ceux qui veulent rejoindre la gare aussi. Et nous, on se met o\u00f9? Si, en plus, vous nous enlevez nos voitures&#8230;\u00a0\u00bb Manon Fortias, conseill\u00e8re municipale, a r\u00e9pondu que \u00ab\u00a0600 places \u00e9taient disponibles au parking du Z\u00e9nith \u00e0 des tarifs tr\u00e8s abordables.\u00a0\u00bb<\/p>\n<p><strong>Police et cam\u00e9ra<\/strong><\/p>\n<p>Ce terrain de stockage de v\u00e9hicules se trouvera sur l\u2019ancien site industriel Descours et Cabaud, pr\u00e8s de la voie ferr\u00e9e. L\u2019actuelle fourri\u00e8re municipale de l\u2019Aguillon devrait donc d\u00e9m\u00e9nager. \u00ab\u00a0Nous, on veut un p\u00f4le sant\u00e9 plut\u00f4t qu\u2019une fourri\u00e8re! C\u2019est plus utile\u00a0\u00bb, a fait remarquer une habitante. Beaucoup de personnes dans la salle l\u2019ont approuv\u00e9e.<\/p>\n<p>Le CIL a \u00e9galement demand\u00e9 l\u2019installation d\u2019une cam\u00e9ra de surveillance au carrefour entre l\u2019avenue de Claret et la rue Adolphe-Bony. Il a f\u00e9licit\u00e9 la mairie pour ses efforts en mati\u00e8re de s\u00e9curit\u00e9 au niveau du square De Broglie: \u00ab\u00a0Il y a davantage de passages de patrouilles de police, c\u2019est bien\u00a0\u00bb, a indiqu\u00e9 la pr\u00e9sidente du CIL.<\/p>\n","protected":false},"excerpt":{"rendered":"La cr\u00e9ation du p\u00f4le sant\u00e9 a concentr\u00e9 les d\u00e9bats \u00e0 l\u2019assembl\u00e9e g\u00e9n\u00e9rale du comit\u00e9 d\u2019int\u00e9r\u00eat local (CIL) Claret,&hellip;\n","protected":false},"author":2,"featured_media":159207,"comment_status":"","ping_status":"","sticky":false,"template":"","format":"standard","meta":{"footnotes":""},"categories":[9619],"tags":[1111,11,1777,674,1011,27,12,882,25,2310,3366],"class_list":{"0":"post-159206","1":"post","2":"type-post","3":"status-publish","4":"format-standard","5":"has-post-thumbnail","7":"category-toulon","8":"tag-actu","9":"tag-actualites","10":"tag-eu","11":"tag-europe","12":"tag-fr","13":"tag-france","14":"tag-news","15":"tag-provence-alpes-cote-dazur","16":"tag-republique-francaise","17":"tag-toulon","18":"tag-vie-locale"},"share_on_mastodon":{"url":"https:\/\/pubeurope.com\/@fr\/114643859143043267","error":""},"_links":{"self":[{"href":"https:\/\/www.europesays.com\/fr\/wp-json\/wp\/v2\/posts\/159206","targetHints":{"allow":["GET"]}}],"collection":[{"href":"https:\/\/www.europesays.com\/fr\/wp-json\/wp\/v2\/posts"}],"about":[{"href":"https:\/\/www.europesays.com\/fr\/wp-json\/wp\/v2\/types\/post"}],"author":[{"embeddable":true,"href":"https:\/\/www.europesays.com\/fr\/wp-json\/wp\/v2\/users\/2"}],"replies":[{"embeddable":true,"href":"https:\/\/www.europesays.com\/fr\/wp-json\/wp\/v2\/comments?post=159206"}],"version-history":[{"count":0,"href":"https:\/\/www.europesays.com\/fr\/wp-json\/wp\/v2\/posts\/159206\/revisions"}],"wp:featuredmedia":[{"embeddable":true,"href":"https:\/\/www.europesays.com\/fr\/wp-json\/wp\/v2\/media\/159207"}],"wp:attachment":[{"href":"https:\/\/www.europesays.com\/fr\/wp-json\/wp\/v2\/media?parent=159206"}],"wp:term":[{"taxonomy":"category","embeddable":true,"href":"https:\/\/www.europesays.com\/fr\/wp-json\/wp\/v2\/categories?post=159206"},{"taxonomy":"post_tag","embeddable":true,"href":"https:\/\/www.europesays.com\/fr\/wp-json\/wp\/v2\/tags?post=159206"}],"curies":[{"name":"wp","href":"https:\/\/api.w.org\/{rel}","templated":true}]}}