{"id":159214,"date":"2025-06-07T20:05:12","date_gmt":"2025-06-07T20:05:12","guid":{"rendered":"https:\/\/www.europesays.com\/fr\/159214\/"},"modified":"2025-06-07T20:05:12","modified_gmt":"2025-06-07T20:05:12","slug":"metropole-de-grenoble-deux-blesses-dont-un-grave-lors-dune-sortie-de-route","status":"publish","type":"post","link":"https:\/\/www.europesays.com\/fr\/159214\/","title":{"rendered":"M\u00e9tropole de Grenoble. Deux bless\u00e9s dont un grave lors d\u2019une sortie de route"},"content":{"rendered":"<p>Un spectaculaire accident de la route s\u2019est produit dans le centre de Poisat, vendredi 6\u00a0juin peu avant 22 heures.<\/p>\n<p>Le conducteur d\u2019un v\u00e9hicule \u00e0 bord duquel se trouvait \u00e9galement un passager, a perdu le contr\u00f4le en s\u2019engageant sur le rond-point de la place des Roseaux, alors qu\u2019il roulait manifestement \u00e0 vive allure, et a percut\u00e9 un parapet en b\u00e9ton.<\/p>\n<p>Ce contenu est bloqu\u00e9 car vous n&rsquo;avez pas accept\u00e9 les cookies et autres traceurs.<\/p>\n<p>En cliquant sur \u00ab J\u2019accepte \u00bb, les cookies et autres traceurs seront d\u00e9pos\u00e9s et vous pourrez visualiser les contenus  (<a href=\"\" class=\"consentModule_policy\" target=\"_blank\" title=\"Consulter la politique de protection des donn\u00e9es du fournisseur\">plus d&rsquo;informations<\/a>).<\/p>\n<p>En cliquant sur \u00ab J\u2019accepte tous les cookies \u00bb, vous autorisez des d\u00e9p\u00f4ts de cookies et autres traceurs pour le stockage de vos donn\u00e9es sur nos sites et applications \u00e0 des fins de personnalisation et de ciblage publicitaire.<\/p>\n<p class=\"consentModule_secondaryText\">Vous gardez la possibilit\u00e9 de retirer votre consentement \u00e0 tout moment en consultant notre <a href=\"https:\/\/www.ledauphine.com\/protection-des-donnees\" target=\"_blank\" title=\"Consulter notre politique de protection des donn\u00e9es\" rel=\"noopener\">politique de protection des donn\u00e9es<\/a>. <br \/>&#13;<br \/>\n            <a href=\"https:\/\/www.ledauphine.com\/faits-divers-justice\/2025\/06\/07\/javascript:Didomi.notice.show()\" class=\"consentModule_cmp\" target=\"_blank\" rel=\"noopener\">G\u00e9rer mes choix<\/a>&#13;\n        <\/p>\n<p>&#13;<br \/>\n                        J&rsquo;accepte&#13;<br \/>\n            J&rsquo;accepte tous les cookies&#13;\n        <\/p>\n<p>L\u2019un des occupants du v\u00e9hicule a pu en sortir imm\u00e9diatement apr\u00e8s le choc en n\u2019\u00e9tant que l\u00e9g\u00e8rement bless\u00e9 mais l\u2019autre, un homme de 50 ans, a d\u00fb \u00eatre d\u00e9sincarc\u00e9r\u00e9 par les sapeurs-pompiers avant d\u2019\u00eatre m\u00e9dicalis\u00e9 par une \u00e9quipe du Samu 38 et conduit en urgence absolue au CHU Grenoble Alpes.<\/p>\n<p>Sur place, les gendarmes ont proc\u00e9d\u00e9 ont constatations d\u2019usage et ouvert une enqu\u00eate pour d\u00e9terminer les circonstances de cette sortie de route.<\/p>\n","protected":false},"excerpt":{"rendered":"Un spectaculaire accident de la route s\u2019est produit dans le centre de Poisat, vendredi 6\u00a0juin peu avant 22&hellip;\n","protected":false},"author":2,"featured_media":159215,"comment_status":"","ping_status":"","sticky":false,"template":"","format":"standard","meta":{"footnotes":""},"categories":[9566],"tags":[119,1111,11,2430,112,1777,674,274,107,1011,27,2731,108,7000,12,29032,25],"class_list":{"0":"post-159214","1":"post","2":"type-post","3":"status-publish","4":"format-standard","5":"has-post-thumbnail","7":"category-grenoble","8":"tag-accident","9":"tag-actu","10":"tag-actualites","11":"tag-auvergne-rhone-alpes","12":"tag-edition-grenoble-agglomeration","13":"tag-eu","14":"tag-europe","15":"tag-faits-divers-justice","16":"tag-fil-info","17":"tag-fr","18":"tag-france","19":"tag-grenoble","20":"tag-isere","21":"tag-lagglomeration","22":"tag-news","23":"tag-poisat","24":"tag-republique-francaise"},"share_on_mastodon":{"url":"https:\/\/pubeurope.com\/@fr\/114643882648106206","error":""},"_links":{"self":[{"href":"https:\/\/www.europesays.com\/fr\/wp-json\/wp\/v2\/posts\/159214","targetHints":{"allow":["GET"]}}],"collection":[{"href":"https:\/\/www.europesays.com\/fr\/wp-json\/wp\/v2\/posts"}],"about":[{"href":"https:\/\/www.europesays.com\/fr\/wp-json\/wp\/v2\/types\/post"}],"author":[{"embeddable":true,"href":"https:\/\/www.europesays.com\/fr\/wp-json\/wp\/v2\/users\/2"}],"replies":[{"embeddable":true,"href":"https:\/\/www.europesays.com\/fr\/wp-json\/wp\/v2\/comments?post=159214"}],"version-history":[{"count":0,"href":"https:\/\/www.europesays.com\/fr\/wp-json\/wp\/v2\/posts\/159214\/revisions"}],"wp:featuredmedia":[{"embeddable":true,"href":"https:\/\/www.europesays.com\/fr\/wp-json\/wp\/v2\/media\/159215"}],"wp:attachment":[{"href":"https:\/\/www.europesays.com\/fr\/wp-json\/wp\/v2\/media?parent=159214"}],"wp:term":[{"taxonomy":"category","embeddable":true,"href":"https:\/\/www.europesays.com\/fr\/wp-json\/wp\/v2\/categories?post=159214"},{"taxonomy":"post_tag","embeddable":true,"href":"https:\/\/www.europesays.com\/fr\/wp-json\/wp\/v2\/tags?post=159214"}],"curies":[{"name":"wp","href":"https:\/\/api.w.org\/{rel}","templated":true}]}}