{"id":159218,"date":"2025-06-07T20:07:27","date_gmt":"2025-06-07T20:07:27","guid":{"rendered":"https:\/\/www.europesays.com\/fr\/159218\/"},"modified":"2025-06-07T20:07:27","modified_gmt":"2025-06-07T20:07:27","slug":"450-vehicules-controles-sur-la-n12-entre-rennes-et-brest-par-les-gendarmes-et-la-douane","status":"publish","type":"post","link":"https:\/\/www.europesays.com\/fr\/159218\/","title":{"rendered":"450\u00a0v\u00e9hicules contr\u00f4l\u00e9s sur la N12, entre Rennes et Brest,\u00a0par les gendarmes et la douane"},"content":{"rendered":"<p>Pr\u00e8s de 450\u00a0v\u00e9hicules ont \u00e9t\u00e9 d\u00e9vi\u00e9s et <a href=\"https:\/\/brest.maville.com\/actu\/actudet_-un-controle-de-gendarmerie-sur-la-n12-pour-lutter-contre-l-immigration-irreguliere-_6-6736230_actu.Htm\" target=\"_blank\" rel=\"noopener\">contr\u00f4l\u00e9s sur l\u2019aire de Saint-Servais de la N12, dans le sens Morlaix-Brest,<\/a> jeudi 5\u00a0juin 2025. L\u2019op\u00e9ration s\u2019est d\u00e9roul\u00e9e de 20\u00a0h \u00e0 22\u00a0h et a mobilis\u00e9 vingt-trois gendarmes, dont le ma\u00eetre-chien de la brigade de Ch\u00e2teaulin, et\u00a0dix douaniers.<\/p>\n<p><strong>Lire aussi\u00a0:<\/strong> <a href=\"https:\/\/brest.maville.com\/actu\/actudet_-douane-et-gendarmerie-sur-la-n12-en-finistere-six-permis-retenus-pour-alcool-ou-stupefiants-_6-6575492_actu.Htm\" target=\"_blank\" rel=\"noopener\">Finist\u00e8re. Contr\u00f4le sur la N12\u00a0: un kilo de drogues d\u00e9couvert dans une voiture, six permis retenus<\/a><\/p>\n<p>C\u00f4t\u00e9 gendarmerie, le bilan fait \u00e9tat d\u2019une conduite d\u00e9lictuelle sous stup\u00e9fiants, deux alcool\u00e9mies au volant (une d\u00e9lictuelle et une contraventionnelle selon les taux), neuf d\u00e9fauts de contr\u00f4le technique, trois d\u2019assurance, un d\u00e9faut de permis de conduire en raison d\u2019une suspension, et une conduite de remorque sans le permis ad\u00e9quat.<\/p>\n<p>\u00a0<\/p>\n","protected":false},"excerpt":{"rendered":"Pr\u00e8s de 450\u00a0v\u00e9hicules ont \u00e9t\u00e9 d\u00e9vi\u00e9s et contr\u00f4l\u00e9s sur l\u2019aire de Saint-Servais de la N12, dans le sens&hellip;\n","protected":false},"author":2,"featured_media":159219,"comment_status":"","ping_status":"","sticky":false,"template":"","format":"standard","meta":{"footnotes":""},"categories":[2821],"tags":[29033,1111,11,3450,829,10787,981,1777,674,1011,27,13369,29034,12,3319,584,25,7727],"class_list":{"0":"post-159218","1":"post","2":"type-post","3":"status-publish","4":"format-standard","5":"has-post-thumbnail","7":"category-rennes","8":"tag-29033","9":"tag-actu","10":"tag-actualites","11":"tag-brest","12":"tag-bretagne","13":"tag-controles","14":"tag-douane","15":"tag-eu","16":"tag-europe","17":"tag-fr","18":"tag-france","19":"tag-gendarmes","20":"tag-n12","21":"tag-news","22":"tag-quimper","23":"tag-rennes","24":"tag-republique-francaise","25":"tag-vehicules"},"share_on_mastodon":{"url":"https:\/\/pubeurope.com\/@fr\/114643890563947875","error":""},"_links":{"self":[{"href":"https:\/\/www.europesays.com\/fr\/wp-json\/wp\/v2\/posts\/159218","targetHints":{"allow":["GET"]}}],"collection":[{"href":"https:\/\/www.europesays.com\/fr\/wp-json\/wp\/v2\/posts"}],"about":[{"href":"https:\/\/www.europesays.com\/fr\/wp-json\/wp\/v2\/types\/post"}],"author":[{"embeddable":true,"href":"https:\/\/www.europesays.com\/fr\/wp-json\/wp\/v2\/users\/2"}],"replies":[{"embeddable":true,"href":"https:\/\/www.europesays.com\/fr\/wp-json\/wp\/v2\/comments?post=159218"}],"version-history":[{"count":0,"href":"https:\/\/www.europesays.com\/fr\/wp-json\/wp\/v2\/posts\/159218\/revisions"}],"wp:featuredmedia":[{"embeddable":true,"href":"https:\/\/www.europesays.com\/fr\/wp-json\/wp\/v2\/media\/159219"}],"wp:attachment":[{"href":"https:\/\/www.europesays.com\/fr\/wp-json\/wp\/v2\/media?parent=159218"}],"wp:term":[{"taxonomy":"category","embeddable":true,"href":"https:\/\/www.europesays.com\/fr\/wp-json\/wp\/v2\/categories?post=159218"},{"taxonomy":"post_tag","embeddable":true,"href":"https:\/\/www.europesays.com\/fr\/wp-json\/wp\/v2\/tags?post=159218"}],"curies":[{"name":"wp","href":"https:\/\/api.w.org\/{rel}","templated":true}]}}